{"id":3525,"date":"2019-11-15T11:45:35","date_gmt":"2019-11-15T11:45:35","guid":{"rendered":"http:\/\/amurriobidean.eus\/datorren-azaroaren-20an-aurkeztuko-da-urte-honetako-lehenengo-seihilekoan-gure-udalerrian-egin-den-merkataritza-bideragarritasunaren-ikerketa\/"},"modified":"2019-11-15T11:50:11","modified_gmt":"2019-11-15T11:50:11","slug":"datorren-azaroaren-20an-aurkeztuko-da-urte-honetako-lehenengo-seihilekoan-gure-udalerrian-egin-den-merkataritza-bideragarritasunaren-ikerketa","status":"publish","type":"post","link":"https:\/\/amurriobidean.org\/es\/datorren-azaroaren-20an-aurkeztuko-da-urte-honetako-lehenengo-seihilekoan-gure-udalerrian-egin-den-merkataritza-bideragarritasunaren-ikerketa\/","title":{"rendered":"El pr\u00f3ximo 20 de noviembre se presentar\u00e1 el Estudio de Viabilidad Comercial que se ha llevado a cabo en nuestro municipio en el primer semestre de este a\u00f1o"},"content":{"rendered":"<p><strong>Tendr\u00e1 lugar en el Sal\u00f3n de la Catequesis de Amurrio de 14.00 a 15.30 h<\/strong><\/p>\n<p>El estudio, impulsado por el Ayuntamiento de Amurrio y subvencionado por Departamento de Comercio de Gobierno Vasco, ha sido elaborado por la consultora local GB Strategy By Design.<\/p>\n<p>Gracias a la colaboraci\u00f3n e implicaci\u00f3n de la ciudadan\u00eda, comercios y peque\u00f1os negocios del municipio as\u00ed como de distintos agentes (APYMCA, Amurrio Bidean, etc.) en el estudio, ha sido posible identificar oportunidades de mejora y nuevas ideas de emprendizaje para fortalecer y dinamizar nuestro comercio local.<\/p>\n<p>En la sesi\u00f3n del pr\u00f3ximo 20 de noviembre se van a compartir las conclusiones y recomendaciones extra\u00eddas del estudio con el objetivo de consensuar y priorizar las l\u00edneas de actuaci\u00f3n a trabajar.<\/p>\n<p>La presentaci\u00f3n est\u00e1 abierta a todos los comercios, peque\u00f1as empresas de servicios o personas emprendedoras que est\u00e9n pensando poner en marcha una nueva iniciativa empresarial en este sector.<\/p>\n<p>Todas las personas interesadas en acudir pueden inscribirse o consultar cualquier duda en Amurrio Bidean Tel. 945891721 \u2013 Mail. autoempleo@amurriobidean.org<\/p>\n<p>&nbsp;<\/p>\n<p>&nbsp;<\/p>\n","protected":false},"excerpt":{"rendered":"<p>Tendr\u00e1 lugar en el Sal\u00f3n de la Catequesis de Amurrio de 14.00 a 15.30 h El estudio, impulsado por el Ayuntamiento de Amurrio y subvencionado por Departamento de Comercio de Gobierno Vasco, ha sido elaborado por la consultora local GB Strategy By Design. Gracias a la colaboraci\u00f3n e implicaci\u00f3n de la ciudadan\u00eda, comercios y peque\u00f1os [&hellip;]<\/p>\n","protected":false},"author":2,"featured_media":3522,"comment_status":"closed","ping_status":"closed","sticky":false,"template":"","format":"standard","meta":{"footnotes":""},"categories":[28],"tags":[],"class_list":["post-3525","post","type-post","status-publish","format-standard","has-post-thumbnail","hentry","category-noticias"],"yoast_head":"<!-- This site is optimized with the Yoast SEO plugin v25.3 - https:\/\/yoast.com\/wordpress\/plugins\/seo\/ -->\n<title>El pr\u00f3ximo 20 de noviembre se presentar\u00e1 el Estudio de Viabilidad Comercial que se ha llevado a cabo en nuestro municipio en el primer semestre de este a\u00f1o - Amurrio Bidean. Garapen Agentzia - Agencia de desarrollo.<\/title>\n<meta name=\"robots\" content=\"index, follow, max-snippet:-1, max-image-preview:large, max-video-preview:-1\" \/>\n<link rel=\"canonical\" href=\"https:\/\/amurriobidean.org\/es\/datorren-azaroaren-20an-aurkeztuko-da-urte-honetako-lehenengo-seihilekoan-gure-udalerrian-egin-den-merkataritza-bideragarritasunaren-ikerketa\/\" \/>\n<meta property=\"og:locale\" content=\"es_ES\" \/>\n<meta property=\"og:type\" content=\"article\" \/>\n<meta property=\"og:title\" content=\"El pr\u00f3ximo 20 de noviembre se presentar\u00e1 el Estudio de Viabilidad Comercial que se ha llevado a cabo en nuestro municipio en el primer semestre de este a\u00f1o - Amurrio Bidean. Garapen Agentzia - Agencia de desarrollo.\" \/>\n<meta property=\"og:description\" content=\"Tendr\u00e1 lugar en el Sal\u00f3n de la Catequesis de Amurrio de 14.00 a 15.30 h El estudio, impulsado por el Ayuntamiento de Amurrio y subvencionado por Departamento de Comercio de Gobierno Vasco, ha sido elaborado por la consultora local GB Strategy By Design. Gracias a la colaboraci\u00f3n e implicaci\u00f3n de la ciudadan\u00eda, comercios y peque\u00f1os [&hellip;]\" \/>\n<meta property=\"og:url\" content=\"https:\/\/amurriobidean.org\/es\/datorren-azaroaren-20an-aurkeztuko-da-urte-honetako-lehenengo-seihilekoan-gure-udalerrian-egin-den-merkataritza-bideragarritasunaren-ikerketa\/\" \/>\n<meta property=\"og:site_name\" content=\"Amurrio Bidean. Garapen Agentzia - Agencia de desarrollo.\" \/>\n<meta property=\"article:publisher\" content=\"https:\/\/www.facebook.com\/amurrio.bidean\" \/>\n<meta property=\"article:published_time\" content=\"2019-11-15T11:45:35+00:00\" \/>\n<meta property=\"article:modified_time\" content=\"2019-11-15T11:50:11+00:00\" \/>\n<meta property=\"og:image\" content=\"https:\/\/amurriobidean.org\/wp-content\/uploads\/2019\/11\/0001-3.jpg\" \/>\n\t<meta property=\"og:image:width\" content=\"2482\" \/>\n\t<meta property=\"og:image:height\" content=\"3510\" \/>\n\t<meta property=\"og:image:type\" content=\"image\/jpeg\" \/>\n<meta name=\"author\" content=\"Amurrio Bidean\" \/>\n<meta name=\"twitter:card\" content=\"summary_large_image\" \/>\n<meta name=\"twitter:creator\" content=\"@amurriobidean\" \/>\n<meta name=\"twitter:site\" content=\"@amurriobidean\" \/>\n<meta name=\"twitter:label1\" content=\"Escrito por\" \/>\n\t<meta name=\"twitter:data1\" content=\"Amurrio Bidean\" \/>\n\t<meta name=\"twitter:label2\" content=\"Tiempo de lectura\" \/>\n\t<meta name=\"twitter:data2\" content=\"1 minuto\" \/>\n<script type=\"application\/ld+json\" class=\"yoast-schema-graph\">{\"@context\":\"https:\/\/schema.org\",\"@graph\":[{\"@type\":\"WebPage\",\"@id\":\"https:\/\/amurriobidean.org\/es\/datorren-azaroaren-20an-aurkeztuko-da-urte-honetako-lehenengo-seihilekoan-gure-udalerrian-egin-den-merkataritza-bideragarritasunaren-ikerketa\/\",\"url\":\"https:\/\/amurriobidean.org\/es\/datorren-azaroaren-20an-aurkeztuko-da-urte-honetako-lehenengo-seihilekoan-gure-udalerrian-egin-den-merkataritza-bideragarritasunaren-ikerketa\/\",\"name\":\"El pr\u00f3ximo 20 de noviembre se presentar\u00e1 el Estudio de Viabilidad Comercial que se ha llevado a cabo en nuestro municipio en el primer semestre de este a\u00f1o - Amurrio Bidean. Garapen Agentzia - Agencia de desarrollo.\",\"isPartOf\":{\"@id\":\"https:\/\/amurriobidean.org\/es\/#website\"},\"primaryImageOfPage\":{\"@id\":\"https:\/\/amurriobidean.org\/es\/datorren-azaroaren-20an-aurkeztuko-da-urte-honetako-lehenengo-seihilekoan-gure-udalerrian-egin-den-merkataritza-bideragarritasunaren-ikerketa\/#primaryimage\"},\"image\":{\"@id\":\"https:\/\/amurriobidean.org\/es\/datorren-azaroaren-20an-aurkeztuko-da-urte-honetako-lehenengo-seihilekoan-gure-udalerrian-egin-den-merkataritza-bideragarritasunaren-ikerketa\/#primaryimage\"},\"thumbnailUrl\":\"https:\/\/amurriobidean.org\/wp-content\/uploads\/2019\/11\/0001-3.jpg\",\"datePublished\":\"2019-11-15T11:45:35+00:00\",\"dateModified\":\"2019-11-15T11:50:11+00:00\",\"author\":{\"@id\":\"https:\/\/amurriobidean.org\/es\/#\/schema\/person\/56c71b474b3e7f5f5e6f209a6cf3abfe\"},\"breadcrumb\":{\"@id\":\"https:\/\/amurriobidean.org\/es\/datorren-azaroaren-20an-aurkeztuko-da-urte-honetako-lehenengo-seihilekoan-gure-udalerrian-egin-den-merkataritza-bideragarritasunaren-ikerketa\/#breadcrumb\"},\"inLanguage\":\"es\",\"potentialAction\":[{\"@type\":\"ReadAction\",\"target\":[\"https:\/\/amurriobidean.org\/es\/datorren-azaroaren-20an-aurkeztuko-da-urte-honetako-lehenengo-seihilekoan-gure-udalerrian-egin-den-merkataritza-bideragarritasunaren-ikerketa\/\"]}]},{\"@type\":\"ImageObject\",\"inLanguage\":\"es\",\"@id\":\"https:\/\/amurriobidean.org\/es\/datorren-azaroaren-20an-aurkeztuko-da-urte-honetako-lehenengo-seihilekoan-gure-udalerrian-egin-den-merkataritza-bideragarritasunaren-ikerketa\/#primaryimage\",\"url\":\"https:\/\/amurriobidean.org\/wp-content\/uploads\/2019\/11\/0001-3.jpg\",\"contentUrl\":\"https:\/\/amurriobidean.org\/wp-content\/uploads\/2019\/11\/0001-3.jpg\",\"width\":2482,\"height\":3510},{\"@type\":\"BreadcrumbList\",\"@id\":\"https:\/\/amurriobidean.org\/es\/datorren-azaroaren-20an-aurkeztuko-da-urte-honetako-lehenengo-seihilekoan-gure-udalerrian-egin-den-merkataritza-bideragarritasunaren-ikerketa\/#breadcrumb\",\"itemListElement\":[{\"@type\":\"ListItem\",\"position\":1,\"name\":\"Portada\",\"item\":\"https:\/\/amurriobidean.org\/es\/\"},{\"@type\":\"ListItem\",\"position\":2,\"name\":\"El pr\u00f3ximo 20 de noviembre se presentar\u00e1 el Estudio de Viabilidad Comercial que se ha llevado a cabo en nuestro municipio en el primer semestre de este a\u00f1o\"}]},{\"@type\":\"WebSite\",\"@id\":\"https:\/\/amurriobidean.org\/es\/#website\",\"url\":\"https:\/\/amurriobidean.org\/es\/\",\"name\":\"Amurrio Bidean. Garapen Agentzia - Agencia de desarrollo.\",\"description\":\"Agencia de Desarollo Local de Amurrio\",\"potentialAction\":[{\"@type\":\"SearchAction\",\"target\":{\"@type\":\"EntryPoint\",\"urlTemplate\":\"https:\/\/amurriobidean.org\/es\/?s={search_term_string}\"},\"query-input\":{\"@type\":\"PropertyValueSpecification\",\"valueRequired\":true,\"valueName\":\"search_term_string\"}}],\"inLanguage\":\"es\"},{\"@type\":\"Person\",\"@id\":\"https:\/\/amurriobidean.org\/es\/#\/schema\/person\/56c71b474b3e7f5f5e6f209a6cf3abfe\",\"name\":\"Amurrio Bidean\",\"image\":{\"@type\":\"ImageObject\",\"inLanguage\":\"es\",\"@id\":\"https:\/\/amurriobidean.org\/es\/#\/schema\/person\/image\/\",\"url\":\"https:\/\/secure.gravatar.com\/avatar\/84a34d50800d0bb5d80eba504fc44ed48c9b2faab16ad58fa7d30bce4e2b661e\",\"contentUrl\":\"https:\/\/secure.gravatar.com\/avatar\/84a34d50800d0bb5d80eba504fc44ed48c9b2faab16ad58fa7d30bce4e2b661e\",\"caption\":\"Amurrio Bidean\"},\"sameAs\":[\"http:\/\/www.amurriobidean.eus\"],\"url\":\"https:\/\/amurriobidean.org\/es\/author\/amurrio-bidean\/\"}]}<\/script>\n<!-- \/ Yoast SEO plugin. -->","yoast_head_json":{"title":"El pr\u00f3ximo 20 de noviembre se presentar\u00e1 el Estudio de Viabilidad Comercial que se ha llevado a cabo en nuestro municipio en el primer semestre de este a\u00f1o - Amurrio Bidean. Garapen Agentzia - Agencia de desarrollo.","robots":{"index":"index","follow":"follow","max-snippet":"max-snippet:-1","max-image-preview":"max-image-preview:large","max-video-preview":"max-video-preview:-1"},"canonical":"https:\/\/amurriobidean.org\/es\/datorren-azaroaren-20an-aurkeztuko-da-urte-honetako-lehenengo-seihilekoan-gure-udalerrian-egin-den-merkataritza-bideragarritasunaren-ikerketa\/","og_locale":"es_ES","og_type":"article","og_title":"El pr\u00f3ximo 20 de noviembre se presentar\u00e1 el Estudio de Viabilidad Comercial que se ha llevado a cabo en nuestro municipio en el primer semestre de este a\u00f1o - Amurrio Bidean. Garapen Agentzia - Agencia de desarrollo.","og_description":"Tendr\u00e1 lugar en el Sal\u00f3n de la Catequesis de Amurrio de 14.00 a 15.30 h El estudio, impulsado por el Ayuntamiento de Amurrio y subvencionado por Departamento de Comercio de Gobierno Vasco, ha sido elaborado por la consultora local GB Strategy By Design. Gracias a la colaboraci\u00f3n e implicaci\u00f3n de la ciudadan\u00eda, comercios y peque\u00f1os [&hellip;]","og_url":"https:\/\/amurriobidean.org\/es\/datorren-azaroaren-20an-aurkeztuko-da-urte-honetako-lehenengo-seihilekoan-gure-udalerrian-egin-den-merkataritza-bideragarritasunaren-ikerketa\/","og_site_name":"Amurrio Bidean. Garapen Agentzia - Agencia de desarrollo.","article_publisher":"https:\/\/www.facebook.com\/amurrio.bidean","article_published_time":"2019-11-15T11:45:35+00:00","article_modified_time":"2019-11-15T11:50:11+00:00","og_image":[{"width":2482,"height":3510,"url":"https:\/\/amurriobidean.org\/wp-content\/uploads\/2019\/11\/0001-3.jpg","type":"image\/jpeg"}],"author":"Amurrio Bidean","twitter_card":"summary_large_image","twitter_creator":"@amurriobidean","twitter_site":"@amurriobidean","twitter_misc":{"Escrito por":"Amurrio Bidean","Tiempo de lectura":"1 minuto"},"schema":{"@context":"https:\/\/schema.org","@graph":[{"@type":"WebPage","@id":"https:\/\/amurriobidean.org\/es\/datorren-azaroaren-20an-aurkeztuko-da-urte-honetako-lehenengo-seihilekoan-gure-udalerrian-egin-den-merkataritza-bideragarritasunaren-ikerketa\/","url":"https:\/\/amurriobidean.org\/es\/datorren-azaroaren-20an-aurkeztuko-da-urte-honetako-lehenengo-seihilekoan-gure-udalerrian-egin-den-merkataritza-bideragarritasunaren-ikerketa\/","name":"El pr\u00f3ximo 20 de noviembre se presentar\u00e1 el Estudio de Viabilidad Comercial que se ha llevado a cabo en nuestro municipio en el primer semestre de este a\u00f1o - Amurrio Bidean. Garapen Agentzia - Agencia de desarrollo.","isPartOf":{"@id":"https:\/\/amurriobidean.org\/es\/#website"},"primaryImageOfPage":{"@id":"https:\/\/amurriobidean.org\/es\/datorren-azaroaren-20an-aurkeztuko-da-urte-honetako-lehenengo-seihilekoan-gure-udalerrian-egin-den-merkataritza-bideragarritasunaren-ikerketa\/#primaryimage"},"image":{"@id":"https:\/\/amurriobidean.org\/es\/datorren-azaroaren-20an-aurkeztuko-da-urte-honetako-lehenengo-seihilekoan-gure-udalerrian-egin-den-merkataritza-bideragarritasunaren-ikerketa\/#primaryimage"},"thumbnailUrl":"https:\/\/amurriobidean.org\/wp-content\/uploads\/2019\/11\/0001-3.jpg","datePublished":"2019-11-15T11:45:35+00:00","dateModified":"2019-11-15T11:50:11+00:00","author":{"@id":"https:\/\/amurriobidean.org\/es\/#\/schema\/person\/56c71b474b3e7f5f5e6f209a6cf3abfe"},"breadcrumb":{"@id":"https:\/\/amurriobidean.org\/es\/datorren-azaroaren-20an-aurkeztuko-da-urte-honetako-lehenengo-seihilekoan-gure-udalerrian-egin-den-merkataritza-bideragarritasunaren-ikerketa\/#breadcrumb"},"inLanguage":"es","potentialAction":[{"@type":"ReadAction","target":["https:\/\/amurriobidean.org\/es\/datorren-azaroaren-20an-aurkeztuko-da-urte-honetako-lehenengo-seihilekoan-gure-udalerrian-egin-den-merkataritza-bideragarritasunaren-ikerketa\/"]}]},{"@type":"ImageObject","inLanguage":"es","@id":"https:\/\/amurriobidean.org\/es\/datorren-azaroaren-20an-aurkeztuko-da-urte-honetako-lehenengo-seihilekoan-gure-udalerrian-egin-den-merkataritza-bideragarritasunaren-ikerketa\/#primaryimage","url":"https:\/\/amurriobidean.org\/wp-content\/uploads\/2019\/11\/0001-3.jpg","contentUrl":"https:\/\/amurriobidean.org\/wp-content\/uploads\/2019\/11\/0001-3.jpg","width":2482,"height":3510},{"@type":"BreadcrumbList","@id":"https:\/\/amurriobidean.org\/es\/datorren-azaroaren-20an-aurkeztuko-da-urte-honetako-lehenengo-seihilekoan-gure-udalerrian-egin-den-merkataritza-bideragarritasunaren-ikerketa\/#breadcrumb","itemListElement":[{"@type":"ListItem","position":1,"name":"Portada","item":"https:\/\/amurriobidean.org\/es\/"},{"@type":"ListItem","position":2,"name":"El pr\u00f3ximo 20 de noviembre se presentar\u00e1 el Estudio de Viabilidad Comercial que se ha llevado a cabo en nuestro municipio en el primer semestre de este a\u00f1o"}]},{"@type":"WebSite","@id":"https:\/\/amurriobidean.org\/es\/#website","url":"https:\/\/amurriobidean.org\/es\/","name":"Amurrio Bidean. Garapen Agentzia - Agencia de desarrollo.","description":"Agencia de Desarollo Local de Amurrio","potentialAction":[{"@type":"SearchAction","target":{"@type":"EntryPoint","urlTemplate":"https:\/\/amurriobidean.org\/es\/?s={search_term_string}"},"query-input":{"@type":"PropertyValueSpecification","valueRequired":true,"valueName":"search_term_string"}}],"inLanguage":"es"},{"@type":"Person","@id":"https:\/\/amurriobidean.org\/es\/#\/schema\/person\/56c71b474b3e7f5f5e6f209a6cf3abfe","name":"Amurrio Bidean","image":{"@type":"ImageObject","inLanguage":"es","@id":"https:\/\/amurriobidean.org\/es\/#\/schema\/person\/image\/","url":"https:\/\/secure.gravatar.com\/avatar\/84a34d50800d0bb5d80eba504fc44ed48c9b2faab16ad58fa7d30bce4e2b661e","contentUrl":"https:\/\/secure.gravatar.com\/avatar\/84a34d50800d0bb5d80eba504fc44ed48c9b2faab16ad58fa7d30bce4e2b661e","caption":"Amurrio Bidean"},"sameAs":["http:\/\/www.amurriobidean.eus"],"url":"https:\/\/amurriobidean.org\/es\/author\/amurrio-bidean\/"}]}},"_links":{"self":[{"href":"https:\/\/amurriobidean.org\/es\/wp-json\/wp\/v2\/posts\/3525","targetHints":{"allow":["GET"]}}],"collection":[{"href":"https:\/\/amurriobidean.org\/es\/wp-json\/wp\/v2\/posts"}],"about":[{"href":"https:\/\/amurriobidean.org\/es\/wp-json\/wp\/v2\/types\/post"}],"author":[{"embeddable":true,"href":"https:\/\/amurriobidean.org\/es\/wp-json\/wp\/v2\/users\/2"}],"replies":[{"embeddable":true,"href":"https:\/\/amurriobidean.org\/es\/wp-json\/wp\/v2\/comments?post=3525"}],"version-history":[{"count":0,"href":"https:\/\/amurriobidean.org\/es\/wp-json\/wp\/v2\/posts\/3525\/revisions"}],"wp:featuredmedia":[{"embeddable":true,"href":"https:\/\/amurriobidean.org\/es\/wp-json\/wp\/v2\/media\/3522"}],"wp:attachment":[{"href":"https:\/\/amurriobidean.org\/es\/wp-json\/wp\/v2\/media?parent=3525"}],"wp:term":[{"taxonomy":"category","embeddable":true,"href":"https:\/\/amurriobidean.org\/es\/wp-json\/wp\/v2\/categories?post=3525"},{"taxonomy":"post_tag","embeddable":true,"href":"https:\/\/amurriobidean.org\/es\/wp-json\/wp\/v2\/tags?post=3525"}],"curies":[{"name":"wp","href":"https:\/\/api.w.org\/{rel}","templated":true}]}}