{"id":3421,"date":"2019-09-10T11:08:24","date_gmt":"2019-09-10T11:08:24","guid":{"rendered":"http:\/\/amurriobidean.eus\/irailaren-23an-hazilan-hasiko-da-eta-honako-hauek-eskainiko-ditu-prestakuntza-praktikak-enpresetan-eta-amurrioko-udalak-emandako-diru-laguntza\/"},"modified":"2019-09-10T11:12:51","modified_gmt":"2019-09-10T11:12:51","slug":"irailaren-23an-hazilan-hasiko-da-eta-honako-hauek-eskainiko-ditu-prestakuntza-praktikak-enpresetan-eta-amurrioko-udalak-emandako-diru-laguntza","status":"publish","type":"post","link":"https:\/\/amurriobidean.org\/es\/irailaren-23an-hazilan-hasiko-da-eta-honako-hauek-eskainiko-ditu-prestakuntza-praktikak-enpresetan-eta-amurrioko-udalak-emandako-diru-laguntza\/","title":{"rendered":"El 23 de septiembre comienza Hazilan con formaci\u00f3n, pr\u00e1cticas en empresas y beca del Ayuntamiento de Amurrio"},"content":{"rendered":"<p><strong>El objetivo de Hazilan es facilitar la incorporaci\u00f3n inicial al mercado laboral o ayudar a encontrar el empleo objetivo o deseado.<\/strong><\/p>\n<p>El programa consiste en formaci\u00f3n sobre habilidades profesionales y marca personal orientada a la b\u00fasqueda de empleo y se complementa con pr\u00e1cticas en empresas o desarrollo de idea de negocio durante 4 meses.\u00a0 En este periodo se percibe una beca que otorga el Ayuntamiento de Amurrio, a trav\u00e9s del Plan Joven, cuyo importe es de 600 euros mensuales brutos si las pr\u00e1cticas se realizan en el municipio o de 800\u20ac mensuales brutos si estas se realizan en otro municipio o si se estudia una nueva idea de negocio con el objetivo de crear una empresa.<\/p>\n<p>En la edici\u00f3n anterior, a trav\u00e9s de Hazilan, 11 empresas abrieron sus puertas a las personas participantes para la realizaci\u00f3n de pr\u00e1cticas y se estudi\u00f3 una idea de negocio.\u00a0 Como resultado 7 de las 14 personas que han participado en el programa han tenido un contrato de trabajo y se ha creado una nueva empresa.<\/p>\n<p>Hazilan est\u00e1 cofinanciado en un 50% por el Programa Operativo 2014-2020 de Fondo Social Europeo.<\/p>\n<p><strong>Destinatarias<\/strong><\/p>\n<p>Las condiciones para participar en este programa son tener entre 20 y 44 a\u00f1os, con estudios m\u00ednimos de ciclo formativo de grado superior y estar en b\u00fasqueda de empleo, es decir, no es necesario estar en desempleo. Tendr\u00e1n prioridad las personas empadronadas en Amurrio y solo \u00e9stas tendr\u00e1n acceso a la beca.<\/p>\n<p><strong>Convocatoria<\/strong><\/p>\n<p>Desde el 15 de julio es posible solicitar informaci\u00f3n sobre Hazilan y preinscribirse. El 23 de septiembre a las 10.30 horas en ReforAmurrio Enpresaldea tendr\u00e1 lugar la presentaci\u00f3n del programa y para acudir a esta sesi\u00f3n ser\u00e1 recomendable haber realizado previamente la preinscripci\u00f3n en Amurrio Bidean en el tel\u00e9fono 945891721 o a trav\u00e9s del correo <a href=\"mailto:empresa@amurriobidean.org\">empresa@amurriobidean.org<\/a><\/p>\n","protected":false},"excerpt":{"rendered":"<p>El objetivo de Hazilan es facilitar la incorporaci\u00f3n inicial al mercado laboral o ayudar a encontrar el empleo objetivo o deseado. El programa consiste en formaci\u00f3n sobre habilidades profesionales y marca personal orientada a la b\u00fasqueda de empleo y se complementa con pr\u00e1cticas en empresas o desarrollo de idea de negocio durante 4 meses.\u00a0 En [&hellip;]<\/p>\n","protected":false},"author":2,"featured_media":3424,"comment_status":"closed","ping_status":"closed","sticky":false,"template":"","format":"standard","meta":{"footnotes":""},"categories":[28],"tags":[],"class_list":["post-3421","post","type-post","status-publish","format-standard","has-post-thumbnail","hentry","category-noticias"],"yoast_head":"<!-- This site is optimized with the Yoast SEO plugin v25.3 - https:\/\/yoast.com\/wordpress\/plugins\/seo\/ -->\n<title>El 23 de septiembre comienza Hazilan con formaci\u00f3n, pr\u00e1cticas en empresas y beca del Ayuntamiento de Amurrio - Amurrio Bidean. Garapen Agentzia - Agencia de desarrollo.<\/title>\n<meta name=\"robots\" content=\"index, follow, max-snippet:-1, max-image-preview:large, max-video-preview:-1\" \/>\n<link rel=\"canonical\" href=\"https:\/\/amurriobidean.org\/es\/irailaren-23an-hazilan-hasiko-da-eta-honako-hauek-eskainiko-ditu-prestakuntza-praktikak-enpresetan-eta-amurrioko-udalak-emandako-diru-laguntza\/\" \/>\n<meta property=\"og:locale\" content=\"es_ES\" \/>\n<meta property=\"og:type\" content=\"article\" \/>\n<meta property=\"og:title\" content=\"El 23 de septiembre comienza Hazilan con formaci\u00f3n, pr\u00e1cticas en empresas y beca del Ayuntamiento de Amurrio - Amurrio Bidean. Garapen Agentzia - Agencia de desarrollo.\" \/>\n<meta property=\"og:description\" content=\"El objetivo de Hazilan es facilitar la incorporaci\u00f3n inicial al mercado laboral o ayudar a encontrar el empleo objetivo o deseado. El programa consiste en formaci\u00f3n sobre habilidades profesionales y marca personal orientada a la b\u00fasqueda de empleo y se complementa con pr\u00e1cticas en empresas o desarrollo de idea de negocio durante 4 meses.\u00a0 En [&hellip;]\" \/>\n<meta property=\"og:url\" content=\"https:\/\/amurriobidean.org\/es\/irailaren-23an-hazilan-hasiko-da-eta-honako-hauek-eskainiko-ditu-prestakuntza-praktikak-enpresetan-eta-amurrioko-udalak-emandako-diru-laguntza\/\" \/>\n<meta property=\"og:site_name\" content=\"Amurrio Bidean. Garapen Agentzia - Agencia de desarrollo.\" \/>\n<meta property=\"article:publisher\" content=\"https:\/\/www.facebook.com\/amurrio.bidean\" \/>\n<meta property=\"article:published_time\" content=\"2019-09-10T11:08:24+00:00\" \/>\n<meta property=\"article:modified_time\" content=\"2019-09-10T11:12:51+00:00\" \/>\n<meta property=\"og:image\" content=\"https:\/\/amurriobidean.org\/wp-content\/uploads\/2019\/09\/hazilan1.jpg\" \/>\n\t<meta property=\"og:image:width\" content=\"626\" \/>\n\t<meta property=\"og:image:height\" content=\"809\" \/>\n\t<meta property=\"og:image:type\" content=\"image\/jpeg\" \/>\n<meta name=\"author\" content=\"Amurrio Bidean\" \/>\n<meta name=\"twitter:card\" content=\"summary_large_image\" \/>\n<meta name=\"twitter:creator\" content=\"@amurriobidean\" \/>\n<meta name=\"twitter:site\" content=\"@amurriobidean\" \/>\n<meta name=\"twitter:label1\" content=\"Escrito por\" \/>\n\t<meta name=\"twitter:data1\" content=\"Amurrio Bidean\" \/>\n\t<meta name=\"twitter:label2\" content=\"Tiempo de lectura\" \/>\n\t<meta name=\"twitter:data2\" content=\"2 minutos\" \/>\n<script type=\"application\/ld+json\" class=\"yoast-schema-graph\">{\"@context\":\"https:\/\/schema.org\",\"@graph\":[{\"@type\":\"WebPage\",\"@id\":\"https:\/\/amurriobidean.org\/es\/irailaren-23an-hazilan-hasiko-da-eta-honako-hauek-eskainiko-ditu-prestakuntza-praktikak-enpresetan-eta-amurrioko-udalak-emandako-diru-laguntza\/\",\"url\":\"https:\/\/amurriobidean.org\/es\/irailaren-23an-hazilan-hasiko-da-eta-honako-hauek-eskainiko-ditu-prestakuntza-praktikak-enpresetan-eta-amurrioko-udalak-emandako-diru-laguntza\/\",\"name\":\"El 23 de septiembre comienza Hazilan con formaci\u00f3n, pr\u00e1cticas en empresas y beca del Ayuntamiento de Amurrio - Amurrio Bidean. Garapen Agentzia - Agencia de desarrollo.\",\"isPartOf\":{\"@id\":\"https:\/\/amurriobidean.org\/es\/#website\"},\"primaryImageOfPage\":{\"@id\":\"https:\/\/amurriobidean.org\/es\/irailaren-23an-hazilan-hasiko-da-eta-honako-hauek-eskainiko-ditu-prestakuntza-praktikak-enpresetan-eta-amurrioko-udalak-emandako-diru-laguntza\/#primaryimage\"},\"image\":{\"@id\":\"https:\/\/amurriobidean.org\/es\/irailaren-23an-hazilan-hasiko-da-eta-honako-hauek-eskainiko-ditu-prestakuntza-praktikak-enpresetan-eta-amurrioko-udalak-emandako-diru-laguntza\/#primaryimage\"},\"thumbnailUrl\":\"https:\/\/amurriobidean.org\/wp-content\/uploads\/2019\/09\/hazilan1.jpg\",\"datePublished\":\"2019-09-10T11:08:24+00:00\",\"dateModified\":\"2019-09-10T11:12:51+00:00\",\"author\":{\"@id\":\"https:\/\/amurriobidean.org\/es\/#\/schema\/person\/56c71b474b3e7f5f5e6f209a6cf3abfe\"},\"breadcrumb\":{\"@id\":\"https:\/\/amurriobidean.org\/es\/irailaren-23an-hazilan-hasiko-da-eta-honako-hauek-eskainiko-ditu-prestakuntza-praktikak-enpresetan-eta-amurrioko-udalak-emandako-diru-laguntza\/#breadcrumb\"},\"inLanguage\":\"es\",\"potentialAction\":[{\"@type\":\"ReadAction\",\"target\":[\"https:\/\/amurriobidean.org\/es\/irailaren-23an-hazilan-hasiko-da-eta-honako-hauek-eskainiko-ditu-prestakuntza-praktikak-enpresetan-eta-amurrioko-udalak-emandako-diru-laguntza\/\"]}]},{\"@type\":\"ImageObject\",\"inLanguage\":\"es\",\"@id\":\"https:\/\/amurriobidean.org\/es\/irailaren-23an-hazilan-hasiko-da-eta-honako-hauek-eskainiko-ditu-prestakuntza-praktikak-enpresetan-eta-amurrioko-udalak-emandako-diru-laguntza\/#primaryimage\",\"url\":\"https:\/\/amurriobidean.org\/wp-content\/uploads\/2019\/09\/hazilan1.jpg\",\"contentUrl\":\"https:\/\/amurriobidean.org\/wp-content\/uploads\/2019\/09\/hazilan1.jpg\",\"width\":626,\"height\":809},{\"@type\":\"BreadcrumbList\",\"@id\":\"https:\/\/amurriobidean.org\/es\/irailaren-23an-hazilan-hasiko-da-eta-honako-hauek-eskainiko-ditu-prestakuntza-praktikak-enpresetan-eta-amurrioko-udalak-emandako-diru-laguntza\/#breadcrumb\",\"itemListElement\":[{\"@type\":\"ListItem\",\"position\":1,\"name\":\"Portada\",\"item\":\"https:\/\/amurriobidean.org\/es\/\"},{\"@type\":\"ListItem\",\"position\":2,\"name\":\"El 23 de septiembre comienza Hazilan con formaci\u00f3n, pr\u00e1cticas en empresas y beca del Ayuntamiento de Amurrio\"}]},{\"@type\":\"WebSite\",\"@id\":\"https:\/\/amurriobidean.org\/es\/#website\",\"url\":\"https:\/\/amurriobidean.org\/es\/\",\"name\":\"Amurrio Bidean. Garapen Agentzia - Agencia de desarrollo.\",\"description\":\"Agencia de Desarollo Local de Amurrio\",\"potentialAction\":[{\"@type\":\"SearchAction\",\"target\":{\"@type\":\"EntryPoint\",\"urlTemplate\":\"https:\/\/amurriobidean.org\/es\/?s={search_term_string}\"},\"query-input\":{\"@type\":\"PropertyValueSpecification\",\"valueRequired\":true,\"valueName\":\"search_term_string\"}}],\"inLanguage\":\"es\"},{\"@type\":\"Person\",\"@id\":\"https:\/\/amurriobidean.org\/es\/#\/schema\/person\/56c71b474b3e7f5f5e6f209a6cf3abfe\",\"name\":\"Amurrio Bidean\",\"image\":{\"@type\":\"ImageObject\",\"inLanguage\":\"es\",\"@id\":\"https:\/\/amurriobidean.org\/es\/#\/schema\/person\/image\/\",\"url\":\"https:\/\/secure.gravatar.com\/avatar\/84a34d50800d0bb5d80eba504fc44ed48c9b2faab16ad58fa7d30bce4e2b661e\",\"contentUrl\":\"https:\/\/secure.gravatar.com\/avatar\/84a34d50800d0bb5d80eba504fc44ed48c9b2faab16ad58fa7d30bce4e2b661e\",\"caption\":\"Amurrio Bidean\"},\"sameAs\":[\"http:\/\/www.amurriobidean.eus\"],\"url\":\"https:\/\/amurriobidean.org\/es\/author\/amurrio-bidean\/\"}]}<\/script>\n<!-- \/ Yoast SEO plugin. -->","yoast_head_json":{"title":"El 23 de septiembre comienza Hazilan con formaci\u00f3n, pr\u00e1cticas en empresas y beca del Ayuntamiento de Amurrio - Amurrio Bidean. Garapen Agentzia - Agencia de desarrollo.","robots":{"index":"index","follow":"follow","max-snippet":"max-snippet:-1","max-image-preview":"max-image-preview:large","max-video-preview":"max-video-preview:-1"},"canonical":"https:\/\/amurriobidean.org\/es\/irailaren-23an-hazilan-hasiko-da-eta-honako-hauek-eskainiko-ditu-prestakuntza-praktikak-enpresetan-eta-amurrioko-udalak-emandako-diru-laguntza\/","og_locale":"es_ES","og_type":"article","og_title":"El 23 de septiembre comienza Hazilan con formaci\u00f3n, pr\u00e1cticas en empresas y beca del Ayuntamiento de Amurrio - Amurrio Bidean. Garapen Agentzia - Agencia de desarrollo.","og_description":"El objetivo de Hazilan es facilitar la incorporaci\u00f3n inicial al mercado laboral o ayudar a encontrar el empleo objetivo o deseado. El programa consiste en formaci\u00f3n sobre habilidades profesionales y marca personal orientada a la b\u00fasqueda de empleo y se complementa con pr\u00e1cticas en empresas o desarrollo de idea de negocio durante 4 meses.\u00a0 En [&hellip;]","og_url":"https:\/\/amurriobidean.org\/es\/irailaren-23an-hazilan-hasiko-da-eta-honako-hauek-eskainiko-ditu-prestakuntza-praktikak-enpresetan-eta-amurrioko-udalak-emandako-diru-laguntza\/","og_site_name":"Amurrio Bidean. Garapen Agentzia - Agencia de desarrollo.","article_publisher":"https:\/\/www.facebook.com\/amurrio.bidean","article_published_time":"2019-09-10T11:08:24+00:00","article_modified_time":"2019-09-10T11:12:51+00:00","og_image":[{"width":626,"height":809,"url":"https:\/\/amurriobidean.org\/wp-content\/uploads\/2019\/09\/hazilan1.jpg","type":"image\/jpeg"}],"author":"Amurrio Bidean","twitter_card":"summary_large_image","twitter_creator":"@amurriobidean","twitter_site":"@amurriobidean","twitter_misc":{"Escrito por":"Amurrio Bidean","Tiempo de lectura":"2 minutos"},"schema":{"@context":"https:\/\/schema.org","@graph":[{"@type":"WebPage","@id":"https:\/\/amurriobidean.org\/es\/irailaren-23an-hazilan-hasiko-da-eta-honako-hauek-eskainiko-ditu-prestakuntza-praktikak-enpresetan-eta-amurrioko-udalak-emandako-diru-laguntza\/","url":"https:\/\/amurriobidean.org\/es\/irailaren-23an-hazilan-hasiko-da-eta-honako-hauek-eskainiko-ditu-prestakuntza-praktikak-enpresetan-eta-amurrioko-udalak-emandako-diru-laguntza\/","name":"El 23 de septiembre comienza Hazilan con formaci\u00f3n, pr\u00e1cticas en empresas y beca del Ayuntamiento de Amurrio - Amurrio Bidean. Garapen Agentzia - Agencia de desarrollo.","isPartOf":{"@id":"https:\/\/amurriobidean.org\/es\/#website"},"primaryImageOfPage":{"@id":"https:\/\/amurriobidean.org\/es\/irailaren-23an-hazilan-hasiko-da-eta-honako-hauek-eskainiko-ditu-prestakuntza-praktikak-enpresetan-eta-amurrioko-udalak-emandako-diru-laguntza\/#primaryimage"},"image":{"@id":"https:\/\/amurriobidean.org\/es\/irailaren-23an-hazilan-hasiko-da-eta-honako-hauek-eskainiko-ditu-prestakuntza-praktikak-enpresetan-eta-amurrioko-udalak-emandako-diru-laguntza\/#primaryimage"},"thumbnailUrl":"https:\/\/amurriobidean.org\/wp-content\/uploads\/2019\/09\/hazilan1.jpg","datePublished":"2019-09-10T11:08:24+00:00","dateModified":"2019-09-10T11:12:51+00:00","author":{"@id":"https:\/\/amurriobidean.org\/es\/#\/schema\/person\/56c71b474b3e7f5f5e6f209a6cf3abfe"},"breadcrumb":{"@id":"https:\/\/amurriobidean.org\/es\/irailaren-23an-hazilan-hasiko-da-eta-honako-hauek-eskainiko-ditu-prestakuntza-praktikak-enpresetan-eta-amurrioko-udalak-emandako-diru-laguntza\/#breadcrumb"},"inLanguage":"es","potentialAction":[{"@type":"ReadAction","target":["https:\/\/amurriobidean.org\/es\/irailaren-23an-hazilan-hasiko-da-eta-honako-hauek-eskainiko-ditu-prestakuntza-praktikak-enpresetan-eta-amurrioko-udalak-emandako-diru-laguntza\/"]}]},{"@type":"ImageObject","inLanguage":"es","@id":"https:\/\/amurriobidean.org\/es\/irailaren-23an-hazilan-hasiko-da-eta-honako-hauek-eskainiko-ditu-prestakuntza-praktikak-enpresetan-eta-amurrioko-udalak-emandako-diru-laguntza\/#primaryimage","url":"https:\/\/amurriobidean.org\/wp-content\/uploads\/2019\/09\/hazilan1.jpg","contentUrl":"https:\/\/amurriobidean.org\/wp-content\/uploads\/2019\/09\/hazilan1.jpg","width":626,"height":809},{"@type":"BreadcrumbList","@id":"https:\/\/amurriobidean.org\/es\/irailaren-23an-hazilan-hasiko-da-eta-honako-hauek-eskainiko-ditu-prestakuntza-praktikak-enpresetan-eta-amurrioko-udalak-emandako-diru-laguntza\/#breadcrumb","itemListElement":[{"@type":"ListItem","position":1,"name":"Portada","item":"https:\/\/amurriobidean.org\/es\/"},{"@type":"ListItem","position":2,"name":"El 23 de septiembre comienza Hazilan con formaci\u00f3n, pr\u00e1cticas en empresas y beca del Ayuntamiento de Amurrio"}]},{"@type":"WebSite","@id":"https:\/\/amurriobidean.org\/es\/#website","url":"https:\/\/amurriobidean.org\/es\/","name":"Amurrio Bidean. Garapen Agentzia - Agencia de desarrollo.","description":"Agencia de Desarollo Local de Amurrio","potentialAction":[{"@type":"SearchAction","target":{"@type":"EntryPoint","urlTemplate":"https:\/\/amurriobidean.org\/es\/?s={search_term_string}"},"query-input":{"@type":"PropertyValueSpecification","valueRequired":true,"valueName":"search_term_string"}}],"inLanguage":"es"},{"@type":"Person","@id":"https:\/\/amurriobidean.org\/es\/#\/schema\/person\/56c71b474b3e7f5f5e6f209a6cf3abfe","name":"Amurrio Bidean","image":{"@type":"ImageObject","inLanguage":"es","@id":"https:\/\/amurriobidean.org\/es\/#\/schema\/person\/image\/","url":"https:\/\/secure.gravatar.com\/avatar\/84a34d50800d0bb5d80eba504fc44ed48c9b2faab16ad58fa7d30bce4e2b661e","contentUrl":"https:\/\/secure.gravatar.com\/avatar\/84a34d50800d0bb5d80eba504fc44ed48c9b2faab16ad58fa7d30bce4e2b661e","caption":"Amurrio Bidean"},"sameAs":["http:\/\/www.amurriobidean.eus"],"url":"https:\/\/amurriobidean.org\/es\/author\/amurrio-bidean\/"}]}},"_links":{"self":[{"href":"https:\/\/amurriobidean.org\/es\/wp-json\/wp\/v2\/posts\/3421","targetHints":{"allow":["GET"]}}],"collection":[{"href":"https:\/\/amurriobidean.org\/es\/wp-json\/wp\/v2\/posts"}],"about":[{"href":"https:\/\/amurriobidean.org\/es\/wp-json\/wp\/v2\/types\/post"}],"author":[{"embeddable":true,"href":"https:\/\/amurriobidean.org\/es\/wp-json\/wp\/v2\/users\/2"}],"replies":[{"embeddable":true,"href":"https:\/\/amurriobidean.org\/es\/wp-json\/wp\/v2\/comments?post=3421"}],"version-history":[{"count":0,"href":"https:\/\/amurriobidean.org\/es\/wp-json\/wp\/v2\/posts\/3421\/revisions"}],"wp:featuredmedia":[{"embeddable":true,"href":"https:\/\/amurriobidean.org\/es\/wp-json\/wp\/v2\/media\/3424"}],"wp:attachment":[{"href":"https:\/\/amurriobidean.org\/es\/wp-json\/wp\/v2\/media?parent=3421"}],"wp:term":[{"taxonomy":"category","embeddable":true,"href":"https:\/\/amurriobidean.org\/es\/wp-json\/wp\/v2\/categories?post=3421"},{"taxonomy":"post_tag","embeddable":true,"href":"https:\/\/amurriobidean.org\/es\/wp-json\/wp\/v2\/tags?post=3421"}],"curies":[{"name":"wp","href":"https:\/\/api.w.org\/{rel}","templated":true}]}}