{"id":3402,"date":"2019-08-01T10:38:05","date_gmt":"2019-08-01T10:38:05","guid":{"rendered":"http:\/\/amurriobidean.eus\/udaren-ostean-12-prestakuntza-akzio-eskainiko-dira-amurrio-bideanen\/"},"modified":"2019-09-03T08:44:01","modified_gmt":"2019-09-03T08:44:01","slug":"udaren-ostean-12-prestakuntza-akzio-eskainiko-dira-amurrio-bideanen","status":"publish","type":"post","link":"https:\/\/amurriobidean.org\/es\/udaren-ostean-12-prestakuntza-akzio-eskainiko-dira-amurrio-bideanen\/","title":{"rendered":"A LA VUELTA DEL VERANO SE OFERTAR\u00c1N 12 ACCIONES FORMATIVAS EN AMURRIO BIDEAN"},"content":{"rendered":"<p>Rob\u00f3tica, atenci\u00f3n al cliente, t\u00e9cnicas de venta y Hazilan est\u00e1n principalmente dirigidos a personas en desempleo, por ello se impartir\u00e1n en horario de ma\u00f1ana y tendr\u00e1n una duraci\u00f3n superior.<\/p>\n<p>Los 8 restantes son del \u00e1rea de gesti\u00f3n y comercial de la empresa, del \u00e1rea de medio ambiente, ciberseguridad, prevenci\u00f3n y hosteler\u00eda.\u00a0 Estos ser\u00e1n m\u00e1s breves, dirigidos principalmente a personas en activo, aunque tambi\u00e9n podr\u00e1n participar personas en desempleo, y se impartir\u00e1n en horario de tarde.<\/p>\n<p><img fetchpriority=\"high\" decoding=\"async\" class=\"alignnone size-medium wp-image-3387 aligncenter\" src=\"http:\/\/amurriobidean.eus\/wp-content\/uploads\/2019\/08\/Tabla-cursos_cas-236x300.jpg\" alt=\"\" width=\"236\" height=\"300\" srcset=\"https:\/\/amurriobidean.org\/wp-content\/uploads\/2019\/08\/Tabla-cursos_cas-236x300.jpg 236w, https:\/\/amurriobidean.org\/wp-content\/uploads\/2019\/08\/Tabla-cursos_cas.jpg 406w\" sizes=\"(max-width: 236px) 100vw, 236px\" \/><\/p>\n<p>Para la inscripci\u00f3n tienen prioridad las personas empadronadas en Amurrio.\u00a0\u00a0 La fecha de inscripci\u00f3n de esta formaci\u00f3n comenzar\u00e1 a partir del 2 de septiembre.\u00a0 Para m\u00e1s informaci\u00f3n e inscripciones contactar con Amurrio Bidean en el tel\u00e9fono 945891721 o en el 619777638 o a trav\u00e9s del correo formacion@amurriobidean.org.<\/p>\n","protected":false},"excerpt":{"rendered":"<p>Rob\u00f3tica, atenci\u00f3n al cliente, t\u00e9cnicas de venta y Hazilan est\u00e1n principalmente dirigidos a personas en desempleo, por ello se impartir\u00e1n en horario de ma\u00f1ana y tendr\u00e1n una duraci\u00f3n superior. Los 8 restantes son del \u00e1rea de gesti\u00f3n y comercial de la empresa, del \u00e1rea de medio ambiente, ciberseguridad, prevenci\u00f3n y hosteler\u00eda.\u00a0 Estos ser\u00e1n m\u00e1s breves, [&hellip;]<\/p>\n","protected":false},"author":2,"featured_media":3389,"comment_status":"closed","ping_status":"closed","sticky":false,"template":"","format":"standard","meta":{"footnotes":""},"categories":[28],"tags":[],"class_list":["post-3402","post","type-post","status-publish","format-standard","has-post-thumbnail","hentry","category-noticias"],"yoast_head":"<!-- This site is optimized with the Yoast SEO plugin v25.3 - https:\/\/yoast.com\/wordpress\/plugins\/seo\/ -->\n<title>A LA VUELTA DEL VERANO SE OFERTAR\u00c1N 12 ACCIONES FORMATIVAS EN AMURRIO BIDEAN - Amurrio Bidean. Garapen Agentzia - Agencia de desarrollo.<\/title>\n<meta name=\"robots\" content=\"index, follow, max-snippet:-1, max-image-preview:large, max-video-preview:-1\" \/>\n<link rel=\"canonical\" href=\"https:\/\/amurriobidean.org\/udaren-ostean-12-prestakuntza-akzio-eskainiko-dira-amurrio-bideanen\/\" \/>\n<meta property=\"og:locale\" content=\"es_ES\" \/>\n<meta property=\"og:type\" content=\"article\" \/>\n<meta property=\"og:title\" content=\"A LA VUELTA DEL VERANO SE OFERTAR\u00c1N 12 ACCIONES FORMATIVAS EN AMURRIO BIDEAN - Amurrio Bidean. Garapen Agentzia - Agencia de desarrollo.\" \/>\n<meta property=\"og:description\" content=\"Rob\u00f3tica, atenci\u00f3n al cliente, t\u00e9cnicas de venta y Hazilan est\u00e1n principalmente dirigidos a personas en desempleo, por ello se impartir\u00e1n en horario de ma\u00f1ana y tendr\u00e1n una duraci\u00f3n superior. Los 8 restantes son del \u00e1rea de gesti\u00f3n y comercial de la empresa, del \u00e1rea de medio ambiente, ciberseguridad, prevenci\u00f3n y hosteler\u00eda.\u00a0 Estos ser\u00e1n m\u00e1s breves, [&hellip;]\" \/>\n<meta property=\"og:url\" content=\"https:\/\/amurriobidean.org\/udaren-ostean-12-prestakuntza-akzio-eskainiko-dira-amurrio-bideanen\/\" \/>\n<meta property=\"og:site_name\" content=\"Amurrio Bidean. Garapen Agentzia - Agencia de desarrollo.\" \/>\n<meta property=\"article:publisher\" content=\"https:\/\/www.facebook.com\/amurrio.bidean\" \/>\n<meta property=\"article:published_time\" content=\"2019-08-01T10:38:05+00:00\" \/>\n<meta property=\"article:modified_time\" content=\"2019-09-03T08:44:01+00:00\" \/>\n<meta property=\"og:image\" content=\"https:\/\/amurriobidean.org\/wp-content\/uploads\/2019\/08\/426430-PE93QI-643.jpg\" \/>\n\t<meta property=\"og:image:width\" content=\"2000\" \/>\n\t<meta property=\"og:image:height\" content=\"2000\" \/>\n\t<meta property=\"og:image:type\" content=\"image\/jpeg\" \/>\n<meta name=\"author\" content=\"Amurrio Bidean\" \/>\n<meta name=\"twitter:card\" content=\"summary_large_image\" \/>\n<meta name=\"twitter:creator\" content=\"@amurriobidean\" \/>\n<meta name=\"twitter:site\" content=\"@amurriobidean\" \/>\n<meta name=\"twitter:label1\" content=\"Escrito por\" \/>\n\t<meta name=\"twitter:data1\" content=\"Amurrio Bidean\" \/>\n\t<meta name=\"twitter:label2\" content=\"Tiempo de lectura\" \/>\n\t<meta name=\"twitter:data2\" content=\"1 minuto\" \/>\n<script type=\"application\/ld+json\" class=\"yoast-schema-graph\">{\"@context\":\"https:\/\/schema.org\",\"@graph\":[{\"@type\":\"WebPage\",\"@id\":\"https:\/\/amurriobidean.org\/udaren-ostean-12-prestakuntza-akzio-eskainiko-dira-amurrio-bideanen\/\",\"url\":\"https:\/\/amurriobidean.org\/udaren-ostean-12-prestakuntza-akzio-eskainiko-dira-amurrio-bideanen\/\",\"name\":\"A LA VUELTA DEL VERANO SE OFERTAR\u00c1N 12 ACCIONES FORMATIVAS EN AMURRIO BIDEAN - Amurrio Bidean. Garapen Agentzia - Agencia de desarrollo.\",\"isPartOf\":{\"@id\":\"https:\/\/amurriobidean.org\/es\/#website\"},\"primaryImageOfPage\":{\"@id\":\"https:\/\/amurriobidean.org\/udaren-ostean-12-prestakuntza-akzio-eskainiko-dira-amurrio-bideanen\/#primaryimage\"},\"image\":{\"@id\":\"https:\/\/amurriobidean.org\/udaren-ostean-12-prestakuntza-akzio-eskainiko-dira-amurrio-bideanen\/#primaryimage\"},\"thumbnailUrl\":\"https:\/\/amurriobidean.org\/wp-content\/uploads\/2019\/08\/426430-PE93QI-643.jpg\",\"datePublished\":\"2019-08-01T10:38:05+00:00\",\"dateModified\":\"2019-09-03T08:44:01+00:00\",\"author\":{\"@id\":\"https:\/\/amurriobidean.org\/es\/#\/schema\/person\/56c71b474b3e7f5f5e6f209a6cf3abfe\"},\"breadcrumb\":{\"@id\":\"https:\/\/amurriobidean.org\/udaren-ostean-12-prestakuntza-akzio-eskainiko-dira-amurrio-bideanen\/#breadcrumb\"},\"inLanguage\":\"es\",\"potentialAction\":[{\"@type\":\"ReadAction\",\"target\":[\"https:\/\/amurriobidean.org\/udaren-ostean-12-prestakuntza-akzio-eskainiko-dira-amurrio-bideanen\/\"]}]},{\"@type\":\"ImageObject\",\"inLanguage\":\"es\",\"@id\":\"https:\/\/amurriobidean.org\/udaren-ostean-12-prestakuntza-akzio-eskainiko-dira-amurrio-bideanen\/#primaryimage\",\"url\":\"https:\/\/amurriobidean.org\/wp-content\/uploads\/2019\/08\/426430-PE93QI-643.jpg\",\"contentUrl\":\"https:\/\/amurriobidean.org\/wp-content\/uploads\/2019\/08\/426430-PE93QI-643.jpg\",\"width\":2000,\"height\":2000},{\"@type\":\"BreadcrumbList\",\"@id\":\"https:\/\/amurriobidean.org\/udaren-ostean-12-prestakuntza-akzio-eskainiko-dira-amurrio-bideanen\/#breadcrumb\",\"itemListElement\":[{\"@type\":\"ListItem\",\"position\":1,\"name\":\"Portada\",\"item\":\"https:\/\/amurriobidean.org\/es\/\"},{\"@type\":\"ListItem\",\"position\":2,\"name\":\"A LA VUELTA DEL VERANO SE OFERTAR\u00c1N 12 ACCIONES FORMATIVAS EN AMURRIO BIDEAN\"}]},{\"@type\":\"WebSite\",\"@id\":\"https:\/\/amurriobidean.org\/es\/#website\",\"url\":\"https:\/\/amurriobidean.org\/es\/\",\"name\":\"Amurrio Bidean. Garapen Agentzia - Agencia de desarrollo.\",\"description\":\"Agencia de Desarollo Local de Amurrio\",\"potentialAction\":[{\"@type\":\"SearchAction\",\"target\":{\"@type\":\"EntryPoint\",\"urlTemplate\":\"https:\/\/amurriobidean.org\/es\/?s={search_term_string}\"},\"query-input\":{\"@type\":\"PropertyValueSpecification\",\"valueRequired\":true,\"valueName\":\"search_term_string\"}}],\"inLanguage\":\"es\"},{\"@type\":\"Person\",\"@id\":\"https:\/\/amurriobidean.org\/es\/#\/schema\/person\/56c71b474b3e7f5f5e6f209a6cf3abfe\",\"name\":\"Amurrio Bidean\",\"image\":{\"@type\":\"ImageObject\",\"inLanguage\":\"es\",\"@id\":\"https:\/\/amurriobidean.org\/es\/#\/schema\/person\/image\/\",\"url\":\"https:\/\/secure.gravatar.com\/avatar\/84a34d50800d0bb5d80eba504fc44ed48c9b2faab16ad58fa7d30bce4e2b661e\",\"contentUrl\":\"https:\/\/secure.gravatar.com\/avatar\/84a34d50800d0bb5d80eba504fc44ed48c9b2faab16ad58fa7d30bce4e2b661e\",\"caption\":\"Amurrio Bidean\"},\"sameAs\":[\"http:\/\/www.amurriobidean.eus\"],\"url\":\"https:\/\/amurriobidean.org\/es\/author\/amurrio-bidean\/\"}]}<\/script>\n<!-- \/ Yoast SEO plugin. -->","yoast_head_json":{"title":"A LA VUELTA DEL VERANO SE OFERTAR\u00c1N 12 ACCIONES FORMATIVAS EN AMURRIO BIDEAN - Amurrio Bidean. Garapen Agentzia - Agencia de desarrollo.","robots":{"index":"index","follow":"follow","max-snippet":"max-snippet:-1","max-image-preview":"max-image-preview:large","max-video-preview":"max-video-preview:-1"},"canonical":"https:\/\/amurriobidean.org\/udaren-ostean-12-prestakuntza-akzio-eskainiko-dira-amurrio-bideanen\/","og_locale":"es_ES","og_type":"article","og_title":"A LA VUELTA DEL VERANO SE OFERTAR\u00c1N 12 ACCIONES FORMATIVAS EN AMURRIO BIDEAN - Amurrio Bidean. Garapen Agentzia - Agencia de desarrollo.","og_description":"Rob\u00f3tica, atenci\u00f3n al cliente, t\u00e9cnicas de venta y Hazilan est\u00e1n principalmente dirigidos a personas en desempleo, por ello se impartir\u00e1n en horario de ma\u00f1ana y tendr\u00e1n una duraci\u00f3n superior. Los 8 restantes son del \u00e1rea de gesti\u00f3n y comercial de la empresa, del \u00e1rea de medio ambiente, ciberseguridad, prevenci\u00f3n y hosteler\u00eda.\u00a0 Estos ser\u00e1n m\u00e1s breves, [&hellip;]","og_url":"https:\/\/amurriobidean.org\/udaren-ostean-12-prestakuntza-akzio-eskainiko-dira-amurrio-bideanen\/","og_site_name":"Amurrio Bidean. Garapen Agentzia - Agencia de desarrollo.","article_publisher":"https:\/\/www.facebook.com\/amurrio.bidean","article_published_time":"2019-08-01T10:38:05+00:00","article_modified_time":"2019-09-03T08:44:01+00:00","og_image":[{"width":2000,"height":2000,"url":"https:\/\/amurriobidean.org\/wp-content\/uploads\/2019\/08\/426430-PE93QI-643.jpg","type":"image\/jpeg"}],"author":"Amurrio Bidean","twitter_card":"summary_large_image","twitter_creator":"@amurriobidean","twitter_site":"@amurriobidean","twitter_misc":{"Escrito por":"Amurrio Bidean","Tiempo de lectura":"1 minuto"},"schema":{"@context":"https:\/\/schema.org","@graph":[{"@type":"WebPage","@id":"https:\/\/amurriobidean.org\/udaren-ostean-12-prestakuntza-akzio-eskainiko-dira-amurrio-bideanen\/","url":"https:\/\/amurriobidean.org\/udaren-ostean-12-prestakuntza-akzio-eskainiko-dira-amurrio-bideanen\/","name":"A LA VUELTA DEL VERANO SE OFERTAR\u00c1N 12 ACCIONES FORMATIVAS EN AMURRIO BIDEAN - Amurrio Bidean. Garapen Agentzia - Agencia de desarrollo.","isPartOf":{"@id":"https:\/\/amurriobidean.org\/es\/#website"},"primaryImageOfPage":{"@id":"https:\/\/amurriobidean.org\/udaren-ostean-12-prestakuntza-akzio-eskainiko-dira-amurrio-bideanen\/#primaryimage"},"image":{"@id":"https:\/\/amurriobidean.org\/udaren-ostean-12-prestakuntza-akzio-eskainiko-dira-amurrio-bideanen\/#primaryimage"},"thumbnailUrl":"https:\/\/amurriobidean.org\/wp-content\/uploads\/2019\/08\/426430-PE93QI-643.jpg","datePublished":"2019-08-01T10:38:05+00:00","dateModified":"2019-09-03T08:44:01+00:00","author":{"@id":"https:\/\/amurriobidean.org\/es\/#\/schema\/person\/56c71b474b3e7f5f5e6f209a6cf3abfe"},"breadcrumb":{"@id":"https:\/\/amurriobidean.org\/udaren-ostean-12-prestakuntza-akzio-eskainiko-dira-amurrio-bideanen\/#breadcrumb"},"inLanguage":"es","potentialAction":[{"@type":"ReadAction","target":["https:\/\/amurriobidean.org\/udaren-ostean-12-prestakuntza-akzio-eskainiko-dira-amurrio-bideanen\/"]}]},{"@type":"ImageObject","inLanguage":"es","@id":"https:\/\/amurriobidean.org\/udaren-ostean-12-prestakuntza-akzio-eskainiko-dira-amurrio-bideanen\/#primaryimage","url":"https:\/\/amurriobidean.org\/wp-content\/uploads\/2019\/08\/426430-PE93QI-643.jpg","contentUrl":"https:\/\/amurriobidean.org\/wp-content\/uploads\/2019\/08\/426430-PE93QI-643.jpg","width":2000,"height":2000},{"@type":"BreadcrumbList","@id":"https:\/\/amurriobidean.org\/udaren-ostean-12-prestakuntza-akzio-eskainiko-dira-amurrio-bideanen\/#breadcrumb","itemListElement":[{"@type":"ListItem","position":1,"name":"Portada","item":"https:\/\/amurriobidean.org\/es\/"},{"@type":"ListItem","position":2,"name":"A LA VUELTA DEL VERANO SE OFERTAR\u00c1N 12 ACCIONES FORMATIVAS EN AMURRIO BIDEAN"}]},{"@type":"WebSite","@id":"https:\/\/amurriobidean.org\/es\/#website","url":"https:\/\/amurriobidean.org\/es\/","name":"Amurrio Bidean. Garapen Agentzia - Agencia de desarrollo.","description":"Agencia de Desarollo Local de Amurrio","potentialAction":[{"@type":"SearchAction","target":{"@type":"EntryPoint","urlTemplate":"https:\/\/amurriobidean.org\/es\/?s={search_term_string}"},"query-input":{"@type":"PropertyValueSpecification","valueRequired":true,"valueName":"search_term_string"}}],"inLanguage":"es"},{"@type":"Person","@id":"https:\/\/amurriobidean.org\/es\/#\/schema\/person\/56c71b474b3e7f5f5e6f209a6cf3abfe","name":"Amurrio Bidean","image":{"@type":"ImageObject","inLanguage":"es","@id":"https:\/\/amurriobidean.org\/es\/#\/schema\/person\/image\/","url":"https:\/\/secure.gravatar.com\/avatar\/84a34d50800d0bb5d80eba504fc44ed48c9b2faab16ad58fa7d30bce4e2b661e","contentUrl":"https:\/\/secure.gravatar.com\/avatar\/84a34d50800d0bb5d80eba504fc44ed48c9b2faab16ad58fa7d30bce4e2b661e","caption":"Amurrio Bidean"},"sameAs":["http:\/\/www.amurriobidean.eus"],"url":"https:\/\/amurriobidean.org\/es\/author\/amurrio-bidean\/"}]}},"_links":{"self":[{"href":"https:\/\/amurriobidean.org\/es\/wp-json\/wp\/v2\/posts\/3402","targetHints":{"allow":["GET"]}}],"collection":[{"href":"https:\/\/amurriobidean.org\/es\/wp-json\/wp\/v2\/posts"}],"about":[{"href":"https:\/\/amurriobidean.org\/es\/wp-json\/wp\/v2\/types\/post"}],"author":[{"embeddable":true,"href":"https:\/\/amurriobidean.org\/es\/wp-json\/wp\/v2\/users\/2"}],"replies":[{"embeddable":true,"href":"https:\/\/amurriobidean.org\/es\/wp-json\/wp\/v2\/comments?post=3402"}],"version-history":[{"count":0,"href":"https:\/\/amurriobidean.org\/es\/wp-json\/wp\/v2\/posts\/3402\/revisions"}],"wp:featuredmedia":[{"embeddable":true,"href":"https:\/\/amurriobidean.org\/es\/wp-json\/wp\/v2\/media\/3389"}],"wp:attachment":[{"href":"https:\/\/amurriobidean.org\/es\/wp-json\/wp\/v2\/media?parent=3402"}],"wp:term":[{"taxonomy":"category","embeddable":true,"href":"https:\/\/amurriobidean.org\/es\/wp-json\/wp\/v2\/categories?post=3402"},{"taxonomy":"post_tag","embeddable":true,"href":"https:\/\/amurriobidean.org\/es\/wp-json\/wp\/v2\/tags?post=3402"}],"curies":[{"name":"wp","href":"https:\/\/api.w.org\/{rel}","templated":true}]}}