{"id":3249,"date":"2019-03-14T09:50:19","date_gmt":"2019-03-14T09:50:19","guid":{"rendered":"http:\/\/amurriobidean.eus\/livia-lopezek-eta-madalen-urietak-araski-arabako-emakumeen-saskibaloi-taldeko-presidente-eta-entrenatzaileak-martxoaren-20an-amurrioko-emakume-ekintzailearen-jardunaldian-parte-hartuko-dute\/"},"modified":"2019-03-14T09:52:30","modified_gmt":"2019-03-14T09:52:30","slug":"livia-lopezek-eta-madalen-urietak-araski-arabako-emakumeen-saskibaloi-taldeko-presidente-eta-entrenatzaileak-martxoaren-20an-amurrioko-emakume-ekintzailearen-jardunaldian-parte-hartuko-dute","status":"publish","type":"post","link":"https:\/\/amurriobidean.org\/es\/livia-lopezek-eta-madalen-urietak-araski-arabako-emakumeen-saskibaloi-taldeko-presidente-eta-entrenatzaileak-martxoaren-20an-amurrioko-emakume-ekintzailearen-jardunaldian-parte-hartuko-dute\/","title":{"rendered":"Livia L\u00f3pez y Madalen Urieta, presidenta y entrenadora del Araski Arabako Emakumeen Saskibaloia, participar\u00e1n el 20 de marzo en la Jornada de Mujer Emprendedora en Amurrio"},"content":{"rendered":"<p><strong>Con motivo de la celebraci\u00f3n del D\u00eda Internacional de las Mujer, Amurrio Bidean junto con el \u00c1rea de Igualdad del Ayuntamiento de Amurrio ha organizado una jornada donde la mujer emprendedora ser\u00e1 la protagonista. \u00a0Tendr\u00e1 lugar el pr\u00f3ximo 20 de marzo, a las 19.00 h, en el auditorio del Semillero y Centro de Empresas Reforamurrio Enpresaldea.<\/strong><\/p>\n<p>La jornada se iniciar\u00e1 con la charla-coloquio \u201cMujeres Emprendedoras en el Deporte. La experiencia del Araski AES\u201d donde Livia L\u00f3pez y Madelen Urieta, presidenta y entrenadora, respectivamente, del Araski Arabako Emakumeen Saskibaloia, contar\u00e1n c\u00f3mo se inici\u00f3 este proyecto, creado no s\u00f3lo para la formaci\u00f3n y visibilidad de las mujeres en torno al baloncesto, sino como un motor del cambio y la lucha por la igualdad a trav\u00e9s de la transmisi\u00f3n de valores como el trabajo en equipo, el liderazgo, la iniciativa, la toma de decisiones, etc. caracter\u00edsticas propias de la mujer emprendedora. De ser un proyecto ilusionante en el momento de su creaci\u00f3n ha pasado a ser un referente a todos los niveles logrando en la temporada 2016\/2017 debutar en la Liga Femenina, m\u00e1xima competici\u00f3n estatal de clubes femeninos de baloncesto,y manteniendo la permanencia a d\u00eda de hoy.\u00a0 Adem\u00e1s, ambas deportistas est\u00e1n muy unidas a nuestro municipio dado que Madelen es natural de Amurrio y Livia ha residido en Larrinbe.<\/p>\n<p><img fetchpriority=\"high\" decoding=\"async\" class=\"alignnone size-medium wp-image-3243 aligncenter\" src=\"http:\/\/amurriobidean.eus\/wp-content\/uploads\/2019\/03\/1-300x212.png\" alt=\"\" width=\"300\" height=\"212\" srcset=\"https:\/\/amurriobidean.org\/wp-content\/uploads\/2019\/03\/1-300x212.png 300w, https:\/\/amurriobidean.org\/wp-content\/uploads\/2019\/03\/1-768x543.png 768w, https:\/\/amurriobidean.org\/wp-content\/uploads\/2019\/03\/1-1030x728.png 1030w, https:\/\/amurriobidean.org\/wp-content\/uploads\/2019\/03\/1-260x185.png 260w, https:\/\/amurriobidean.org\/wp-content\/uploads\/2019\/03\/1-705x498.png 705w, https:\/\/amurriobidean.org\/wp-content\/uploads\/2019\/03\/1-450x318.png 450w, https:\/\/amurriobidean.org\/wp-content\/uploads\/2019\/03\/1.png 1123w\" sizes=\"(max-width: 300px) 100vw, 300px\" \/><\/p>\n<p>Posteriormente, se reconocer\u00e1 a las mujeres que han puesto en marcha una nueva iniciativa empresarial en nuestro municipio en los dos \u00faltimos a\u00f1os, haci\u00e9ndoles entrega de una figura conmemorativa dise\u00f1ada por la ceramista Eloie Ruiz P\u00e9rez de Nanclares.<\/p>\n<p>De esta forma, se pretende reconocer la iniciativa y esfuerzo que conlleva crear una empresa o establecerse por cuenta propia y por otro lado, sensibilizar y motivar a otras mujeres a emprender.<\/p>\n<p>A su vez, en la jornada se contar\u00e1 con la actuaci\u00f3n de la violinista amurrioarra, Karla Velarde.<\/p>\n<p>La jornada est\u00e1 abierta a la ciudadan\u00eda en general y toda persona interesada puede confirmar su asistencia en Amurrio Bidean Tel 945891721 e.mail. autoempleo@amurriobidean.org.<\/p>\n<p><a href=\"http:\/\/amurriobidean.eus\/wp-content\/uploads\/2019\/03\/Jornada_Mujer_Emprenedora_2019.pdf\">Jornada_Mujer_Emprenedora_2019<\/a><\/p>\n","protected":false},"excerpt":{"rendered":"<p>Con motivo de la celebraci\u00f3n del D\u00eda Internacional de las Mujer, Amurrio Bidean junto con el \u00c1rea de Igualdad del Ayuntamiento de Amurrio ha organizado una jornada donde la mujer emprendedora ser\u00e1 la protagonista. \u00a0Tendr\u00e1 lugar el pr\u00f3ximo 20 de marzo, a las 19.00 h, en el auditorio del Semillero y Centro de Empresas Reforamurrio [&hellip;]<\/p>\n","protected":false},"author":2,"featured_media":3246,"comment_status":"closed","ping_status":"closed","sticky":false,"template":"","format":"standard","meta":{"footnotes":""},"categories":[28],"tags":[],"class_list":["post-3249","post","type-post","status-publish","format-standard","has-post-thumbnail","hentry","category-noticias"],"yoast_head":"<!-- This site is optimized with the Yoast SEO plugin v25.3 - https:\/\/yoast.com\/wordpress\/plugins\/seo\/ -->\n<title>Livia L\u00f3pez y Madalen Urieta, presidenta y entrenadora del Araski Arabako Emakumeen Saskibaloia, participar\u00e1n el 20 de marzo en la Jornada de Mujer Emprendedora en Amurrio - Amurrio Bidean. Garapen Agentzia - Agencia de desarrollo.<\/title>\n<meta name=\"robots\" content=\"index, follow, max-snippet:-1, max-image-preview:large, max-video-preview:-1\" \/>\n<link rel=\"canonical\" href=\"https:\/\/amurriobidean.org\/es\/livia-lopezek-eta-madalen-urietak-araski-arabako-emakumeen-saskibaloi-taldeko-presidente-eta-entrenatzaileak-martxoaren-20an-amurrioko-emakume-ekintzailearen-jardunaldian-parte-hartuko-dute\/\" \/>\n<meta property=\"og:locale\" content=\"es_ES\" \/>\n<meta property=\"og:type\" content=\"article\" \/>\n<meta property=\"og:title\" content=\"Livia L\u00f3pez y Madalen Urieta, presidenta y entrenadora del Araski Arabako Emakumeen Saskibaloia, participar\u00e1n el 20 de marzo en la Jornada de Mujer Emprendedora en Amurrio - Amurrio Bidean. Garapen Agentzia - Agencia de desarrollo.\" \/>\n<meta property=\"og:description\" content=\"Con motivo de la celebraci\u00f3n del D\u00eda Internacional de las Mujer, Amurrio Bidean junto con el \u00c1rea de Igualdad del Ayuntamiento de Amurrio ha organizado una jornada donde la mujer emprendedora ser\u00e1 la protagonista. \u00a0Tendr\u00e1 lugar el pr\u00f3ximo 20 de marzo, a las 19.00 h, en el auditorio del Semillero y Centro de Empresas Reforamurrio [&hellip;]\" \/>\n<meta property=\"og:url\" content=\"https:\/\/amurriobidean.org\/es\/livia-lopezek-eta-madalen-urietak-araski-arabako-emakumeen-saskibaloi-taldeko-presidente-eta-entrenatzaileak-martxoaren-20an-amurrioko-emakume-ekintzailearen-jardunaldian-parte-hartuko-dute\/\" \/>\n<meta property=\"og:site_name\" content=\"Amurrio Bidean. Garapen Agentzia - Agencia de desarrollo.\" \/>\n<meta property=\"article:publisher\" content=\"https:\/\/www.facebook.com\/amurrio.bidean\" \/>\n<meta property=\"article:published_time\" content=\"2019-03-14T09:50:19+00:00\" \/>\n<meta property=\"article:modified_time\" content=\"2019-03-14T09:52:30+00:00\" \/>\n<meta property=\"og:image\" content=\"https:\/\/amurriobidean.org\/wp-content\/uploads\/2019\/03\/3.png\" \/>\n\t<meta property=\"og:image:width\" content=\"1123\" \/>\n\t<meta property=\"og:image:height\" content=\"794\" \/>\n\t<meta property=\"og:image:type\" content=\"image\/png\" \/>\n<meta name=\"author\" content=\"Amurrio Bidean\" \/>\n<meta name=\"twitter:card\" content=\"summary_large_image\" \/>\n<meta name=\"twitter:creator\" content=\"@amurriobidean\" \/>\n<meta name=\"twitter:site\" content=\"@amurriobidean\" \/>\n<meta name=\"twitter:label1\" content=\"Escrito por\" \/>\n\t<meta name=\"twitter:data1\" content=\"Amurrio Bidean\" \/>\n\t<meta name=\"twitter:label2\" content=\"Tiempo de lectura\" \/>\n\t<meta name=\"twitter:data2\" content=\"2 minutos\" \/>\n<script type=\"application\/ld+json\" class=\"yoast-schema-graph\">{\"@context\":\"https:\/\/schema.org\",\"@graph\":[{\"@type\":\"WebPage\",\"@id\":\"https:\/\/amurriobidean.org\/es\/livia-lopezek-eta-madalen-urietak-araski-arabako-emakumeen-saskibaloi-taldeko-presidente-eta-entrenatzaileak-martxoaren-20an-amurrioko-emakume-ekintzailearen-jardunaldian-parte-hartuko-dute\/\",\"url\":\"https:\/\/amurriobidean.org\/es\/livia-lopezek-eta-madalen-urietak-araski-arabako-emakumeen-saskibaloi-taldeko-presidente-eta-entrenatzaileak-martxoaren-20an-amurrioko-emakume-ekintzailearen-jardunaldian-parte-hartuko-dute\/\",\"name\":\"Livia L\u00f3pez y Madalen Urieta, presidenta y entrenadora del Araski Arabako Emakumeen Saskibaloia, participar\u00e1n el 20 de marzo en la Jornada de Mujer Emprendedora en Amurrio - Amurrio Bidean. Garapen Agentzia - Agencia de desarrollo.\",\"isPartOf\":{\"@id\":\"https:\/\/amurriobidean.org\/es\/#website\"},\"primaryImageOfPage\":{\"@id\":\"https:\/\/amurriobidean.org\/es\/livia-lopezek-eta-madalen-urietak-araski-arabako-emakumeen-saskibaloi-taldeko-presidente-eta-entrenatzaileak-martxoaren-20an-amurrioko-emakume-ekintzailearen-jardunaldian-parte-hartuko-dute\/#primaryimage\"},\"image\":{\"@id\":\"https:\/\/amurriobidean.org\/es\/livia-lopezek-eta-madalen-urietak-araski-arabako-emakumeen-saskibaloi-taldeko-presidente-eta-entrenatzaileak-martxoaren-20an-amurrioko-emakume-ekintzailearen-jardunaldian-parte-hartuko-dute\/#primaryimage\"},\"thumbnailUrl\":\"https:\/\/amurriobidean.org\/wp-content\/uploads\/2019\/03\/3.png\",\"datePublished\":\"2019-03-14T09:50:19+00:00\",\"dateModified\":\"2019-03-14T09:52:30+00:00\",\"author\":{\"@id\":\"https:\/\/amurriobidean.org\/es\/#\/schema\/person\/56c71b474b3e7f5f5e6f209a6cf3abfe\"},\"breadcrumb\":{\"@id\":\"https:\/\/amurriobidean.org\/es\/livia-lopezek-eta-madalen-urietak-araski-arabako-emakumeen-saskibaloi-taldeko-presidente-eta-entrenatzaileak-martxoaren-20an-amurrioko-emakume-ekintzailearen-jardunaldian-parte-hartuko-dute\/#breadcrumb\"},\"inLanguage\":\"es\",\"potentialAction\":[{\"@type\":\"ReadAction\",\"target\":[\"https:\/\/amurriobidean.org\/es\/livia-lopezek-eta-madalen-urietak-araski-arabako-emakumeen-saskibaloi-taldeko-presidente-eta-entrenatzaileak-martxoaren-20an-amurrioko-emakume-ekintzailearen-jardunaldian-parte-hartuko-dute\/\"]}]},{\"@type\":\"ImageObject\",\"inLanguage\":\"es\",\"@id\":\"https:\/\/amurriobidean.org\/es\/livia-lopezek-eta-madalen-urietak-araski-arabako-emakumeen-saskibaloi-taldeko-presidente-eta-entrenatzaileak-martxoaren-20an-amurrioko-emakume-ekintzailearen-jardunaldian-parte-hartuko-dute\/#primaryimage\",\"url\":\"https:\/\/amurriobidean.org\/wp-content\/uploads\/2019\/03\/3.png\",\"contentUrl\":\"https:\/\/amurriobidean.org\/wp-content\/uploads\/2019\/03\/3.png\",\"width\":1123,\"height\":794},{\"@type\":\"BreadcrumbList\",\"@id\":\"https:\/\/amurriobidean.org\/es\/livia-lopezek-eta-madalen-urietak-araski-arabako-emakumeen-saskibaloi-taldeko-presidente-eta-entrenatzaileak-martxoaren-20an-amurrioko-emakume-ekintzailearen-jardunaldian-parte-hartuko-dute\/#breadcrumb\",\"itemListElement\":[{\"@type\":\"ListItem\",\"position\":1,\"name\":\"Portada\",\"item\":\"https:\/\/amurriobidean.org\/es\/\"},{\"@type\":\"ListItem\",\"position\":2,\"name\":\"Livia L\u00f3pez y Madalen Urieta, presidenta y entrenadora del Araski Arabako Emakumeen Saskibaloia, participar\u00e1n el 20 de marzo en la Jornada de Mujer Emprendedora en Amurrio\"}]},{\"@type\":\"WebSite\",\"@id\":\"https:\/\/amurriobidean.org\/es\/#website\",\"url\":\"https:\/\/amurriobidean.org\/es\/\",\"name\":\"Amurrio Bidean. Garapen Agentzia - Agencia de desarrollo.\",\"description\":\"Agencia de Desarollo Local de Amurrio\",\"potentialAction\":[{\"@type\":\"SearchAction\",\"target\":{\"@type\":\"EntryPoint\",\"urlTemplate\":\"https:\/\/amurriobidean.org\/es\/?s={search_term_string}\"},\"query-input\":{\"@type\":\"PropertyValueSpecification\",\"valueRequired\":true,\"valueName\":\"search_term_string\"}}],\"inLanguage\":\"es\"},{\"@type\":\"Person\",\"@id\":\"https:\/\/amurriobidean.org\/es\/#\/schema\/person\/56c71b474b3e7f5f5e6f209a6cf3abfe\",\"name\":\"Amurrio Bidean\",\"image\":{\"@type\":\"ImageObject\",\"inLanguage\":\"es\",\"@id\":\"https:\/\/amurriobidean.org\/es\/#\/schema\/person\/image\/\",\"url\":\"https:\/\/secure.gravatar.com\/avatar\/84a34d50800d0bb5d80eba504fc44ed48c9b2faab16ad58fa7d30bce4e2b661e\",\"contentUrl\":\"https:\/\/secure.gravatar.com\/avatar\/84a34d50800d0bb5d80eba504fc44ed48c9b2faab16ad58fa7d30bce4e2b661e\",\"caption\":\"Amurrio Bidean\"},\"sameAs\":[\"http:\/\/www.amurriobidean.eus\"],\"url\":\"https:\/\/amurriobidean.org\/es\/author\/amurrio-bidean\/\"}]}<\/script>\n<!-- \/ Yoast SEO plugin. -->","yoast_head_json":{"title":"Livia L\u00f3pez y Madalen Urieta, presidenta y entrenadora del Araski Arabako Emakumeen Saskibaloia, participar\u00e1n el 20 de marzo en la Jornada de Mujer Emprendedora en Amurrio - Amurrio Bidean. Garapen Agentzia - Agencia de desarrollo.","robots":{"index":"index","follow":"follow","max-snippet":"max-snippet:-1","max-image-preview":"max-image-preview:large","max-video-preview":"max-video-preview:-1"},"canonical":"https:\/\/amurriobidean.org\/es\/livia-lopezek-eta-madalen-urietak-araski-arabako-emakumeen-saskibaloi-taldeko-presidente-eta-entrenatzaileak-martxoaren-20an-amurrioko-emakume-ekintzailearen-jardunaldian-parte-hartuko-dute\/","og_locale":"es_ES","og_type":"article","og_title":"Livia L\u00f3pez y Madalen Urieta, presidenta y entrenadora del Araski Arabako Emakumeen Saskibaloia, participar\u00e1n el 20 de marzo en la Jornada de Mujer Emprendedora en Amurrio - Amurrio Bidean. Garapen Agentzia - Agencia de desarrollo.","og_description":"Con motivo de la celebraci\u00f3n del D\u00eda Internacional de las Mujer, Amurrio Bidean junto con el \u00c1rea de Igualdad del Ayuntamiento de Amurrio ha organizado una jornada donde la mujer emprendedora ser\u00e1 la protagonista. \u00a0Tendr\u00e1 lugar el pr\u00f3ximo 20 de marzo, a las 19.00 h, en el auditorio del Semillero y Centro de Empresas Reforamurrio [&hellip;]","og_url":"https:\/\/amurriobidean.org\/es\/livia-lopezek-eta-madalen-urietak-araski-arabako-emakumeen-saskibaloi-taldeko-presidente-eta-entrenatzaileak-martxoaren-20an-amurrioko-emakume-ekintzailearen-jardunaldian-parte-hartuko-dute\/","og_site_name":"Amurrio Bidean. Garapen Agentzia - Agencia de desarrollo.","article_publisher":"https:\/\/www.facebook.com\/amurrio.bidean","article_published_time":"2019-03-14T09:50:19+00:00","article_modified_time":"2019-03-14T09:52:30+00:00","og_image":[{"width":1123,"height":794,"url":"https:\/\/amurriobidean.org\/wp-content\/uploads\/2019\/03\/3.png","type":"image\/png"}],"author":"Amurrio Bidean","twitter_card":"summary_large_image","twitter_creator":"@amurriobidean","twitter_site":"@amurriobidean","twitter_misc":{"Escrito por":"Amurrio Bidean","Tiempo de lectura":"2 minutos"},"schema":{"@context":"https:\/\/schema.org","@graph":[{"@type":"WebPage","@id":"https:\/\/amurriobidean.org\/es\/livia-lopezek-eta-madalen-urietak-araski-arabako-emakumeen-saskibaloi-taldeko-presidente-eta-entrenatzaileak-martxoaren-20an-amurrioko-emakume-ekintzailearen-jardunaldian-parte-hartuko-dute\/","url":"https:\/\/amurriobidean.org\/es\/livia-lopezek-eta-madalen-urietak-araski-arabako-emakumeen-saskibaloi-taldeko-presidente-eta-entrenatzaileak-martxoaren-20an-amurrioko-emakume-ekintzailearen-jardunaldian-parte-hartuko-dute\/","name":"Livia L\u00f3pez y Madalen Urieta, presidenta y entrenadora del Araski Arabako Emakumeen Saskibaloia, participar\u00e1n el 20 de marzo en la Jornada de Mujer Emprendedora en Amurrio - Amurrio Bidean. Garapen Agentzia - Agencia de desarrollo.","isPartOf":{"@id":"https:\/\/amurriobidean.org\/es\/#website"},"primaryImageOfPage":{"@id":"https:\/\/amurriobidean.org\/es\/livia-lopezek-eta-madalen-urietak-araski-arabako-emakumeen-saskibaloi-taldeko-presidente-eta-entrenatzaileak-martxoaren-20an-amurrioko-emakume-ekintzailearen-jardunaldian-parte-hartuko-dute\/#primaryimage"},"image":{"@id":"https:\/\/amurriobidean.org\/es\/livia-lopezek-eta-madalen-urietak-araski-arabako-emakumeen-saskibaloi-taldeko-presidente-eta-entrenatzaileak-martxoaren-20an-amurrioko-emakume-ekintzailearen-jardunaldian-parte-hartuko-dute\/#primaryimage"},"thumbnailUrl":"https:\/\/amurriobidean.org\/wp-content\/uploads\/2019\/03\/3.png","datePublished":"2019-03-14T09:50:19+00:00","dateModified":"2019-03-14T09:52:30+00:00","author":{"@id":"https:\/\/amurriobidean.org\/es\/#\/schema\/person\/56c71b474b3e7f5f5e6f209a6cf3abfe"},"breadcrumb":{"@id":"https:\/\/amurriobidean.org\/es\/livia-lopezek-eta-madalen-urietak-araski-arabako-emakumeen-saskibaloi-taldeko-presidente-eta-entrenatzaileak-martxoaren-20an-amurrioko-emakume-ekintzailearen-jardunaldian-parte-hartuko-dute\/#breadcrumb"},"inLanguage":"es","potentialAction":[{"@type":"ReadAction","target":["https:\/\/amurriobidean.org\/es\/livia-lopezek-eta-madalen-urietak-araski-arabako-emakumeen-saskibaloi-taldeko-presidente-eta-entrenatzaileak-martxoaren-20an-amurrioko-emakume-ekintzailearen-jardunaldian-parte-hartuko-dute\/"]}]},{"@type":"ImageObject","inLanguage":"es","@id":"https:\/\/amurriobidean.org\/es\/livia-lopezek-eta-madalen-urietak-araski-arabako-emakumeen-saskibaloi-taldeko-presidente-eta-entrenatzaileak-martxoaren-20an-amurrioko-emakume-ekintzailearen-jardunaldian-parte-hartuko-dute\/#primaryimage","url":"https:\/\/amurriobidean.org\/wp-content\/uploads\/2019\/03\/3.png","contentUrl":"https:\/\/amurriobidean.org\/wp-content\/uploads\/2019\/03\/3.png","width":1123,"height":794},{"@type":"BreadcrumbList","@id":"https:\/\/amurriobidean.org\/es\/livia-lopezek-eta-madalen-urietak-araski-arabako-emakumeen-saskibaloi-taldeko-presidente-eta-entrenatzaileak-martxoaren-20an-amurrioko-emakume-ekintzailearen-jardunaldian-parte-hartuko-dute\/#breadcrumb","itemListElement":[{"@type":"ListItem","position":1,"name":"Portada","item":"https:\/\/amurriobidean.org\/es\/"},{"@type":"ListItem","position":2,"name":"Livia L\u00f3pez y Madalen Urieta, presidenta y entrenadora del Araski Arabako Emakumeen Saskibaloia, participar\u00e1n el 20 de marzo en la Jornada de Mujer Emprendedora en Amurrio"}]},{"@type":"WebSite","@id":"https:\/\/amurriobidean.org\/es\/#website","url":"https:\/\/amurriobidean.org\/es\/","name":"Amurrio Bidean. Garapen Agentzia - Agencia de desarrollo.","description":"Agencia de Desarollo Local de Amurrio","potentialAction":[{"@type":"SearchAction","target":{"@type":"EntryPoint","urlTemplate":"https:\/\/amurriobidean.org\/es\/?s={search_term_string}"},"query-input":{"@type":"PropertyValueSpecification","valueRequired":true,"valueName":"search_term_string"}}],"inLanguage":"es"},{"@type":"Person","@id":"https:\/\/amurriobidean.org\/es\/#\/schema\/person\/56c71b474b3e7f5f5e6f209a6cf3abfe","name":"Amurrio Bidean","image":{"@type":"ImageObject","inLanguage":"es","@id":"https:\/\/amurriobidean.org\/es\/#\/schema\/person\/image\/","url":"https:\/\/secure.gravatar.com\/avatar\/84a34d50800d0bb5d80eba504fc44ed48c9b2faab16ad58fa7d30bce4e2b661e","contentUrl":"https:\/\/secure.gravatar.com\/avatar\/84a34d50800d0bb5d80eba504fc44ed48c9b2faab16ad58fa7d30bce4e2b661e","caption":"Amurrio Bidean"},"sameAs":["http:\/\/www.amurriobidean.eus"],"url":"https:\/\/amurriobidean.org\/es\/author\/amurrio-bidean\/"}]}},"_links":{"self":[{"href":"https:\/\/amurriobidean.org\/es\/wp-json\/wp\/v2\/posts\/3249","targetHints":{"allow":["GET"]}}],"collection":[{"href":"https:\/\/amurriobidean.org\/es\/wp-json\/wp\/v2\/posts"}],"about":[{"href":"https:\/\/amurriobidean.org\/es\/wp-json\/wp\/v2\/types\/post"}],"author":[{"embeddable":true,"href":"https:\/\/amurriobidean.org\/es\/wp-json\/wp\/v2\/users\/2"}],"replies":[{"embeddable":true,"href":"https:\/\/amurriobidean.org\/es\/wp-json\/wp\/v2\/comments?post=3249"}],"version-history":[{"count":0,"href":"https:\/\/amurriobidean.org\/es\/wp-json\/wp\/v2\/posts\/3249\/revisions"}],"wp:featuredmedia":[{"embeddable":true,"href":"https:\/\/amurriobidean.org\/es\/wp-json\/wp\/v2\/media\/3246"}],"wp:attachment":[{"href":"https:\/\/amurriobidean.org\/es\/wp-json\/wp\/v2\/media?parent=3249"}],"wp:term":[{"taxonomy":"category","embeddable":true,"href":"https:\/\/amurriobidean.org\/es\/wp-json\/wp\/v2\/categories?post=3249"},{"taxonomy":"post_tag","embeddable":true,"href":"https:\/\/amurriobidean.org\/es\/wp-json\/wp\/v2\/tags?post=3249"}],"curies":[{"name":"wp","href":"https:\/\/api.w.org\/{rel}","templated":true}]}}