{"id":3182,"date":"2019-02-19T09:25:24","date_gmt":"2019-02-19T09:25:24","guid":{"rendered":"http:\/\/amurriobidean.eus\/?p=3182"},"modified":"2019-02-19T09:25:24","modified_gmt":"2019-02-19T09:25:24","slug":"amurrio-participa-de-forma-activa-en-la-nueva-edicion-de-alava-emprende","status":"publish","type":"post","link":"https:\/\/amurriobidean.org\/es\/amurrio-participa-de-forma-activa-en-la-nueva-edicion-de-alava-emprende\/","title":{"rendered":"Amurrio participa de forma activa en la nueva Edici\u00f3n de \u00c1lava Emprende"},"content":{"rendered":"<p><strong>Esta iniciativa, que este a\u00f1o celebra su XV edici\u00f3n, est\u00e1 impulsada por la Diputaci\u00f3n Foral de \u00c1lava en colaboraci\u00f3n con entidades y agentes (Ayto. Vitoria, BIC Araba, Fundaci\u00f3n Vital, etc) que trabajan y fomentan el emprendimiento en nuestra provincia incluida Amurrio Bidean (Agencia de Desarrollo Local del Ayuntamiento de Amurrio).<\/strong><\/p>\n<p>En esta nueva edici\u00f3n de \u00c1lava Emprende, cuyo objetivo es impulsar el esp\u00edritu emprendedor en todo nuestro territorio, se han programado numerosas actividades a lo largo del a\u00f1o que pretenden visibilizar y conectar a la comunidad emprendedora alavesa.<\/p>\n<p>Del 18 de febrero al 3 de marzo va a estar instalada en el paseo de nuestro municipio una estructura informativa en forma de cubo con el programa de actividades para darlo a conocer a toda la ciudadan\u00eda.<\/p>\n<p>Una de las actividades clave de \u00c1lava Emprende es el concurso de ideas emprendedoras \u201cTu idea cuenta\u201d. El objetivo de este concurso es dar a conocer ideas o proyectos emprendedores, promovidos por personas alavesas. En esta edici\u00f3n, se han ampliado las categor\u00edas (ideas, sostenibilidad, comercio y turismo, agroalimentario, industrial, servicios, etc) as\u00ed como los premios (desde los 500 \u20ac hasta los 4.000 \u20ac). El plazo para presentar propuestas finaliza el pr\u00f3ximo 11 de marzo a las 14.00 h<\/p>\n<p>Por otro lado, la primera actividad que se va a desarrollar en nuestro municipio es un <strong>Taller de Marca Personal<\/strong> impartido por Miguel de Andr\u00e9s, experto en esta materia. El taller est\u00e1 dirigido a personas emprendedoras, freelances, estudiantes o cualquier otro profesional interesado en mejorar en su \u00e1mbito laboral. Con este taller, se pretende dotar a las personas asistentes de los conocimientos y herramientas necesarios para crear y gestionar su propia marca personal y as\u00ed diferenciarse en el mercado. El taller es gratuito y tendr\u00e1 lugar el pr\u00f3ximo 21 de marzo de 16.00 a 19.00 h en Reforamurrio Enpresaldea.<\/p>\n<p>Las personas interesadas en participar en este taller o ampliar informaci\u00f3n sobre el Concurso \u201cTu idea Cuenta\u201d pueden hacerlo a trav\u00e9s de Amurrio Bidean Tel 945891721 o mail. <a href=\"mailto:autoempleo@amurriobidean.org\">autoempleo@amurriobidean.org<\/a> o tambi\u00e9n consultando\u00a0 <a href=\"http:\/\/www.alavaemprende.com\">www.alavaemprende.com<\/a><\/p>\n<p>&nbsp;<\/p>\n","protected":false},"excerpt":{"rendered":"<p>Esta iniciativa, que este a\u00f1o celebra su XV edici\u00f3n, est\u00e1 impulsada por la Diputaci\u00f3n Foral de \u00c1lava en colaboraci\u00f3n con entidades y agentes (Ayto. Vitoria, BIC Araba, Fundaci\u00f3n Vital, etc) que trabajan y fomentan el emprendimiento en nuestra provincia incluida Amurrio Bidean (Agencia de Desarrollo Local del Ayuntamiento de Amurrio). En esta nueva edici\u00f3n de [&hellip;]<\/p>\n","protected":false},"author":2,"featured_media":3183,"comment_status":"closed","ping_status":"closed","sticky":false,"template":"","format":"standard","meta":{"footnotes":""},"categories":[28],"tags":[],"class_list":["post-3182","post","type-post","status-publish","format-standard","has-post-thumbnail","hentry","category-noticias"],"yoast_head":"<!-- This site is optimized with the Yoast SEO plugin v25.3 - https:\/\/yoast.com\/wordpress\/plugins\/seo\/ -->\n<title>Amurrio participa de forma activa en la nueva Edici\u00f3n de \u00c1lava Emprende - Amurrio Bidean. Garapen Agentzia - Agencia de desarrollo.<\/title>\n<meta name=\"robots\" content=\"index, follow, max-snippet:-1, max-image-preview:large, max-video-preview:-1\" \/>\n<link rel=\"canonical\" href=\"https:\/\/amurriobidean.org\/es\/amurrio-participa-de-forma-activa-en-la-nueva-edicion-de-alava-emprende\/\" \/>\n<meta property=\"og:locale\" content=\"es_ES\" \/>\n<meta property=\"og:type\" content=\"article\" \/>\n<meta property=\"og:title\" content=\"Amurrio participa de forma activa en la nueva Edici\u00f3n de \u00c1lava Emprende - Amurrio Bidean. Garapen Agentzia - Agencia de desarrollo.\" \/>\n<meta property=\"og:description\" content=\"Esta iniciativa, que este a\u00f1o celebra su XV edici\u00f3n, est\u00e1 impulsada por la Diputaci\u00f3n Foral de \u00c1lava en colaboraci\u00f3n con entidades y agentes (Ayto. Vitoria, BIC Araba, Fundaci\u00f3n Vital, etc) que trabajan y fomentan el emprendimiento en nuestra provincia incluida Amurrio Bidean (Agencia de Desarrollo Local del Ayuntamiento de Amurrio). En esta nueva edici\u00f3n de [&hellip;]\" \/>\n<meta property=\"og:url\" content=\"https:\/\/amurriobidean.org\/es\/amurrio-participa-de-forma-activa-en-la-nueva-edicion-de-alava-emprende\/\" \/>\n<meta property=\"og:site_name\" content=\"Amurrio Bidean. Garapen Agentzia - Agencia de desarrollo.\" \/>\n<meta property=\"article:publisher\" content=\"https:\/\/www.facebook.com\/amurrio.bidean\" \/>\n<meta property=\"article:published_time\" content=\"2019-02-19T09:25:24+00:00\" \/>\n<meta property=\"og:image\" content=\"https:\/\/amurriobidean.org\/wp-content\/uploads\/2019\/02\/alavaemprende_nuevo_logo.png\" \/>\n\t<meta property=\"og:image:width\" content=\"233\" \/>\n\t<meta property=\"og:image:height\" content=\"95\" \/>\n\t<meta property=\"og:image:type\" content=\"image\/png\" \/>\n<meta name=\"author\" content=\"Amurrio Bidean\" \/>\n<meta name=\"twitter:card\" content=\"summary_large_image\" \/>\n<meta name=\"twitter:creator\" content=\"@amurriobidean\" \/>\n<meta name=\"twitter:site\" content=\"@amurriobidean\" \/>\n<meta name=\"twitter:label1\" content=\"Escrito por\" \/>\n\t<meta name=\"twitter:data1\" content=\"Amurrio Bidean\" \/>\n\t<meta name=\"twitter:label2\" content=\"Tiempo de lectura\" \/>\n\t<meta name=\"twitter:data2\" content=\"2 minutos\" \/>\n<script type=\"application\/ld+json\" class=\"yoast-schema-graph\">{\"@context\":\"https:\/\/schema.org\",\"@graph\":[{\"@type\":\"WebPage\",\"@id\":\"https:\/\/amurriobidean.org\/es\/amurrio-participa-de-forma-activa-en-la-nueva-edicion-de-alava-emprende\/\",\"url\":\"https:\/\/amurriobidean.org\/es\/amurrio-participa-de-forma-activa-en-la-nueva-edicion-de-alava-emprende\/\",\"name\":\"Amurrio participa de forma activa en la nueva Edici\u00f3n de \u00c1lava Emprende - Amurrio Bidean. Garapen Agentzia - Agencia de desarrollo.\",\"isPartOf\":{\"@id\":\"https:\/\/amurriobidean.org\/es\/#website\"},\"primaryImageOfPage\":{\"@id\":\"https:\/\/amurriobidean.org\/es\/amurrio-participa-de-forma-activa-en-la-nueva-edicion-de-alava-emprende\/#primaryimage\"},\"image\":{\"@id\":\"https:\/\/amurriobidean.org\/es\/amurrio-participa-de-forma-activa-en-la-nueva-edicion-de-alava-emprende\/#primaryimage\"},\"thumbnailUrl\":\"https:\/\/amurriobidean.org\/wp-content\/uploads\/2019\/02\/alavaemprende_nuevo_logo.png\",\"datePublished\":\"2019-02-19T09:25:24+00:00\",\"author\":{\"@id\":\"https:\/\/amurriobidean.org\/es\/#\/schema\/person\/56c71b474b3e7f5f5e6f209a6cf3abfe\"},\"breadcrumb\":{\"@id\":\"https:\/\/amurriobidean.org\/es\/amurrio-participa-de-forma-activa-en-la-nueva-edicion-de-alava-emprende\/#breadcrumb\"},\"inLanguage\":\"es\",\"potentialAction\":[{\"@type\":\"ReadAction\",\"target\":[\"https:\/\/amurriobidean.org\/es\/amurrio-participa-de-forma-activa-en-la-nueva-edicion-de-alava-emprende\/\"]}]},{\"@type\":\"ImageObject\",\"inLanguage\":\"es\",\"@id\":\"https:\/\/amurriobidean.org\/es\/amurrio-participa-de-forma-activa-en-la-nueva-edicion-de-alava-emprende\/#primaryimage\",\"url\":\"https:\/\/amurriobidean.org\/wp-content\/uploads\/2019\/02\/alavaemprende_nuevo_logo.png\",\"contentUrl\":\"https:\/\/amurriobidean.org\/wp-content\/uploads\/2019\/02\/alavaemprende_nuevo_logo.png\",\"width\":233,\"height\":95},{\"@type\":\"BreadcrumbList\",\"@id\":\"https:\/\/amurriobidean.org\/es\/amurrio-participa-de-forma-activa-en-la-nueva-edicion-de-alava-emprende\/#breadcrumb\",\"itemListElement\":[{\"@type\":\"ListItem\",\"position\":1,\"name\":\"Portada\",\"item\":\"https:\/\/amurriobidean.org\/es\/\"},{\"@type\":\"ListItem\",\"position\":2,\"name\":\"Amurrio participa de forma activa en la nueva Edici\u00f3n de \u00c1lava Emprende\"}]},{\"@type\":\"WebSite\",\"@id\":\"https:\/\/amurriobidean.org\/es\/#website\",\"url\":\"https:\/\/amurriobidean.org\/es\/\",\"name\":\"Amurrio Bidean. Garapen Agentzia - Agencia de desarrollo.\",\"description\":\"Agencia de Desarollo Local de Amurrio\",\"potentialAction\":[{\"@type\":\"SearchAction\",\"target\":{\"@type\":\"EntryPoint\",\"urlTemplate\":\"https:\/\/amurriobidean.org\/es\/?s={search_term_string}\"},\"query-input\":{\"@type\":\"PropertyValueSpecification\",\"valueRequired\":true,\"valueName\":\"search_term_string\"}}],\"inLanguage\":\"es\"},{\"@type\":\"Person\",\"@id\":\"https:\/\/amurriobidean.org\/es\/#\/schema\/person\/56c71b474b3e7f5f5e6f209a6cf3abfe\",\"name\":\"Amurrio Bidean\",\"image\":{\"@type\":\"ImageObject\",\"inLanguage\":\"es\",\"@id\":\"https:\/\/amurriobidean.org\/es\/#\/schema\/person\/image\/\",\"url\":\"https:\/\/secure.gravatar.com\/avatar\/84a34d50800d0bb5d80eba504fc44ed48c9b2faab16ad58fa7d30bce4e2b661e\",\"contentUrl\":\"https:\/\/secure.gravatar.com\/avatar\/84a34d50800d0bb5d80eba504fc44ed48c9b2faab16ad58fa7d30bce4e2b661e\",\"caption\":\"Amurrio Bidean\"},\"sameAs\":[\"http:\/\/www.amurriobidean.eus\"],\"url\":\"https:\/\/amurriobidean.org\/es\/author\/amurrio-bidean\/\"}]}<\/script>\n<!-- \/ Yoast SEO plugin. -->","yoast_head_json":{"title":"Amurrio participa de forma activa en la nueva Edici\u00f3n de \u00c1lava Emprende - Amurrio Bidean. Garapen Agentzia - Agencia de desarrollo.","robots":{"index":"index","follow":"follow","max-snippet":"max-snippet:-1","max-image-preview":"max-image-preview:large","max-video-preview":"max-video-preview:-1"},"canonical":"https:\/\/amurriobidean.org\/es\/amurrio-participa-de-forma-activa-en-la-nueva-edicion-de-alava-emprende\/","og_locale":"es_ES","og_type":"article","og_title":"Amurrio participa de forma activa en la nueva Edici\u00f3n de \u00c1lava Emprende - Amurrio Bidean. Garapen Agentzia - Agencia de desarrollo.","og_description":"Esta iniciativa, que este a\u00f1o celebra su XV edici\u00f3n, est\u00e1 impulsada por la Diputaci\u00f3n Foral de \u00c1lava en colaboraci\u00f3n con entidades y agentes (Ayto. Vitoria, BIC Araba, Fundaci\u00f3n Vital, etc) que trabajan y fomentan el emprendimiento en nuestra provincia incluida Amurrio Bidean (Agencia de Desarrollo Local del Ayuntamiento de Amurrio). En esta nueva edici\u00f3n de [&hellip;]","og_url":"https:\/\/amurriobidean.org\/es\/amurrio-participa-de-forma-activa-en-la-nueva-edicion-de-alava-emprende\/","og_site_name":"Amurrio Bidean. Garapen Agentzia - Agencia de desarrollo.","article_publisher":"https:\/\/www.facebook.com\/amurrio.bidean","article_published_time":"2019-02-19T09:25:24+00:00","og_image":[{"width":233,"height":95,"url":"https:\/\/amurriobidean.org\/wp-content\/uploads\/2019\/02\/alavaemprende_nuevo_logo.png","type":"image\/png"}],"author":"Amurrio Bidean","twitter_card":"summary_large_image","twitter_creator":"@amurriobidean","twitter_site":"@amurriobidean","twitter_misc":{"Escrito por":"Amurrio Bidean","Tiempo de lectura":"2 minutos"},"schema":{"@context":"https:\/\/schema.org","@graph":[{"@type":"WebPage","@id":"https:\/\/amurriobidean.org\/es\/amurrio-participa-de-forma-activa-en-la-nueva-edicion-de-alava-emprende\/","url":"https:\/\/amurriobidean.org\/es\/amurrio-participa-de-forma-activa-en-la-nueva-edicion-de-alava-emprende\/","name":"Amurrio participa de forma activa en la nueva Edici\u00f3n de \u00c1lava Emprende - Amurrio Bidean. Garapen Agentzia - Agencia de desarrollo.","isPartOf":{"@id":"https:\/\/amurriobidean.org\/es\/#website"},"primaryImageOfPage":{"@id":"https:\/\/amurriobidean.org\/es\/amurrio-participa-de-forma-activa-en-la-nueva-edicion-de-alava-emprende\/#primaryimage"},"image":{"@id":"https:\/\/amurriobidean.org\/es\/amurrio-participa-de-forma-activa-en-la-nueva-edicion-de-alava-emprende\/#primaryimage"},"thumbnailUrl":"https:\/\/amurriobidean.org\/wp-content\/uploads\/2019\/02\/alavaemprende_nuevo_logo.png","datePublished":"2019-02-19T09:25:24+00:00","author":{"@id":"https:\/\/amurriobidean.org\/es\/#\/schema\/person\/56c71b474b3e7f5f5e6f209a6cf3abfe"},"breadcrumb":{"@id":"https:\/\/amurriobidean.org\/es\/amurrio-participa-de-forma-activa-en-la-nueva-edicion-de-alava-emprende\/#breadcrumb"},"inLanguage":"es","potentialAction":[{"@type":"ReadAction","target":["https:\/\/amurriobidean.org\/es\/amurrio-participa-de-forma-activa-en-la-nueva-edicion-de-alava-emprende\/"]}]},{"@type":"ImageObject","inLanguage":"es","@id":"https:\/\/amurriobidean.org\/es\/amurrio-participa-de-forma-activa-en-la-nueva-edicion-de-alava-emprende\/#primaryimage","url":"https:\/\/amurriobidean.org\/wp-content\/uploads\/2019\/02\/alavaemprende_nuevo_logo.png","contentUrl":"https:\/\/amurriobidean.org\/wp-content\/uploads\/2019\/02\/alavaemprende_nuevo_logo.png","width":233,"height":95},{"@type":"BreadcrumbList","@id":"https:\/\/amurriobidean.org\/es\/amurrio-participa-de-forma-activa-en-la-nueva-edicion-de-alava-emprende\/#breadcrumb","itemListElement":[{"@type":"ListItem","position":1,"name":"Portada","item":"https:\/\/amurriobidean.org\/es\/"},{"@type":"ListItem","position":2,"name":"Amurrio participa de forma activa en la nueva Edici\u00f3n de \u00c1lava Emprende"}]},{"@type":"WebSite","@id":"https:\/\/amurriobidean.org\/es\/#website","url":"https:\/\/amurriobidean.org\/es\/","name":"Amurrio Bidean. Garapen Agentzia - Agencia de desarrollo.","description":"Agencia de Desarollo Local de Amurrio","potentialAction":[{"@type":"SearchAction","target":{"@type":"EntryPoint","urlTemplate":"https:\/\/amurriobidean.org\/es\/?s={search_term_string}"},"query-input":{"@type":"PropertyValueSpecification","valueRequired":true,"valueName":"search_term_string"}}],"inLanguage":"es"},{"@type":"Person","@id":"https:\/\/amurriobidean.org\/es\/#\/schema\/person\/56c71b474b3e7f5f5e6f209a6cf3abfe","name":"Amurrio Bidean","image":{"@type":"ImageObject","inLanguage":"es","@id":"https:\/\/amurriobidean.org\/es\/#\/schema\/person\/image\/","url":"https:\/\/secure.gravatar.com\/avatar\/84a34d50800d0bb5d80eba504fc44ed48c9b2faab16ad58fa7d30bce4e2b661e","contentUrl":"https:\/\/secure.gravatar.com\/avatar\/84a34d50800d0bb5d80eba504fc44ed48c9b2faab16ad58fa7d30bce4e2b661e","caption":"Amurrio Bidean"},"sameAs":["http:\/\/www.amurriobidean.eus"],"url":"https:\/\/amurriobidean.org\/es\/author\/amurrio-bidean\/"}]}},"_links":{"self":[{"href":"https:\/\/amurriobidean.org\/es\/wp-json\/wp\/v2\/posts\/3182","targetHints":{"allow":["GET"]}}],"collection":[{"href":"https:\/\/amurriobidean.org\/es\/wp-json\/wp\/v2\/posts"}],"about":[{"href":"https:\/\/amurriobidean.org\/es\/wp-json\/wp\/v2\/types\/post"}],"author":[{"embeddable":true,"href":"https:\/\/amurriobidean.org\/es\/wp-json\/wp\/v2\/users\/2"}],"replies":[{"embeddable":true,"href":"https:\/\/amurriobidean.org\/es\/wp-json\/wp\/v2\/comments?post=3182"}],"version-history":[{"count":0,"href":"https:\/\/amurriobidean.org\/es\/wp-json\/wp\/v2\/posts\/3182\/revisions"}],"wp:featuredmedia":[{"embeddable":true,"href":"https:\/\/amurriobidean.org\/es\/wp-json\/wp\/v2\/media\/3183"}],"wp:attachment":[{"href":"https:\/\/amurriobidean.org\/es\/wp-json\/wp\/v2\/media?parent=3182"}],"wp:term":[{"taxonomy":"category","embeddable":true,"href":"https:\/\/amurriobidean.org\/es\/wp-json\/wp\/v2\/categories?post=3182"},{"taxonomy":"post_tag","embeddable":true,"href":"https:\/\/amurriobidean.org\/es\/wp-json\/wp\/v2\/tags?post=3182"}],"curies":[{"name":"wp","href":"https:\/\/api.w.org\/{rel}","templated":true}]}}