{"id":3173,"date":"2019-02-18T10:54:13","date_gmt":"2019-02-18T10:54:13","guid":{"rendered":"http:\/\/amurriobidean.eus\/datu-pertsonalak-babesteko-legea-izango-da-ostegun-digitalak-ekimeneko-hurrengo-saioetako-gai-nagusia-eta-enpresa-txikiei-eta-autonomoei-zuzenduta-egongo-da\/"},"modified":"2019-02-18T10:56:40","modified_gmt":"2019-02-18T10:56:40","slug":"datu-pertsonalak-babesteko-legea-izango-da-ostegun-digitalak-ekimeneko-hurrengo-saioetako-gai-nagusia-eta-enpresa-txikiei-eta-autonomoei-zuzenduta-egongo-da","status":"publish","type":"post","link":"https:\/\/amurriobidean.org\/es\/datu-pertsonalak-babesteko-legea-izango-da-ostegun-digitalak-ekimeneko-hurrengo-saioetako-gai-nagusia-eta-enpresa-txikiei-eta-autonomoei-zuzenduta-egongo-da\/","title":{"rendered":"La ley de protecci\u00f3n de datos personales ser\u00e1 la tem\u00e1tica de los pr\u00f3ximos Jueves Digitales para peque\u00f1as empresas y aut\u00f3nomos"},"content":{"rendered":"<p><strong>Los pr\u00f3ximos 7 y 14 de marzo, jueves, de 14 a 16 horas en Amurrio Bidean se impartir\u00e1 una formaci\u00f3n, en colaboraci\u00f3n con Mikroenpresa Digitala, para apoyar a las empresas y personas aut\u00f3nomas locales para que se adapten a la legislaci\u00f3n de protecci\u00f3n de datos personales<\/strong><\/p>\n<p>Se trata de un curso para que las peque\u00f1as empresas y profesionales aut\u00f3nomos de cualquier sector conozcan los principios, derechos y obligaciones que recoge la actual legislaci\u00f3n de protecci\u00f3n de datos personales en relaci\u00f3n a todos los datos personales con los que trabaja una empresa.<\/p>\n<p>En 2018 se ha actualizado la normativa de protecci\u00f3n de datos personales con el Reglamento Europeo y la nueva Ley org\u00e1nica de protecci\u00f3n de datos personales y garant\u00eda de derechos digitales (LOPD-GDD) y todas las empresas de cualquier sector que realicen cualquier tratamiento de datos personales, deben cumplir con esta legislaci\u00f3n.<\/p>\n<p>Este curso se plantea para poder dar respuesta a las diversas cuestiones que peque\u00f1as empresas o aut\u00f3nomos del municipio que trabajan con datos personales de clientes particulares han derivado a la Agencia de Desarrollo, Amurrio Bidean.\u00a0 En el mismo se dar\u00e1 a conocer c\u00f3mo afecta a los participantes la normativa de Protecci\u00f3n de Datos en la empresa, con el objetivo de que sean conscientes de los datos de que disponen, los tratamientos que realizan y cu\u00e1l es la responsabilidad de la empresa ante cualquier incumplimiento.<\/p>\n<p>A su vez, se podr\u00e1n resolver cuestiones pr\u00e1cticas sobre qu\u00e9 exige la legislaci\u00f3n de protecci\u00f3n de datos personales: c\u00f3mo redactar las cl\u00e1usulas informativas y los contratos de tratamiento seg\u00fan el nuevo Reglamento, c\u00f3mo cumplimentar el Registro de Actividades de Tratamiento o c\u00f3mo responder ante el ejercicio de los derechos que contempla el Reglamento de Protecci\u00f3n de Datos Europeo.<\/p>\n<p>Para m\u00e1s informaci\u00f3n e inscripciones contactar con Amurrio Bidean en el tel\u00e9fono 945891721 o a trav\u00e9s del correo empresa@amurriobidean.org<\/p>\n<p><img fetchpriority=\"high\" decoding=\"async\" class=\"alignnone size-medium wp-image-3177\" src=\"http:\/\/amurriobidean.eus\/wp-content\/uploads\/2019\/02\/RGPD_CAST-212x300.jpg\" alt=\"\" width=\"212\" height=\"300\" srcset=\"https:\/\/amurriobidean.org\/wp-content\/uploads\/2019\/02\/RGPD_CAST-212x300.jpg 212w, https:\/\/amurriobidean.org\/wp-content\/uploads\/2019\/02\/RGPD_CAST-768x1086.jpg 768w, https:\/\/amurriobidean.org\/wp-content\/uploads\/2019\/02\/RGPD_CAST-728x1030.jpg 728w, https:\/\/amurriobidean.org\/wp-content\/uploads\/2019\/02\/RGPD_CAST-1061x1500.jpg 1061w, https:\/\/amurriobidean.org\/wp-content\/uploads\/2019\/02\/RGPD_CAST-498x705.jpg 498w, https:\/\/amurriobidean.org\/wp-content\/uploads\/2019\/02\/RGPD_CAST-450x636.jpg 450w, https:\/\/amurriobidean.org\/wp-content\/uploads\/2019\/02\/RGPD_CAST.jpg 1448w\" sizes=\"(max-width: 212px) 100vw, 212px\" \/><\/p>\n","protected":false},"excerpt":{"rendered":"<p>Los pr\u00f3ximos 7 y 14 de marzo, jueves, de 14 a 16 horas en Amurrio Bidean se impartir\u00e1 una formaci\u00f3n, en colaboraci\u00f3n con Mikroenpresa Digitala, para apoyar a las empresas y personas aut\u00f3nomas locales para que se adapten a la legislaci\u00f3n de protecci\u00f3n de datos personales Se trata de un curso para que las peque\u00f1as [&hellip;]<\/p>\n","protected":false},"author":2,"featured_media":3177,"comment_status":"closed","ping_status":"closed","sticky":false,"template":"","format":"standard","meta":{"footnotes":""},"categories":[28],"tags":[],"class_list":["post-3173","post","type-post","status-publish","format-standard","has-post-thumbnail","hentry","category-noticias"],"yoast_head":"<!-- This site is optimized with the Yoast SEO plugin v25.3 - https:\/\/yoast.com\/wordpress\/plugins\/seo\/ -->\n<title>La ley de protecci\u00f3n de datos personales ser\u00e1 la tem\u00e1tica de los pr\u00f3ximos Jueves Digitales para peque\u00f1as empresas y aut\u00f3nomos - Amurrio Bidean. Garapen Agentzia - Agencia de desarrollo.<\/title>\n<meta name=\"robots\" content=\"index, follow, max-snippet:-1, max-image-preview:large, max-video-preview:-1\" \/>\n<link rel=\"canonical\" href=\"https:\/\/amurriobidean.org\/es\/datu-pertsonalak-babesteko-legea-izango-da-ostegun-digitalak-ekimeneko-hurrengo-saioetako-gai-nagusia-eta-enpresa-txikiei-eta-autonomoei-zuzenduta-egongo-da\/\" \/>\n<meta property=\"og:locale\" content=\"es_ES\" \/>\n<meta property=\"og:type\" content=\"article\" \/>\n<meta property=\"og:title\" content=\"La ley de protecci\u00f3n de datos personales ser\u00e1 la tem\u00e1tica de los pr\u00f3ximos Jueves Digitales para peque\u00f1as empresas y aut\u00f3nomos - Amurrio Bidean. Garapen Agentzia - Agencia de desarrollo.\" \/>\n<meta property=\"og:description\" content=\"Los pr\u00f3ximos 7 y 14 de marzo, jueves, de 14 a 16 horas en Amurrio Bidean se impartir\u00e1 una formaci\u00f3n, en colaboraci\u00f3n con Mikroenpresa Digitala, para apoyar a las empresas y personas aut\u00f3nomas locales para que se adapten a la legislaci\u00f3n de protecci\u00f3n de datos personales Se trata de un curso para que las peque\u00f1as [&hellip;]\" \/>\n<meta property=\"og:url\" content=\"https:\/\/amurriobidean.org\/es\/datu-pertsonalak-babesteko-legea-izango-da-ostegun-digitalak-ekimeneko-hurrengo-saioetako-gai-nagusia-eta-enpresa-txikiei-eta-autonomoei-zuzenduta-egongo-da\/\" \/>\n<meta property=\"og:site_name\" content=\"Amurrio Bidean. Garapen Agentzia - Agencia de desarrollo.\" \/>\n<meta property=\"article:publisher\" content=\"https:\/\/www.facebook.com\/amurrio.bidean\" \/>\n<meta property=\"article:published_time\" content=\"2019-02-18T10:54:13+00:00\" \/>\n<meta property=\"article:modified_time\" content=\"2019-02-18T10:56:40+00:00\" \/>\n<meta property=\"og:image\" content=\"https:\/\/amurriobidean.org\/wp-content\/uploads\/2019\/02\/RGPD_CAST.jpg\" \/>\n\t<meta property=\"og:image:width\" content=\"1448\" \/>\n\t<meta property=\"og:image:height\" content=\"2048\" \/>\n\t<meta property=\"og:image:type\" content=\"image\/jpeg\" \/>\n<meta name=\"author\" content=\"Amurrio Bidean\" \/>\n<meta name=\"twitter:card\" content=\"summary_large_image\" \/>\n<meta name=\"twitter:creator\" content=\"@amurriobidean\" \/>\n<meta name=\"twitter:site\" content=\"@amurriobidean\" \/>\n<meta name=\"twitter:label1\" content=\"Escrito por\" \/>\n\t<meta name=\"twitter:data1\" content=\"Amurrio Bidean\" \/>\n\t<meta name=\"twitter:label2\" content=\"Tiempo de lectura\" \/>\n\t<meta name=\"twitter:data2\" content=\"2 minutos\" \/>\n<script type=\"application\/ld+json\" class=\"yoast-schema-graph\">{\"@context\":\"https:\/\/schema.org\",\"@graph\":[{\"@type\":\"WebPage\",\"@id\":\"https:\/\/amurriobidean.org\/es\/datu-pertsonalak-babesteko-legea-izango-da-ostegun-digitalak-ekimeneko-hurrengo-saioetako-gai-nagusia-eta-enpresa-txikiei-eta-autonomoei-zuzenduta-egongo-da\/\",\"url\":\"https:\/\/amurriobidean.org\/es\/datu-pertsonalak-babesteko-legea-izango-da-ostegun-digitalak-ekimeneko-hurrengo-saioetako-gai-nagusia-eta-enpresa-txikiei-eta-autonomoei-zuzenduta-egongo-da\/\",\"name\":\"La ley de protecci\u00f3n de datos personales ser\u00e1 la tem\u00e1tica de los pr\u00f3ximos Jueves Digitales para peque\u00f1as empresas y aut\u00f3nomos - Amurrio Bidean. Garapen Agentzia - Agencia de desarrollo.\",\"isPartOf\":{\"@id\":\"https:\/\/amurriobidean.org\/es\/#website\"},\"primaryImageOfPage\":{\"@id\":\"https:\/\/amurriobidean.org\/es\/datu-pertsonalak-babesteko-legea-izango-da-ostegun-digitalak-ekimeneko-hurrengo-saioetako-gai-nagusia-eta-enpresa-txikiei-eta-autonomoei-zuzenduta-egongo-da\/#primaryimage\"},\"image\":{\"@id\":\"https:\/\/amurriobidean.org\/es\/datu-pertsonalak-babesteko-legea-izango-da-ostegun-digitalak-ekimeneko-hurrengo-saioetako-gai-nagusia-eta-enpresa-txikiei-eta-autonomoei-zuzenduta-egongo-da\/#primaryimage\"},\"thumbnailUrl\":\"https:\/\/amurriobidean.org\/wp-content\/uploads\/2019\/02\/RGPD_CAST.jpg\",\"datePublished\":\"2019-02-18T10:54:13+00:00\",\"dateModified\":\"2019-02-18T10:56:40+00:00\",\"author\":{\"@id\":\"https:\/\/amurriobidean.org\/es\/#\/schema\/person\/56c71b474b3e7f5f5e6f209a6cf3abfe\"},\"breadcrumb\":{\"@id\":\"https:\/\/amurriobidean.org\/es\/datu-pertsonalak-babesteko-legea-izango-da-ostegun-digitalak-ekimeneko-hurrengo-saioetako-gai-nagusia-eta-enpresa-txikiei-eta-autonomoei-zuzenduta-egongo-da\/#breadcrumb\"},\"inLanguage\":\"es\",\"potentialAction\":[{\"@type\":\"ReadAction\",\"target\":[\"https:\/\/amurriobidean.org\/es\/datu-pertsonalak-babesteko-legea-izango-da-ostegun-digitalak-ekimeneko-hurrengo-saioetako-gai-nagusia-eta-enpresa-txikiei-eta-autonomoei-zuzenduta-egongo-da\/\"]}]},{\"@type\":\"ImageObject\",\"inLanguage\":\"es\",\"@id\":\"https:\/\/amurriobidean.org\/es\/datu-pertsonalak-babesteko-legea-izango-da-ostegun-digitalak-ekimeneko-hurrengo-saioetako-gai-nagusia-eta-enpresa-txikiei-eta-autonomoei-zuzenduta-egongo-da\/#primaryimage\",\"url\":\"https:\/\/amurriobidean.org\/wp-content\/uploads\/2019\/02\/RGPD_CAST.jpg\",\"contentUrl\":\"https:\/\/amurriobidean.org\/wp-content\/uploads\/2019\/02\/RGPD_CAST.jpg\",\"width\":1448,\"height\":2048},{\"@type\":\"BreadcrumbList\",\"@id\":\"https:\/\/amurriobidean.org\/es\/datu-pertsonalak-babesteko-legea-izango-da-ostegun-digitalak-ekimeneko-hurrengo-saioetako-gai-nagusia-eta-enpresa-txikiei-eta-autonomoei-zuzenduta-egongo-da\/#breadcrumb\",\"itemListElement\":[{\"@type\":\"ListItem\",\"position\":1,\"name\":\"Portada\",\"item\":\"https:\/\/amurriobidean.org\/es\/\"},{\"@type\":\"ListItem\",\"position\":2,\"name\":\"La ley de protecci\u00f3n de datos personales ser\u00e1 la tem\u00e1tica de los pr\u00f3ximos Jueves Digitales para peque\u00f1as empresas y aut\u00f3nomos\"}]},{\"@type\":\"WebSite\",\"@id\":\"https:\/\/amurriobidean.org\/es\/#website\",\"url\":\"https:\/\/amurriobidean.org\/es\/\",\"name\":\"Amurrio Bidean. Garapen Agentzia - Agencia de desarrollo.\",\"description\":\"Agencia de Desarollo Local de Amurrio\",\"potentialAction\":[{\"@type\":\"SearchAction\",\"target\":{\"@type\":\"EntryPoint\",\"urlTemplate\":\"https:\/\/amurriobidean.org\/es\/?s={search_term_string}\"},\"query-input\":{\"@type\":\"PropertyValueSpecification\",\"valueRequired\":true,\"valueName\":\"search_term_string\"}}],\"inLanguage\":\"es\"},{\"@type\":\"Person\",\"@id\":\"https:\/\/amurriobidean.org\/es\/#\/schema\/person\/56c71b474b3e7f5f5e6f209a6cf3abfe\",\"name\":\"Amurrio Bidean\",\"image\":{\"@type\":\"ImageObject\",\"inLanguage\":\"es\",\"@id\":\"https:\/\/amurriobidean.org\/es\/#\/schema\/person\/image\/\",\"url\":\"https:\/\/secure.gravatar.com\/avatar\/84a34d50800d0bb5d80eba504fc44ed48c9b2faab16ad58fa7d30bce4e2b661e\",\"contentUrl\":\"https:\/\/secure.gravatar.com\/avatar\/84a34d50800d0bb5d80eba504fc44ed48c9b2faab16ad58fa7d30bce4e2b661e\",\"caption\":\"Amurrio Bidean\"},\"sameAs\":[\"http:\/\/www.amurriobidean.eus\"],\"url\":\"https:\/\/amurriobidean.org\/es\/author\/amurrio-bidean\/\"}]}<\/script>\n<!-- \/ Yoast SEO plugin. -->","yoast_head_json":{"title":"La ley de protecci\u00f3n de datos personales ser\u00e1 la tem\u00e1tica de los pr\u00f3ximos Jueves Digitales para peque\u00f1as empresas y aut\u00f3nomos - Amurrio Bidean. Garapen Agentzia - Agencia de desarrollo.","robots":{"index":"index","follow":"follow","max-snippet":"max-snippet:-1","max-image-preview":"max-image-preview:large","max-video-preview":"max-video-preview:-1"},"canonical":"https:\/\/amurriobidean.org\/es\/datu-pertsonalak-babesteko-legea-izango-da-ostegun-digitalak-ekimeneko-hurrengo-saioetako-gai-nagusia-eta-enpresa-txikiei-eta-autonomoei-zuzenduta-egongo-da\/","og_locale":"es_ES","og_type":"article","og_title":"La ley de protecci\u00f3n de datos personales ser\u00e1 la tem\u00e1tica de los pr\u00f3ximos Jueves Digitales para peque\u00f1as empresas y aut\u00f3nomos - Amurrio Bidean. Garapen Agentzia - Agencia de desarrollo.","og_description":"Los pr\u00f3ximos 7 y 14 de marzo, jueves, de 14 a 16 horas en Amurrio Bidean se impartir\u00e1 una formaci\u00f3n, en colaboraci\u00f3n con Mikroenpresa Digitala, para apoyar a las empresas y personas aut\u00f3nomas locales para que se adapten a la legislaci\u00f3n de protecci\u00f3n de datos personales Se trata de un curso para que las peque\u00f1as [&hellip;]","og_url":"https:\/\/amurriobidean.org\/es\/datu-pertsonalak-babesteko-legea-izango-da-ostegun-digitalak-ekimeneko-hurrengo-saioetako-gai-nagusia-eta-enpresa-txikiei-eta-autonomoei-zuzenduta-egongo-da\/","og_site_name":"Amurrio Bidean. Garapen Agentzia - Agencia de desarrollo.","article_publisher":"https:\/\/www.facebook.com\/amurrio.bidean","article_published_time":"2019-02-18T10:54:13+00:00","article_modified_time":"2019-02-18T10:56:40+00:00","og_image":[{"width":1448,"height":2048,"url":"https:\/\/amurriobidean.org\/wp-content\/uploads\/2019\/02\/RGPD_CAST.jpg","type":"image\/jpeg"}],"author":"Amurrio Bidean","twitter_card":"summary_large_image","twitter_creator":"@amurriobidean","twitter_site":"@amurriobidean","twitter_misc":{"Escrito por":"Amurrio Bidean","Tiempo de lectura":"2 minutos"},"schema":{"@context":"https:\/\/schema.org","@graph":[{"@type":"WebPage","@id":"https:\/\/amurriobidean.org\/es\/datu-pertsonalak-babesteko-legea-izango-da-ostegun-digitalak-ekimeneko-hurrengo-saioetako-gai-nagusia-eta-enpresa-txikiei-eta-autonomoei-zuzenduta-egongo-da\/","url":"https:\/\/amurriobidean.org\/es\/datu-pertsonalak-babesteko-legea-izango-da-ostegun-digitalak-ekimeneko-hurrengo-saioetako-gai-nagusia-eta-enpresa-txikiei-eta-autonomoei-zuzenduta-egongo-da\/","name":"La ley de protecci\u00f3n de datos personales ser\u00e1 la tem\u00e1tica de los pr\u00f3ximos Jueves Digitales para peque\u00f1as empresas y aut\u00f3nomos - Amurrio Bidean. Garapen Agentzia - Agencia de desarrollo.","isPartOf":{"@id":"https:\/\/amurriobidean.org\/es\/#website"},"primaryImageOfPage":{"@id":"https:\/\/amurriobidean.org\/es\/datu-pertsonalak-babesteko-legea-izango-da-ostegun-digitalak-ekimeneko-hurrengo-saioetako-gai-nagusia-eta-enpresa-txikiei-eta-autonomoei-zuzenduta-egongo-da\/#primaryimage"},"image":{"@id":"https:\/\/amurriobidean.org\/es\/datu-pertsonalak-babesteko-legea-izango-da-ostegun-digitalak-ekimeneko-hurrengo-saioetako-gai-nagusia-eta-enpresa-txikiei-eta-autonomoei-zuzenduta-egongo-da\/#primaryimage"},"thumbnailUrl":"https:\/\/amurriobidean.org\/wp-content\/uploads\/2019\/02\/RGPD_CAST.jpg","datePublished":"2019-02-18T10:54:13+00:00","dateModified":"2019-02-18T10:56:40+00:00","author":{"@id":"https:\/\/amurriobidean.org\/es\/#\/schema\/person\/56c71b474b3e7f5f5e6f209a6cf3abfe"},"breadcrumb":{"@id":"https:\/\/amurriobidean.org\/es\/datu-pertsonalak-babesteko-legea-izango-da-ostegun-digitalak-ekimeneko-hurrengo-saioetako-gai-nagusia-eta-enpresa-txikiei-eta-autonomoei-zuzenduta-egongo-da\/#breadcrumb"},"inLanguage":"es","potentialAction":[{"@type":"ReadAction","target":["https:\/\/amurriobidean.org\/es\/datu-pertsonalak-babesteko-legea-izango-da-ostegun-digitalak-ekimeneko-hurrengo-saioetako-gai-nagusia-eta-enpresa-txikiei-eta-autonomoei-zuzenduta-egongo-da\/"]}]},{"@type":"ImageObject","inLanguage":"es","@id":"https:\/\/amurriobidean.org\/es\/datu-pertsonalak-babesteko-legea-izango-da-ostegun-digitalak-ekimeneko-hurrengo-saioetako-gai-nagusia-eta-enpresa-txikiei-eta-autonomoei-zuzenduta-egongo-da\/#primaryimage","url":"https:\/\/amurriobidean.org\/wp-content\/uploads\/2019\/02\/RGPD_CAST.jpg","contentUrl":"https:\/\/amurriobidean.org\/wp-content\/uploads\/2019\/02\/RGPD_CAST.jpg","width":1448,"height":2048},{"@type":"BreadcrumbList","@id":"https:\/\/amurriobidean.org\/es\/datu-pertsonalak-babesteko-legea-izango-da-ostegun-digitalak-ekimeneko-hurrengo-saioetako-gai-nagusia-eta-enpresa-txikiei-eta-autonomoei-zuzenduta-egongo-da\/#breadcrumb","itemListElement":[{"@type":"ListItem","position":1,"name":"Portada","item":"https:\/\/amurriobidean.org\/es\/"},{"@type":"ListItem","position":2,"name":"La ley de protecci\u00f3n de datos personales ser\u00e1 la tem\u00e1tica de los pr\u00f3ximos Jueves Digitales para peque\u00f1as empresas y aut\u00f3nomos"}]},{"@type":"WebSite","@id":"https:\/\/amurriobidean.org\/es\/#website","url":"https:\/\/amurriobidean.org\/es\/","name":"Amurrio Bidean. Garapen Agentzia - Agencia de desarrollo.","description":"Agencia de Desarollo Local de Amurrio","potentialAction":[{"@type":"SearchAction","target":{"@type":"EntryPoint","urlTemplate":"https:\/\/amurriobidean.org\/es\/?s={search_term_string}"},"query-input":{"@type":"PropertyValueSpecification","valueRequired":true,"valueName":"search_term_string"}}],"inLanguage":"es"},{"@type":"Person","@id":"https:\/\/amurriobidean.org\/es\/#\/schema\/person\/56c71b474b3e7f5f5e6f209a6cf3abfe","name":"Amurrio Bidean","image":{"@type":"ImageObject","inLanguage":"es","@id":"https:\/\/amurriobidean.org\/es\/#\/schema\/person\/image\/","url":"https:\/\/secure.gravatar.com\/avatar\/84a34d50800d0bb5d80eba504fc44ed48c9b2faab16ad58fa7d30bce4e2b661e","contentUrl":"https:\/\/secure.gravatar.com\/avatar\/84a34d50800d0bb5d80eba504fc44ed48c9b2faab16ad58fa7d30bce4e2b661e","caption":"Amurrio Bidean"},"sameAs":["http:\/\/www.amurriobidean.eus"],"url":"https:\/\/amurriobidean.org\/es\/author\/amurrio-bidean\/"}]}},"_links":{"self":[{"href":"https:\/\/amurriobidean.org\/es\/wp-json\/wp\/v2\/posts\/3173","targetHints":{"allow":["GET"]}}],"collection":[{"href":"https:\/\/amurriobidean.org\/es\/wp-json\/wp\/v2\/posts"}],"about":[{"href":"https:\/\/amurriobidean.org\/es\/wp-json\/wp\/v2\/types\/post"}],"author":[{"embeddable":true,"href":"https:\/\/amurriobidean.org\/es\/wp-json\/wp\/v2\/users\/2"}],"replies":[{"embeddable":true,"href":"https:\/\/amurriobidean.org\/es\/wp-json\/wp\/v2\/comments?post=3173"}],"version-history":[{"count":0,"href":"https:\/\/amurriobidean.org\/es\/wp-json\/wp\/v2\/posts\/3173\/revisions"}],"wp:featuredmedia":[{"embeddable":true,"href":"https:\/\/amurriobidean.org\/es\/wp-json\/wp\/v2\/media\/3177"}],"wp:attachment":[{"href":"https:\/\/amurriobidean.org\/es\/wp-json\/wp\/v2\/media?parent=3173"}],"wp:term":[{"taxonomy":"category","embeddable":true,"href":"https:\/\/amurriobidean.org\/es\/wp-json\/wp\/v2\/categories?post=3173"},{"taxonomy":"post_tag","embeddable":true,"href":"https:\/\/amurriobidean.org\/es\/wp-json\/wp\/v2\/tags?post=3173"}],"curies":[{"name":"wp","href":"https:\/\/api.w.org\/{rel}","templated":true}]}}