{"id":2977,"date":"2018-09-10T08:32:03","date_gmt":"2018-09-10T08:32:03","guid":{"rendered":"http:\/\/amurriobidean.eus\/amurrioko-udalak-enplegu-bilaketara-bideratutako-hazilan-programaren-hirugarren-edizioa-jarri-du-martxan\/"},"modified":"2018-09-27T10:34:57","modified_gmt":"2018-09-27T10:34:57","slug":"amurrioko-udalak-enplegu-bilaketara-bideratutako-hazilan-programaren-hirugarren-edizioa-jarri-du-martxan","status":"publish","type":"post","link":"https:\/\/amurriobidean.org\/es\/amurrioko-udalak-enplegu-bilaketara-bideratutako-hazilan-programaren-hirugarren-edizioa-jarri-du-martxan\/","title":{"rendered":"EL AYUNTAMIENTO DE AMURRIO PONE EN MARCHA LA TERCERA EDICI\u00d3N DEL PROGRAMA HAZILAN ENFOCADO A LA B\u00daSQUEDA DE EMPLEO"},"content":{"rendered":"<p><strong>Durante la segunda fase del programa el Ayuntamiento repartir\u00e1 12 becas de entre 600\u20ac y 800\u20ac brutos mensuales.\u00a0<\/strong><strong>La presentaci\u00f3n del programa tendr\u00e1 lugar el pr\u00f3ximo 24 de septiembre y el programa dar\u00e1 comienzo el 1 de octubre.<\/strong><\/p>\n<p>El Ayuntamiento de Amurrio pone en marcha, por tercer a\u00f1o consecutivo, el programa formativo en pr\u00e1cticas Hazilan que est\u00e1 gestionado desde la Sociedad P\u00fablica Amurrio Bidean. El programa tiene como objetivo propiciar oportunidades formativas y laborales a j\u00f3venes con estudios de ciclo formativo de grado superior en adelante. La presentaci\u00f3n del programa se realizar\u00e1 el 24 de septiembre, de 10.30 a 11.30 horas en ReforAmurrio Empresaldea y el 1 de octubre dar\u00e1 comienzo.<\/p>\n<p>Hazilan es un programa cofinanciado al 50% por Fondo Social Europeo y enmarcado dentro del Programa Operativo del Pa\u00eds Vasco 2014-2020 que est\u00e1 dirigido a todas aquellas personas que quieran buscar un empleo de calidad, tanto si estas buscando tu primer empleo como para realizar un cambio laboral. Permite a los participantes reflexionar sobre sus objetivos y potencialidades, destacar del resto, aprender a comunicarlo y ponerlo en pr\u00e1ctica.<\/p>\n<p>https:\/\/www.youtube.com\/watch?v=-zkRrUnKRKg<\/p>\n<p>Los interesados en participar en el programa deber\u00e1n tener entre 20 y 44 a\u00f1os, con estudios de ciclo formativo de grado superior en adelante (CFGS, grado, diplomatura, licenciatura, ingenier\u00eda, arquitectura\u2026) y tendr\u00e1n prioridad las personas empadronadas en Amurrio.\u00a0 Adem\u00e1s, las personas participantes deber\u00e1n estar en b\u00fasqueda de empleo y como m\u00e1ximo compatibilizar su participaci\u00f3n con un contrato de 20 horas semanales.<\/p>\n<p>El programa Hazilan se completa mediante 2 fases, una de formaci\u00f3n, y otra, de aplicaci\u00f3n mediante pr\u00e1cticas o desarrollo de proyecto.<\/p>\n<p>En la fase de formaci\u00f3n se trabajar\u00e1n, mediante coaching, habilidades socio profesionales requeridas en los puestos de trabajo y diferentes herramientas para crear o dar a conocer la \u201cmarca personal\u201d a nivel profesional. Finalmente habr\u00e1 sesiones individuales destinadas a acompa\u00f1ar a la persona participante en el proceso de b\u00fasqueda de empleo.<\/p>\n<p>En la segunda fase se realizar\u00e1n las pr\u00e1cticas en empresa de un m\u00e1ximo 6 horas al d\u00eda, o el desarrollo tutorizado de proyecto de viabilidad de idea de negocio para la puesta en marcha de la idea.\u00a0 Esta fase tendr\u00e1 una duraci\u00f3n de 4 meses, comenzar\u00e1 en diciembre y finalizar\u00e1 en abril de 2019.\u00a0 Adem\u00e1s, durante este periodo 12 de las personas participantes podr\u00e1n percibir una beca entre 600\u20ac y 800\u20ac brutos mensuales que solicitar\u00e1n al Ayuntamiento de Amurrio.<\/p>\n<p>\u00abEste tipo de programas nos permiten reforzar la inserci\u00f3n formativa-laboral de una manera natural, favoreciendo la posibilidad de acceder a conocer y desarrollar habilidades laborales desde la pr\u00e1ctica real. Y adem\u00e1s, abre posibilidades de formar parte de la empresa que realiza las pr\u00e1cticas. Por eso, reforzamos este programa con becas remuneradas\u00bb, explica Estibaliz Sasiain, concejala responsable de Amurrio Bidean.<\/p>\n<p>El 1 de octubre dar\u00e1 comienzo el programa que finalizar\u00e1 el 3 de diciembre, en horario de 9 a 14 horas.\u00a0 El horario de las pr\u00e1cticas ser\u00e1 a convenir con la empresa y el del desarrollo de proyecto ser\u00e1 libre y qui\u00e9n lo desee podr\u00e1 contar con una sala en el Semillero y Centro de empresas.<\/p>\n<p>Para recibir m\u00e1s informaci\u00f3n o realizar las inscripciones contactar con Amurrio Bidean, en las oficinas situadas en el Semillero y Centro de Empresas ReforAmurrio Enpresaldea, o en el tel\u00e9fono 945891721 o a trav\u00e9s del correo electr\u00f3nico empresa@amurriobidean.org<\/p>\n<p><a href=\"http:\/\/amurriobidean.eus\/wp-content\/uploads\/2018\/09\/Onartuen-zerrenda.pdf\">Onartuen zerrenda<\/a><\/p>\n<p>&nbsp;<\/p>\n<p>&nbsp;<\/p>\n<p>&nbsp;<\/p>\n","protected":false},"excerpt":{"rendered":"<p>Durante la segunda fase del programa el Ayuntamiento repartir\u00e1 12 becas de entre 600\u20ac y 800\u20ac brutos mensuales.\u00a0La presentaci\u00f3n del programa tendr\u00e1 lugar el pr\u00f3ximo 24 de septiembre y el programa dar\u00e1 comienzo el 1 de octubre. El Ayuntamiento de Amurrio pone en marcha, por tercer a\u00f1o consecutivo, el programa formativo en pr\u00e1cticas Hazilan que [&hellip;]<\/p>\n","protected":false},"author":2,"featured_media":2973,"comment_status":"closed","ping_status":"closed","sticky":false,"template":"","format":"standard","meta":{"footnotes":""},"categories":[28],"tags":[],"class_list":["post-2977","post","type-post","status-publish","format-standard","has-post-thumbnail","hentry","category-noticias"],"yoast_head":"<!-- This site is optimized with the Yoast SEO plugin v25.3 - https:\/\/yoast.com\/wordpress\/plugins\/seo\/ -->\n<title>EL AYUNTAMIENTO DE AMURRIO PONE EN MARCHA LA TERCERA EDICI\u00d3N DEL PROGRAMA HAZILAN ENFOCADO A LA B\u00daSQUEDA DE EMPLEO - Amurrio Bidean. Garapen Agentzia - Agencia de desarrollo.<\/title>\n<meta name=\"robots\" content=\"index, follow, max-snippet:-1, max-image-preview:large, max-video-preview:-1\" \/>\n<link rel=\"canonical\" href=\"https:\/\/amurriobidean.org\/es\/amurrioko-udalak-enplegu-bilaketara-bideratutako-hazilan-programaren-hirugarren-edizioa-jarri-du-martxan\/\" \/>\n<meta property=\"og:locale\" content=\"es_ES\" \/>\n<meta property=\"og:type\" content=\"article\" \/>\n<meta property=\"og:title\" content=\"EL AYUNTAMIENTO DE AMURRIO PONE EN MARCHA LA TERCERA EDICI\u00d3N DEL PROGRAMA HAZILAN ENFOCADO A LA B\u00daSQUEDA DE EMPLEO - Amurrio Bidean. Garapen Agentzia - Agencia de desarrollo.\" \/>\n<meta property=\"og:description\" content=\"Durante la segunda fase del programa el Ayuntamiento repartir\u00e1 12 becas de entre 600\u20ac y 800\u20ac brutos mensuales.\u00a0La presentaci\u00f3n del programa tendr\u00e1 lugar el pr\u00f3ximo 24 de septiembre y el programa dar\u00e1 comienzo el 1 de octubre. El Ayuntamiento de Amurrio pone en marcha, por tercer a\u00f1o consecutivo, el programa formativo en pr\u00e1cticas Hazilan que [&hellip;]\" \/>\n<meta property=\"og:url\" content=\"https:\/\/amurriobidean.org\/es\/amurrioko-udalak-enplegu-bilaketara-bideratutako-hazilan-programaren-hirugarren-edizioa-jarri-du-martxan\/\" \/>\n<meta property=\"og:site_name\" content=\"Amurrio Bidean. Garapen Agentzia - Agencia de desarrollo.\" \/>\n<meta property=\"article:publisher\" content=\"https:\/\/www.facebook.com\/amurrio.bidean\" \/>\n<meta property=\"article:published_time\" content=\"2018-09-10T08:32:03+00:00\" \/>\n<meta property=\"article:modified_time\" content=\"2018-09-27T10:34:57+00:00\" \/>\n<meta property=\"og:image\" content=\"https:\/\/amurriobidean.org\/wp-content\/uploads\/2018\/09\/IMG_20171123_094108.jpg\" \/>\n\t<meta property=\"og:image:width\" content=\"2048\" \/>\n\t<meta property=\"og:image:height\" content=\"1150\" \/>\n\t<meta property=\"og:image:type\" content=\"image\/jpeg\" \/>\n<meta name=\"author\" content=\"Amurrio Bidean\" \/>\n<meta name=\"twitter:card\" content=\"summary_large_image\" \/>\n<meta name=\"twitter:creator\" content=\"@amurriobidean\" \/>\n<meta name=\"twitter:site\" content=\"@amurriobidean\" \/>\n<meta name=\"twitter:label1\" content=\"Escrito por\" \/>\n\t<meta name=\"twitter:data1\" content=\"Amurrio Bidean\" \/>\n\t<meta name=\"twitter:label2\" content=\"Tiempo de lectura\" \/>\n\t<meta name=\"twitter:data2\" content=\"3 minutos\" \/>\n<script type=\"application\/ld+json\" class=\"yoast-schema-graph\">{\"@context\":\"https:\/\/schema.org\",\"@graph\":[{\"@type\":\"WebPage\",\"@id\":\"https:\/\/amurriobidean.org\/es\/amurrioko-udalak-enplegu-bilaketara-bideratutako-hazilan-programaren-hirugarren-edizioa-jarri-du-martxan\/\",\"url\":\"https:\/\/amurriobidean.org\/es\/amurrioko-udalak-enplegu-bilaketara-bideratutako-hazilan-programaren-hirugarren-edizioa-jarri-du-martxan\/\",\"name\":\"EL AYUNTAMIENTO DE AMURRIO PONE EN MARCHA LA TERCERA EDICI\u00d3N DEL PROGRAMA HAZILAN ENFOCADO A LA B\u00daSQUEDA DE EMPLEO - Amurrio Bidean. Garapen Agentzia - Agencia de desarrollo.\",\"isPartOf\":{\"@id\":\"https:\/\/amurriobidean.org\/es\/#website\"},\"primaryImageOfPage\":{\"@id\":\"https:\/\/amurriobidean.org\/es\/amurrioko-udalak-enplegu-bilaketara-bideratutako-hazilan-programaren-hirugarren-edizioa-jarri-du-martxan\/#primaryimage\"},\"image\":{\"@id\":\"https:\/\/amurriobidean.org\/es\/amurrioko-udalak-enplegu-bilaketara-bideratutako-hazilan-programaren-hirugarren-edizioa-jarri-du-martxan\/#primaryimage\"},\"thumbnailUrl\":\"https:\/\/amurriobidean.org\/wp-content\/uploads\/2018\/09\/IMG_20171123_094108.jpg\",\"datePublished\":\"2018-09-10T08:32:03+00:00\",\"dateModified\":\"2018-09-27T10:34:57+00:00\",\"author\":{\"@id\":\"https:\/\/amurriobidean.org\/es\/#\/schema\/person\/56c71b474b3e7f5f5e6f209a6cf3abfe\"},\"breadcrumb\":{\"@id\":\"https:\/\/amurriobidean.org\/es\/amurrioko-udalak-enplegu-bilaketara-bideratutako-hazilan-programaren-hirugarren-edizioa-jarri-du-martxan\/#breadcrumb\"},\"inLanguage\":\"es\",\"potentialAction\":[{\"@type\":\"ReadAction\",\"target\":[\"https:\/\/amurriobidean.org\/es\/amurrioko-udalak-enplegu-bilaketara-bideratutako-hazilan-programaren-hirugarren-edizioa-jarri-du-martxan\/\"]}]},{\"@type\":\"ImageObject\",\"inLanguage\":\"es\",\"@id\":\"https:\/\/amurriobidean.org\/es\/amurrioko-udalak-enplegu-bilaketara-bideratutako-hazilan-programaren-hirugarren-edizioa-jarri-du-martxan\/#primaryimage\",\"url\":\"https:\/\/amurriobidean.org\/wp-content\/uploads\/2018\/09\/IMG_20171123_094108.jpg\",\"contentUrl\":\"https:\/\/amurriobidean.org\/wp-content\/uploads\/2018\/09\/IMG_20171123_094108.jpg\",\"width\":2048,\"height\":1150,\"caption\":\"bty\"},{\"@type\":\"BreadcrumbList\",\"@id\":\"https:\/\/amurriobidean.org\/es\/amurrioko-udalak-enplegu-bilaketara-bideratutako-hazilan-programaren-hirugarren-edizioa-jarri-du-martxan\/#breadcrumb\",\"itemListElement\":[{\"@type\":\"ListItem\",\"position\":1,\"name\":\"Portada\",\"item\":\"https:\/\/amurriobidean.org\/es\/\"},{\"@type\":\"ListItem\",\"position\":2,\"name\":\"EL AYUNTAMIENTO DE AMURRIO PONE EN MARCHA LA TERCERA EDICI\u00d3N DEL PROGRAMA HAZILAN ENFOCADO A LA B\u00daSQUEDA DE EMPLEO\"}]},{\"@type\":\"WebSite\",\"@id\":\"https:\/\/amurriobidean.org\/es\/#website\",\"url\":\"https:\/\/amurriobidean.org\/es\/\",\"name\":\"Amurrio Bidean. Garapen Agentzia - Agencia de desarrollo.\",\"description\":\"Agencia de Desarollo Local de Amurrio\",\"potentialAction\":[{\"@type\":\"SearchAction\",\"target\":{\"@type\":\"EntryPoint\",\"urlTemplate\":\"https:\/\/amurriobidean.org\/es\/?s={search_term_string}\"},\"query-input\":{\"@type\":\"PropertyValueSpecification\",\"valueRequired\":true,\"valueName\":\"search_term_string\"}}],\"inLanguage\":\"es\"},{\"@type\":\"Person\",\"@id\":\"https:\/\/amurriobidean.org\/es\/#\/schema\/person\/56c71b474b3e7f5f5e6f209a6cf3abfe\",\"name\":\"Amurrio Bidean\",\"image\":{\"@type\":\"ImageObject\",\"inLanguage\":\"es\",\"@id\":\"https:\/\/amurriobidean.org\/es\/#\/schema\/person\/image\/\",\"url\":\"https:\/\/secure.gravatar.com\/avatar\/84a34d50800d0bb5d80eba504fc44ed48c9b2faab16ad58fa7d30bce4e2b661e\",\"contentUrl\":\"https:\/\/secure.gravatar.com\/avatar\/84a34d50800d0bb5d80eba504fc44ed48c9b2faab16ad58fa7d30bce4e2b661e\",\"caption\":\"Amurrio Bidean\"},\"sameAs\":[\"http:\/\/www.amurriobidean.eus\"],\"url\":\"https:\/\/amurriobidean.org\/es\/author\/amurrio-bidean\/\"}]}<\/script>\n<!-- \/ Yoast SEO plugin. -->","yoast_head_json":{"title":"EL AYUNTAMIENTO DE AMURRIO PONE EN MARCHA LA TERCERA EDICI\u00d3N DEL PROGRAMA HAZILAN ENFOCADO A LA B\u00daSQUEDA DE EMPLEO - Amurrio Bidean. Garapen Agentzia - Agencia de desarrollo.","robots":{"index":"index","follow":"follow","max-snippet":"max-snippet:-1","max-image-preview":"max-image-preview:large","max-video-preview":"max-video-preview:-1"},"canonical":"https:\/\/amurriobidean.org\/es\/amurrioko-udalak-enplegu-bilaketara-bideratutako-hazilan-programaren-hirugarren-edizioa-jarri-du-martxan\/","og_locale":"es_ES","og_type":"article","og_title":"EL AYUNTAMIENTO DE AMURRIO PONE EN MARCHA LA TERCERA EDICI\u00d3N DEL PROGRAMA HAZILAN ENFOCADO A LA B\u00daSQUEDA DE EMPLEO - Amurrio Bidean. Garapen Agentzia - Agencia de desarrollo.","og_description":"Durante la segunda fase del programa el Ayuntamiento repartir\u00e1 12 becas de entre 600\u20ac y 800\u20ac brutos mensuales.\u00a0La presentaci\u00f3n del programa tendr\u00e1 lugar el pr\u00f3ximo 24 de septiembre y el programa dar\u00e1 comienzo el 1 de octubre. El Ayuntamiento de Amurrio pone en marcha, por tercer a\u00f1o consecutivo, el programa formativo en pr\u00e1cticas Hazilan que [&hellip;]","og_url":"https:\/\/amurriobidean.org\/es\/amurrioko-udalak-enplegu-bilaketara-bideratutako-hazilan-programaren-hirugarren-edizioa-jarri-du-martxan\/","og_site_name":"Amurrio Bidean. Garapen Agentzia - Agencia de desarrollo.","article_publisher":"https:\/\/www.facebook.com\/amurrio.bidean","article_published_time":"2018-09-10T08:32:03+00:00","article_modified_time":"2018-09-27T10:34:57+00:00","og_image":[{"width":2048,"height":1150,"url":"https:\/\/amurriobidean.org\/wp-content\/uploads\/2018\/09\/IMG_20171123_094108.jpg","type":"image\/jpeg"}],"author":"Amurrio Bidean","twitter_card":"summary_large_image","twitter_creator":"@amurriobidean","twitter_site":"@amurriobidean","twitter_misc":{"Escrito por":"Amurrio Bidean","Tiempo de lectura":"3 minutos"},"schema":{"@context":"https:\/\/schema.org","@graph":[{"@type":"WebPage","@id":"https:\/\/amurriobidean.org\/es\/amurrioko-udalak-enplegu-bilaketara-bideratutako-hazilan-programaren-hirugarren-edizioa-jarri-du-martxan\/","url":"https:\/\/amurriobidean.org\/es\/amurrioko-udalak-enplegu-bilaketara-bideratutako-hazilan-programaren-hirugarren-edizioa-jarri-du-martxan\/","name":"EL AYUNTAMIENTO DE AMURRIO PONE EN MARCHA LA TERCERA EDICI\u00d3N DEL PROGRAMA HAZILAN ENFOCADO A LA B\u00daSQUEDA DE EMPLEO - Amurrio Bidean. Garapen Agentzia - Agencia de desarrollo.","isPartOf":{"@id":"https:\/\/amurriobidean.org\/es\/#website"},"primaryImageOfPage":{"@id":"https:\/\/amurriobidean.org\/es\/amurrioko-udalak-enplegu-bilaketara-bideratutako-hazilan-programaren-hirugarren-edizioa-jarri-du-martxan\/#primaryimage"},"image":{"@id":"https:\/\/amurriobidean.org\/es\/amurrioko-udalak-enplegu-bilaketara-bideratutako-hazilan-programaren-hirugarren-edizioa-jarri-du-martxan\/#primaryimage"},"thumbnailUrl":"https:\/\/amurriobidean.org\/wp-content\/uploads\/2018\/09\/IMG_20171123_094108.jpg","datePublished":"2018-09-10T08:32:03+00:00","dateModified":"2018-09-27T10:34:57+00:00","author":{"@id":"https:\/\/amurriobidean.org\/es\/#\/schema\/person\/56c71b474b3e7f5f5e6f209a6cf3abfe"},"breadcrumb":{"@id":"https:\/\/amurriobidean.org\/es\/amurrioko-udalak-enplegu-bilaketara-bideratutako-hazilan-programaren-hirugarren-edizioa-jarri-du-martxan\/#breadcrumb"},"inLanguage":"es","potentialAction":[{"@type":"ReadAction","target":["https:\/\/amurriobidean.org\/es\/amurrioko-udalak-enplegu-bilaketara-bideratutako-hazilan-programaren-hirugarren-edizioa-jarri-du-martxan\/"]}]},{"@type":"ImageObject","inLanguage":"es","@id":"https:\/\/amurriobidean.org\/es\/amurrioko-udalak-enplegu-bilaketara-bideratutako-hazilan-programaren-hirugarren-edizioa-jarri-du-martxan\/#primaryimage","url":"https:\/\/amurriobidean.org\/wp-content\/uploads\/2018\/09\/IMG_20171123_094108.jpg","contentUrl":"https:\/\/amurriobidean.org\/wp-content\/uploads\/2018\/09\/IMG_20171123_094108.jpg","width":2048,"height":1150,"caption":"bty"},{"@type":"BreadcrumbList","@id":"https:\/\/amurriobidean.org\/es\/amurrioko-udalak-enplegu-bilaketara-bideratutako-hazilan-programaren-hirugarren-edizioa-jarri-du-martxan\/#breadcrumb","itemListElement":[{"@type":"ListItem","position":1,"name":"Portada","item":"https:\/\/amurriobidean.org\/es\/"},{"@type":"ListItem","position":2,"name":"EL AYUNTAMIENTO DE AMURRIO PONE EN MARCHA LA TERCERA EDICI\u00d3N DEL PROGRAMA HAZILAN ENFOCADO A LA B\u00daSQUEDA DE EMPLEO"}]},{"@type":"WebSite","@id":"https:\/\/amurriobidean.org\/es\/#website","url":"https:\/\/amurriobidean.org\/es\/","name":"Amurrio Bidean. Garapen Agentzia - Agencia de desarrollo.","description":"Agencia de Desarollo Local de Amurrio","potentialAction":[{"@type":"SearchAction","target":{"@type":"EntryPoint","urlTemplate":"https:\/\/amurriobidean.org\/es\/?s={search_term_string}"},"query-input":{"@type":"PropertyValueSpecification","valueRequired":true,"valueName":"search_term_string"}}],"inLanguage":"es"},{"@type":"Person","@id":"https:\/\/amurriobidean.org\/es\/#\/schema\/person\/56c71b474b3e7f5f5e6f209a6cf3abfe","name":"Amurrio Bidean","image":{"@type":"ImageObject","inLanguage":"es","@id":"https:\/\/amurriobidean.org\/es\/#\/schema\/person\/image\/","url":"https:\/\/secure.gravatar.com\/avatar\/84a34d50800d0bb5d80eba504fc44ed48c9b2faab16ad58fa7d30bce4e2b661e","contentUrl":"https:\/\/secure.gravatar.com\/avatar\/84a34d50800d0bb5d80eba504fc44ed48c9b2faab16ad58fa7d30bce4e2b661e","caption":"Amurrio Bidean"},"sameAs":["http:\/\/www.amurriobidean.eus"],"url":"https:\/\/amurriobidean.org\/es\/author\/amurrio-bidean\/"}]}},"_links":{"self":[{"href":"https:\/\/amurriobidean.org\/es\/wp-json\/wp\/v2\/posts\/2977","targetHints":{"allow":["GET"]}}],"collection":[{"href":"https:\/\/amurriobidean.org\/es\/wp-json\/wp\/v2\/posts"}],"about":[{"href":"https:\/\/amurriobidean.org\/es\/wp-json\/wp\/v2\/types\/post"}],"author":[{"embeddable":true,"href":"https:\/\/amurriobidean.org\/es\/wp-json\/wp\/v2\/users\/2"}],"replies":[{"embeddable":true,"href":"https:\/\/amurriobidean.org\/es\/wp-json\/wp\/v2\/comments?post=2977"}],"version-history":[{"count":0,"href":"https:\/\/amurriobidean.org\/es\/wp-json\/wp\/v2\/posts\/2977\/revisions"}],"wp:featuredmedia":[{"embeddable":true,"href":"https:\/\/amurriobidean.org\/es\/wp-json\/wp\/v2\/media\/2973"}],"wp:attachment":[{"href":"https:\/\/amurriobidean.org\/es\/wp-json\/wp\/v2\/media?parent=2977"}],"wp:term":[{"taxonomy":"category","embeddable":true,"href":"https:\/\/amurriobidean.org\/es\/wp-json\/wp\/v2\/categories?post=2977"},{"taxonomy":"post_tag","embeddable":true,"href":"https:\/\/amurriobidean.org\/es\/wp-json\/wp\/v2\/tags?post=2977"}],"curies":[{"name":"wp","href":"https:\/\/api.w.org\/{rel}","templated":true}]}}