{"id":2881,"date":"2018-05-15T09:48:45","date_gmt":"2018-05-15T09:48:45","guid":{"rendered":"http:\/\/amurriobidean.eus\/arabako-txakolinaren-festa-igande-honetan-ospatuko-da-amurrion\/"},"modified":"2018-05-15T09:53:15","modified_gmt":"2018-05-15T09:53:15","slug":"arabako-txakolinaren-festa-igande-honetan-ospatuko-da-amurrion","status":"publish","type":"post","link":"https:\/\/amurriobidean.org\/es\/arabako-txakolinaren-festa-igande-honetan-ospatuko-da-amurrion\/","title":{"rendered":"LA FIESTA DEL TXAKOLI ALAV\u00c9S SE CELEBRA ESTE DOMINGO EN AMURRIO"},"content":{"rendered":"<p>La asociaci\u00f3n Arabako Txakolina celebra este domingo en Amurrio la vig\u00e9sima edici\u00f3n del Txakolin Eguna. Este consolidado evento permitir\u00e1\u00a0 promocionar, un a\u00f1o m\u00e1s, los productos del territorio alav\u00e9s. En el parque Juan Urrutia se dar\u00e1n cita el domingo los mejores txakolis producidos por siete bodegas, incluidas en la Denominaci\u00f3n de Origen Arabako Txakolina.<\/p>\n<p>El Txakolin Eguna homenajear\u00e1 este a\u00f1o a la Asociaci\u00f3n Vitoria-Gasteiz Wine City que trabaja para promocionar los vinos de calidad de Rioja Alavesa y Valle de Ayala. \u201cPor esta raz\u00f3n, y para agradecer a quienes han colaborado con nosotros este a\u00f1o hemos decidido homenajear a una asociaci\u00f3n muy joven pero a la vez muy activa. Desde su creaci\u00f3n ha impulsado de manera importante los vinos de nuestro Territorio sin olvidar a nuestro txakoli\u201d, explica Jos\u00e9 Antonio Merino, gerente de la Denominaci\u00f3n de Origen Arabako Txakolina.<\/p>\n<p>El reconocimiento tendr\u00e1 lugar el domingo a las 11.30 horas en el Sal\u00f3n de Plenos del Ayuntamiento de Amurrio. Posteriormente, se proceder\u00e1 a la inauguraci\u00f3n del recinto festivo con el txupinazo de inicio de la fiesta.<\/p>\n<p>Adem\u00e1s de la gran oferta gastron\u00f3mica que se ofrecer\u00e1 en el Txakolin Eguna con la degustaci\u00f3n de pintxos con sello Euskolabel, el quinto concurso de garrafas de Ayala con Txakoli de \u00c1lava ser\u00e1 uno de los atractivos de la jornada. Todo ello se completar\u00e1 con la exposici\u00f3n y venta de productos artesanos locales amenizado con el pasacalles de la Fanfarre Santa Cecilia de Ordu\u00f1a.<\/p>\n<p><strong>Cosecha 2017<\/strong><\/p>\n<p>La a\u00f1ada de 2017 \u201cha sido muy buena, a pesar de que la recogida cay\u00f3 el a\u00f1o pasado cerca del 43% respecto a la de 2016. La helada que se produjo del 27 al 28 de abril machac\u00f3 los vi\u00f1edos, de ah\u00ed que con la ca\u00edda de la cosecha de 2017, para esta \u00faltima a\u00f1ada se hayan embotellado 350.000 unidades\u201d, explica Merino.<\/p>\n<p>La evoluci\u00f3n del txakoli alav\u00e9s ha sido muy positiva desde la creaci\u00f3n de la Asociaci\u00f3n en 1997, pasando de los\u00a0 50.000 litros a los 460.000 de la campa\u00f1a 2016 que supuso un record, si bien las condiciones meteorol\u00f3gicas han supuesto una importante merma en la del 2017. Desde la creaci\u00f3n de la Asociaci\u00f3n de Txakoli Arabako Txakolina Elkartea, la colaboraci\u00f3n del Gobierno Vasco, Diputaci\u00f3n Foral de \u00c1lava y de la hoy Fundaci\u00f3n Vital han sido determinantes en el desarrollo de la asociaci\u00f3n.<\/p>\n<p>De cara a la cosecha del 2018 las previsiones son m\u00e1s alentadoras. \u201cLa primavera est\u00e1 siendo muy adecuada y no se espera que se produzca ninguna helada en el \u00faltimo momento que pueda perjudicar el cultivo\u201d, ha adelantado Merino.<\/p>\n","protected":false},"excerpt":{"rendered":"<p>La asociaci\u00f3n Arabako Txakolina celebra este domingo en Amurrio la vig\u00e9sima edici\u00f3n del Txakolin Eguna. Este consolidado evento permitir\u00e1\u00a0 promocionar, un a\u00f1o m\u00e1s, los productos del territorio alav\u00e9s. En el parque Juan Urrutia se dar\u00e1n cita el domingo los mejores txakolis producidos por siete bodegas, incluidas en la Denominaci\u00f3n de Origen Arabako Txakolina. El Txakolin [&hellip;]<\/p>\n","protected":false},"author":2,"featured_media":2878,"comment_status":"closed","ping_status":"closed","sticky":false,"template":"","format":"standard","meta":{"footnotes":""},"categories":[28],"tags":[],"class_list":["post-2881","post","type-post","status-publish","format-standard","has-post-thumbnail","hentry","category-noticias"],"yoast_head":"<!-- This site is optimized with the Yoast SEO plugin v25.3 - https:\/\/yoast.com\/wordpress\/plugins\/seo\/ -->\n<title>LA FIESTA DEL TXAKOLI ALAV\u00c9S SE CELEBRA ESTE DOMINGO EN AMURRIO - Amurrio Bidean. Garapen Agentzia - Agencia de desarrollo.<\/title>\n<meta name=\"robots\" content=\"index, follow, max-snippet:-1, max-image-preview:large, max-video-preview:-1\" \/>\n<link rel=\"canonical\" href=\"https:\/\/amurriobidean.org\/es\/arabako-txakolinaren-festa-igande-honetan-ospatuko-da-amurrion\/\" \/>\n<meta property=\"og:locale\" content=\"es_ES\" \/>\n<meta property=\"og:type\" content=\"article\" \/>\n<meta property=\"og:title\" content=\"LA FIESTA DEL TXAKOLI ALAV\u00c9S SE CELEBRA ESTE DOMINGO EN AMURRIO - Amurrio Bidean. Garapen Agentzia - Agencia de desarrollo.\" \/>\n<meta property=\"og:description\" content=\"La asociaci\u00f3n Arabako Txakolina celebra este domingo en Amurrio la vig\u00e9sima edici\u00f3n del Txakolin Eguna. Este consolidado evento permitir\u00e1\u00a0 promocionar, un a\u00f1o m\u00e1s, los productos del territorio alav\u00e9s. En el parque Juan Urrutia se dar\u00e1n cita el domingo los mejores txakolis producidos por siete bodegas, incluidas en la Denominaci\u00f3n de Origen Arabako Txakolina. El Txakolin [&hellip;]\" \/>\n<meta property=\"og:url\" content=\"https:\/\/amurriobidean.org\/es\/arabako-txakolinaren-festa-igande-honetan-ospatuko-da-amurrion\/\" \/>\n<meta property=\"og:site_name\" content=\"Amurrio Bidean. Garapen Agentzia - Agencia de desarrollo.\" \/>\n<meta property=\"article:publisher\" content=\"https:\/\/www.facebook.com\/amurrio.bidean\" \/>\n<meta property=\"article:published_time\" content=\"2018-05-15T09:48:45+00:00\" \/>\n<meta property=\"article:modified_time\" content=\"2018-05-15T09:53:15+00:00\" \/>\n<meta property=\"og:image\" content=\"https:\/\/amurriobidean.org\/wp-content\/uploads\/2018\/05\/cartel-.jpg\" \/>\n\t<meta property=\"og:image:width\" content=\"1828\" \/>\n\t<meta property=\"og:image:height\" content=\"1090\" \/>\n\t<meta property=\"og:image:type\" content=\"image\/jpeg\" \/>\n<meta name=\"author\" content=\"Amurrio Bidean\" \/>\n<meta name=\"twitter:card\" content=\"summary_large_image\" \/>\n<meta name=\"twitter:creator\" content=\"@amurriobidean\" \/>\n<meta name=\"twitter:site\" content=\"@amurriobidean\" \/>\n<meta name=\"twitter:label1\" content=\"Escrito por\" \/>\n\t<meta name=\"twitter:data1\" content=\"Amurrio Bidean\" \/>\n\t<meta name=\"twitter:label2\" content=\"Tiempo de lectura\" \/>\n\t<meta name=\"twitter:data2\" content=\"2 minutos\" \/>\n<script type=\"application\/ld+json\" class=\"yoast-schema-graph\">{\"@context\":\"https:\/\/schema.org\",\"@graph\":[{\"@type\":\"WebPage\",\"@id\":\"https:\/\/amurriobidean.org\/es\/arabako-txakolinaren-festa-igande-honetan-ospatuko-da-amurrion\/\",\"url\":\"https:\/\/amurriobidean.org\/es\/arabako-txakolinaren-festa-igande-honetan-ospatuko-da-amurrion\/\",\"name\":\"LA FIESTA DEL TXAKOLI ALAV\u00c9S SE CELEBRA ESTE DOMINGO EN AMURRIO - Amurrio Bidean. Garapen Agentzia - Agencia de desarrollo.\",\"isPartOf\":{\"@id\":\"https:\/\/amurriobidean.org\/es\/#website\"},\"primaryImageOfPage\":{\"@id\":\"https:\/\/amurriobidean.org\/es\/arabako-txakolinaren-festa-igande-honetan-ospatuko-da-amurrion\/#primaryimage\"},\"image\":{\"@id\":\"https:\/\/amurriobidean.org\/es\/arabako-txakolinaren-festa-igande-honetan-ospatuko-da-amurrion\/#primaryimage\"},\"thumbnailUrl\":\"https:\/\/amurriobidean.org\/wp-content\/uploads\/2018\/05\/cartel-.jpg\",\"datePublished\":\"2018-05-15T09:48:45+00:00\",\"dateModified\":\"2018-05-15T09:53:15+00:00\",\"author\":{\"@id\":\"https:\/\/amurriobidean.org\/es\/#\/schema\/person\/56c71b474b3e7f5f5e6f209a6cf3abfe\"},\"breadcrumb\":{\"@id\":\"https:\/\/amurriobidean.org\/es\/arabako-txakolinaren-festa-igande-honetan-ospatuko-da-amurrion\/#breadcrumb\"},\"inLanguage\":\"es\",\"potentialAction\":[{\"@type\":\"ReadAction\",\"target\":[\"https:\/\/amurriobidean.org\/es\/arabako-txakolinaren-festa-igande-honetan-ospatuko-da-amurrion\/\"]}]},{\"@type\":\"ImageObject\",\"inLanguage\":\"es\",\"@id\":\"https:\/\/amurriobidean.org\/es\/arabako-txakolinaren-festa-igande-honetan-ospatuko-da-amurrion\/#primaryimage\",\"url\":\"https:\/\/amurriobidean.org\/wp-content\/uploads\/2018\/05\/cartel-.jpg\",\"contentUrl\":\"https:\/\/amurriobidean.org\/wp-content\/uploads\/2018\/05\/cartel-.jpg\",\"width\":\"1828\",\"height\":\"1090\"},{\"@type\":\"BreadcrumbList\",\"@id\":\"https:\/\/amurriobidean.org\/es\/arabako-txakolinaren-festa-igande-honetan-ospatuko-da-amurrion\/#breadcrumb\",\"itemListElement\":[{\"@type\":\"ListItem\",\"position\":1,\"name\":\"Portada\",\"item\":\"https:\/\/amurriobidean.org\/es\/\"},{\"@type\":\"ListItem\",\"position\":2,\"name\":\"LA FIESTA DEL TXAKOLI ALAV\u00c9S SE CELEBRA ESTE DOMINGO EN AMURRIO\"}]},{\"@type\":\"WebSite\",\"@id\":\"https:\/\/amurriobidean.org\/es\/#website\",\"url\":\"https:\/\/amurriobidean.org\/es\/\",\"name\":\"Amurrio Bidean. Garapen Agentzia - Agencia de desarrollo.\",\"description\":\"Agencia de Desarollo Local de Amurrio\",\"potentialAction\":[{\"@type\":\"SearchAction\",\"target\":{\"@type\":\"EntryPoint\",\"urlTemplate\":\"https:\/\/amurriobidean.org\/es\/?s={search_term_string}\"},\"query-input\":{\"@type\":\"PropertyValueSpecification\",\"valueRequired\":true,\"valueName\":\"search_term_string\"}}],\"inLanguage\":\"es\"},{\"@type\":\"Person\",\"@id\":\"https:\/\/amurriobidean.org\/es\/#\/schema\/person\/56c71b474b3e7f5f5e6f209a6cf3abfe\",\"name\":\"Amurrio Bidean\",\"image\":{\"@type\":\"ImageObject\",\"inLanguage\":\"es\",\"@id\":\"https:\/\/amurriobidean.org\/es\/#\/schema\/person\/image\/\",\"url\":\"https:\/\/secure.gravatar.com\/avatar\/84a34d50800d0bb5d80eba504fc44ed48c9b2faab16ad58fa7d30bce4e2b661e\",\"contentUrl\":\"https:\/\/secure.gravatar.com\/avatar\/84a34d50800d0bb5d80eba504fc44ed48c9b2faab16ad58fa7d30bce4e2b661e\",\"caption\":\"Amurrio Bidean\"},\"sameAs\":[\"http:\/\/www.amurriobidean.eus\"],\"url\":\"https:\/\/amurriobidean.org\/es\/author\/amurrio-bidean\/\"}]}<\/script>\n<!-- \/ Yoast SEO plugin. -->","yoast_head_json":{"title":"LA FIESTA DEL TXAKOLI ALAV\u00c9S SE CELEBRA ESTE DOMINGO EN AMURRIO - Amurrio Bidean. Garapen Agentzia - Agencia de desarrollo.","robots":{"index":"index","follow":"follow","max-snippet":"max-snippet:-1","max-image-preview":"max-image-preview:large","max-video-preview":"max-video-preview:-1"},"canonical":"https:\/\/amurriobidean.org\/es\/arabako-txakolinaren-festa-igande-honetan-ospatuko-da-amurrion\/","og_locale":"es_ES","og_type":"article","og_title":"LA FIESTA DEL TXAKOLI ALAV\u00c9S SE CELEBRA ESTE DOMINGO EN AMURRIO - Amurrio Bidean. Garapen Agentzia - Agencia de desarrollo.","og_description":"La asociaci\u00f3n Arabako Txakolina celebra este domingo en Amurrio la vig\u00e9sima edici\u00f3n del Txakolin Eguna. Este consolidado evento permitir\u00e1\u00a0 promocionar, un a\u00f1o m\u00e1s, los productos del territorio alav\u00e9s. En el parque Juan Urrutia se dar\u00e1n cita el domingo los mejores txakolis producidos por siete bodegas, incluidas en la Denominaci\u00f3n de Origen Arabako Txakolina. El Txakolin [&hellip;]","og_url":"https:\/\/amurriobidean.org\/es\/arabako-txakolinaren-festa-igande-honetan-ospatuko-da-amurrion\/","og_site_name":"Amurrio Bidean. Garapen Agentzia - Agencia de desarrollo.","article_publisher":"https:\/\/www.facebook.com\/amurrio.bidean","article_published_time":"2018-05-15T09:48:45+00:00","article_modified_time":"2018-05-15T09:53:15+00:00","og_image":[{"width":1828,"height":1090,"url":"https:\/\/amurriobidean.org\/wp-content\/uploads\/2018\/05\/cartel-.jpg","type":"image\/jpeg"}],"author":"Amurrio Bidean","twitter_card":"summary_large_image","twitter_creator":"@amurriobidean","twitter_site":"@amurriobidean","twitter_misc":{"Escrito por":"Amurrio Bidean","Tiempo de lectura":"2 minutos"},"schema":{"@context":"https:\/\/schema.org","@graph":[{"@type":"WebPage","@id":"https:\/\/amurriobidean.org\/es\/arabako-txakolinaren-festa-igande-honetan-ospatuko-da-amurrion\/","url":"https:\/\/amurriobidean.org\/es\/arabako-txakolinaren-festa-igande-honetan-ospatuko-da-amurrion\/","name":"LA FIESTA DEL TXAKOLI ALAV\u00c9S SE CELEBRA ESTE DOMINGO EN AMURRIO - Amurrio Bidean. Garapen Agentzia - Agencia de desarrollo.","isPartOf":{"@id":"https:\/\/amurriobidean.org\/es\/#website"},"primaryImageOfPage":{"@id":"https:\/\/amurriobidean.org\/es\/arabako-txakolinaren-festa-igande-honetan-ospatuko-da-amurrion\/#primaryimage"},"image":{"@id":"https:\/\/amurriobidean.org\/es\/arabako-txakolinaren-festa-igande-honetan-ospatuko-da-amurrion\/#primaryimage"},"thumbnailUrl":"https:\/\/amurriobidean.org\/wp-content\/uploads\/2018\/05\/cartel-.jpg","datePublished":"2018-05-15T09:48:45+00:00","dateModified":"2018-05-15T09:53:15+00:00","author":{"@id":"https:\/\/amurriobidean.org\/es\/#\/schema\/person\/56c71b474b3e7f5f5e6f209a6cf3abfe"},"breadcrumb":{"@id":"https:\/\/amurriobidean.org\/es\/arabako-txakolinaren-festa-igande-honetan-ospatuko-da-amurrion\/#breadcrumb"},"inLanguage":"es","potentialAction":[{"@type":"ReadAction","target":["https:\/\/amurriobidean.org\/es\/arabako-txakolinaren-festa-igande-honetan-ospatuko-da-amurrion\/"]}]},{"@type":"ImageObject","inLanguage":"es","@id":"https:\/\/amurriobidean.org\/es\/arabako-txakolinaren-festa-igande-honetan-ospatuko-da-amurrion\/#primaryimage","url":"https:\/\/amurriobidean.org\/wp-content\/uploads\/2018\/05\/cartel-.jpg","contentUrl":"https:\/\/amurriobidean.org\/wp-content\/uploads\/2018\/05\/cartel-.jpg","width":"1828","height":"1090"},{"@type":"BreadcrumbList","@id":"https:\/\/amurriobidean.org\/es\/arabako-txakolinaren-festa-igande-honetan-ospatuko-da-amurrion\/#breadcrumb","itemListElement":[{"@type":"ListItem","position":1,"name":"Portada","item":"https:\/\/amurriobidean.org\/es\/"},{"@type":"ListItem","position":2,"name":"LA FIESTA DEL TXAKOLI ALAV\u00c9S SE CELEBRA ESTE DOMINGO EN AMURRIO"}]},{"@type":"WebSite","@id":"https:\/\/amurriobidean.org\/es\/#website","url":"https:\/\/amurriobidean.org\/es\/","name":"Amurrio Bidean. Garapen Agentzia - Agencia de desarrollo.","description":"Agencia de Desarollo Local de Amurrio","potentialAction":[{"@type":"SearchAction","target":{"@type":"EntryPoint","urlTemplate":"https:\/\/amurriobidean.org\/es\/?s={search_term_string}"},"query-input":{"@type":"PropertyValueSpecification","valueRequired":true,"valueName":"search_term_string"}}],"inLanguage":"es"},{"@type":"Person","@id":"https:\/\/amurriobidean.org\/es\/#\/schema\/person\/56c71b474b3e7f5f5e6f209a6cf3abfe","name":"Amurrio Bidean","image":{"@type":"ImageObject","inLanguage":"es","@id":"https:\/\/amurriobidean.org\/es\/#\/schema\/person\/image\/","url":"https:\/\/secure.gravatar.com\/avatar\/84a34d50800d0bb5d80eba504fc44ed48c9b2faab16ad58fa7d30bce4e2b661e","contentUrl":"https:\/\/secure.gravatar.com\/avatar\/84a34d50800d0bb5d80eba504fc44ed48c9b2faab16ad58fa7d30bce4e2b661e","caption":"Amurrio Bidean"},"sameAs":["http:\/\/www.amurriobidean.eus"],"url":"https:\/\/amurriobidean.org\/es\/author\/amurrio-bidean\/"}]}},"_links":{"self":[{"href":"https:\/\/amurriobidean.org\/es\/wp-json\/wp\/v2\/posts\/2881","targetHints":{"allow":["GET"]}}],"collection":[{"href":"https:\/\/amurriobidean.org\/es\/wp-json\/wp\/v2\/posts"}],"about":[{"href":"https:\/\/amurriobidean.org\/es\/wp-json\/wp\/v2\/types\/post"}],"author":[{"embeddable":true,"href":"https:\/\/amurriobidean.org\/es\/wp-json\/wp\/v2\/users\/2"}],"replies":[{"embeddable":true,"href":"https:\/\/amurriobidean.org\/es\/wp-json\/wp\/v2\/comments?post=2881"}],"version-history":[{"count":0,"href":"https:\/\/amurriobidean.org\/es\/wp-json\/wp\/v2\/posts\/2881\/revisions"}],"wp:featuredmedia":[{"embeddable":true,"href":"https:\/\/amurriobidean.org\/es\/wp-json\/wp\/v2\/media\/2878"}],"wp:attachment":[{"href":"https:\/\/amurriobidean.org\/es\/wp-json\/wp\/v2\/media?parent=2881"}],"wp:term":[{"taxonomy":"category","embeddable":true,"href":"https:\/\/amurriobidean.org\/es\/wp-json\/wp\/v2\/categories?post=2881"},{"taxonomy":"post_tag","embeddable":true,"href":"https:\/\/amurriobidean.org\/es\/wp-json\/wp\/v2\/tags?post=2881"}],"curies":[{"name":"wp","href":"https:\/\/api.w.org\/{rel}","templated":true}]}}