{"id":2841,"date":"2018-04-10T09:50:28","date_gmt":"2018-04-10T09:50:28","guid":{"rendered":"http:\/\/amurriobidean.eus\/apirilaren-24an-datuak-babesteari-buruzko-lege-organikoaren-aldaketen-inguruko-hitzaldi-bat-egingo-da\/"},"modified":"2018-04-10T09:52:17","modified_gmt":"2018-04-10T09:52:17","slug":"apirilaren-24an-datuak-babesteari-buruzko-lege-organikoaren-aldaketen-inguruko-hitzaldi-bat-egingo-da","status":"publish","type":"post","link":"https:\/\/amurriobidean.org\/es\/apirilaren-24an-datuak-babesteari-buruzko-lege-organikoaren-aldaketen-inguruko-hitzaldi-bat-egingo-da\/","title":{"rendered":"El 24 de abril habr\u00e1 una charla informativa sobre las modificaciones de la Ley Org\u00e1nica de protecci\u00f3n de datos"},"content":{"rendered":"<p><strong>Tendr\u00e1 lugar en ReforAmurrio Enpresaldea de 10 a 12 horas y ser\u00e1 una sesi\u00f3n dirigida a personas aut\u00f3nomas, gerentes y responsables de seguridad de datos.<\/strong><\/p>\n<p>En esta sesi\u00f3n informativa se abordar\u00e1n los principales cambios en el marco jur\u00eddico de la Protecci\u00f3n de Datos y c\u00f3mo estos deben ser aplicados a las diferentes organizaciones.<\/p>\n<p>El 25 de mayo de 2016 entr\u00f3 en vigor el nuevo Reglamento General de Protecci\u00f3n de Datos Personales que constituye el nuevo marco jur\u00eddico de la Uni\u00f3n Europea que regir\u00e1 el uso de los datos personales a partir de su entrada en vigor el 25 de mayo de 2018.<\/p>\n<p>Se trata de una normativa de obligado cumplimiento para todas las entidades de car\u00e1cter p\u00fablico y privado que manejen datos de car\u00e1cter personal (informaci\u00f3n de clientes, trabajadores, im\u00e1genes etc.)<\/p>\n<p>Si eres empresa o profesional, tanto si te tienes que adaptar al nuevo reglamento como si tienes que dise\u00f1arlo por primera vez, en esta sesi\u00f3n informativa te daremos todas las claves para que conozcas, seg\u00fan el tipo de empresa y actividad, las acciones que tienes que llevar a cabo para cumplir con el mismo.<\/p>\n<p>Para inscribirte contacta con Amurrio Bidean en el tel\u00e9fono 945891721 o a trav\u00e9s del correo empresa@amurriobidean.org<\/p>\n<p>&nbsp;<\/p>\n<p>&nbsp;<\/p>\n<p>&nbsp;<\/p>\n","protected":false},"excerpt":{"rendered":"<p>Tendr\u00e1 lugar en ReforAmurrio Enpresaldea de 10 a 12 horas y ser\u00e1 una sesi\u00f3n dirigida a personas aut\u00f3nomas, gerentes y responsables de seguridad de datos. En esta sesi\u00f3n informativa se abordar\u00e1n los principales cambios en el marco jur\u00eddico de la Protecci\u00f3n de Datos y c\u00f3mo estos deben ser aplicados a las diferentes organizaciones. El 25 [&hellip;]<\/p>\n","protected":false},"author":2,"featured_media":2838,"comment_status":"closed","ping_status":"closed","sticky":false,"template":"","format":"standard","meta":{"footnotes":""},"categories":[28],"tags":[],"class_list":["post-2841","post","type-post","status-publish","format-standard","has-post-thumbnail","hentry","category-noticias"],"yoast_head":"<!-- This site is optimized with the Yoast SEO plugin v25.3 - https:\/\/yoast.com\/wordpress\/plugins\/seo\/ -->\n<title>El 24 de abril habr\u00e1 una charla informativa sobre las modificaciones de la Ley Org\u00e1nica de protecci\u00f3n de datos - Amurrio Bidean. Garapen Agentzia - Agencia de desarrollo.<\/title>\n<meta name=\"robots\" content=\"index, follow, max-snippet:-1, max-image-preview:large, max-video-preview:-1\" \/>\n<link rel=\"canonical\" href=\"https:\/\/amurriobidean.org\/es\/apirilaren-24an-datuak-babesteari-buruzko-lege-organikoaren-aldaketen-inguruko-hitzaldi-bat-egingo-da\/\" \/>\n<meta property=\"og:locale\" content=\"es_ES\" \/>\n<meta property=\"og:type\" content=\"article\" \/>\n<meta property=\"og:title\" content=\"El 24 de abril habr\u00e1 una charla informativa sobre las modificaciones de la Ley Org\u00e1nica de protecci\u00f3n de datos - Amurrio Bidean. Garapen Agentzia - Agencia de desarrollo.\" \/>\n<meta property=\"og:description\" content=\"Tendr\u00e1 lugar en ReforAmurrio Enpresaldea de 10 a 12 horas y ser\u00e1 una sesi\u00f3n dirigida a personas aut\u00f3nomas, gerentes y responsables de seguridad de datos. En esta sesi\u00f3n informativa se abordar\u00e1n los principales cambios en el marco jur\u00eddico de la Protecci\u00f3n de Datos y c\u00f3mo estos deben ser aplicados a las diferentes organizaciones. El 25 [&hellip;]\" \/>\n<meta property=\"og:url\" content=\"https:\/\/amurriobidean.org\/es\/apirilaren-24an-datuak-babesteari-buruzko-lege-organikoaren-aldaketen-inguruko-hitzaldi-bat-egingo-da\/\" \/>\n<meta property=\"og:site_name\" content=\"Amurrio Bidean. Garapen Agentzia - Agencia de desarrollo.\" \/>\n<meta property=\"article:publisher\" content=\"https:\/\/www.facebook.com\/amurrio.bidean\" \/>\n<meta property=\"article:published_time\" content=\"2018-04-10T09:50:28+00:00\" \/>\n<meta property=\"article:modified_time\" content=\"2018-04-10T09:52:17+00:00\" \/>\n<meta property=\"og:image\" content=\"https:\/\/amurriobidean.org\/wp-content\/uploads\/2018\/04\/security-1202344_1280.png\" \/>\n\t<meta property=\"og:image:width\" content=\"1280\" \/>\n\t<meta property=\"og:image:height\" content=\"720\" \/>\n\t<meta property=\"og:image:type\" content=\"image\/png\" \/>\n<meta name=\"author\" content=\"Amurrio Bidean\" \/>\n<meta name=\"twitter:card\" content=\"summary_large_image\" \/>\n<meta name=\"twitter:creator\" content=\"@amurriobidean\" \/>\n<meta name=\"twitter:site\" content=\"@amurriobidean\" \/>\n<meta name=\"twitter:label1\" content=\"Escrito por\" \/>\n\t<meta name=\"twitter:data1\" content=\"Amurrio Bidean\" \/>\n\t<meta name=\"twitter:label2\" content=\"Tiempo de lectura\" \/>\n\t<meta name=\"twitter:data2\" content=\"1 minuto\" \/>\n<script type=\"application\/ld+json\" class=\"yoast-schema-graph\">{\"@context\":\"https:\/\/schema.org\",\"@graph\":[{\"@type\":\"WebPage\",\"@id\":\"https:\/\/amurriobidean.org\/es\/apirilaren-24an-datuak-babesteari-buruzko-lege-organikoaren-aldaketen-inguruko-hitzaldi-bat-egingo-da\/\",\"url\":\"https:\/\/amurriobidean.org\/es\/apirilaren-24an-datuak-babesteari-buruzko-lege-organikoaren-aldaketen-inguruko-hitzaldi-bat-egingo-da\/\",\"name\":\"El 24 de abril habr\u00e1 una charla informativa sobre las modificaciones de la Ley Org\u00e1nica de protecci\u00f3n de datos - Amurrio Bidean. Garapen Agentzia - Agencia de desarrollo.\",\"isPartOf\":{\"@id\":\"https:\/\/amurriobidean.org\/es\/#website\"},\"primaryImageOfPage\":{\"@id\":\"https:\/\/amurriobidean.org\/es\/apirilaren-24an-datuak-babesteari-buruzko-lege-organikoaren-aldaketen-inguruko-hitzaldi-bat-egingo-da\/#primaryimage\"},\"image\":{\"@id\":\"https:\/\/amurriobidean.org\/es\/apirilaren-24an-datuak-babesteari-buruzko-lege-organikoaren-aldaketen-inguruko-hitzaldi-bat-egingo-da\/#primaryimage\"},\"thumbnailUrl\":\"https:\/\/amurriobidean.org\/wp-content\/uploads\/2018\/04\/security-1202344_1280.png\",\"datePublished\":\"2018-04-10T09:50:28+00:00\",\"dateModified\":\"2018-04-10T09:52:17+00:00\",\"author\":{\"@id\":\"https:\/\/amurriobidean.org\/es\/#\/schema\/person\/56c71b474b3e7f5f5e6f209a6cf3abfe\"},\"breadcrumb\":{\"@id\":\"https:\/\/amurriobidean.org\/es\/apirilaren-24an-datuak-babesteari-buruzko-lege-organikoaren-aldaketen-inguruko-hitzaldi-bat-egingo-da\/#breadcrumb\"},\"inLanguage\":\"es\",\"potentialAction\":[{\"@type\":\"ReadAction\",\"target\":[\"https:\/\/amurriobidean.org\/es\/apirilaren-24an-datuak-babesteari-buruzko-lege-organikoaren-aldaketen-inguruko-hitzaldi-bat-egingo-da\/\"]}]},{\"@type\":\"ImageObject\",\"inLanguage\":\"es\",\"@id\":\"https:\/\/amurriobidean.org\/es\/apirilaren-24an-datuak-babesteari-buruzko-lege-organikoaren-aldaketen-inguruko-hitzaldi-bat-egingo-da\/#primaryimage\",\"url\":\"https:\/\/amurriobidean.org\/wp-content\/uploads\/2018\/04\/security-1202344_1280.png\",\"contentUrl\":\"https:\/\/amurriobidean.org\/wp-content\/uploads\/2018\/04\/security-1202344_1280.png\",\"width\":1280,\"height\":720},{\"@type\":\"BreadcrumbList\",\"@id\":\"https:\/\/amurriobidean.org\/es\/apirilaren-24an-datuak-babesteari-buruzko-lege-organikoaren-aldaketen-inguruko-hitzaldi-bat-egingo-da\/#breadcrumb\",\"itemListElement\":[{\"@type\":\"ListItem\",\"position\":1,\"name\":\"Portada\",\"item\":\"https:\/\/amurriobidean.org\/es\/\"},{\"@type\":\"ListItem\",\"position\":2,\"name\":\"El 24 de abril habr\u00e1 una charla informativa sobre las modificaciones de la Ley Org\u00e1nica de protecci\u00f3n de datos\"}]},{\"@type\":\"WebSite\",\"@id\":\"https:\/\/amurriobidean.org\/es\/#website\",\"url\":\"https:\/\/amurriobidean.org\/es\/\",\"name\":\"Amurrio Bidean. Garapen Agentzia - Agencia de desarrollo.\",\"description\":\"Agencia de Desarollo Local de Amurrio\",\"potentialAction\":[{\"@type\":\"SearchAction\",\"target\":{\"@type\":\"EntryPoint\",\"urlTemplate\":\"https:\/\/amurriobidean.org\/es\/?s={search_term_string}\"},\"query-input\":{\"@type\":\"PropertyValueSpecification\",\"valueRequired\":true,\"valueName\":\"search_term_string\"}}],\"inLanguage\":\"es\"},{\"@type\":\"Person\",\"@id\":\"https:\/\/amurriobidean.org\/es\/#\/schema\/person\/56c71b474b3e7f5f5e6f209a6cf3abfe\",\"name\":\"Amurrio Bidean\",\"image\":{\"@type\":\"ImageObject\",\"inLanguage\":\"es\",\"@id\":\"https:\/\/amurriobidean.org\/es\/#\/schema\/person\/image\/\",\"url\":\"https:\/\/secure.gravatar.com\/avatar\/84a34d50800d0bb5d80eba504fc44ed48c9b2faab16ad58fa7d30bce4e2b661e\",\"contentUrl\":\"https:\/\/secure.gravatar.com\/avatar\/84a34d50800d0bb5d80eba504fc44ed48c9b2faab16ad58fa7d30bce4e2b661e\",\"caption\":\"Amurrio Bidean\"},\"sameAs\":[\"http:\/\/www.amurriobidean.eus\"],\"url\":\"https:\/\/amurriobidean.org\/es\/author\/amurrio-bidean\/\"}]}<\/script>\n<!-- \/ Yoast SEO plugin. -->","yoast_head_json":{"title":"El 24 de abril habr\u00e1 una charla informativa sobre las modificaciones de la Ley Org\u00e1nica de protecci\u00f3n de datos - Amurrio Bidean. Garapen Agentzia - Agencia de desarrollo.","robots":{"index":"index","follow":"follow","max-snippet":"max-snippet:-1","max-image-preview":"max-image-preview:large","max-video-preview":"max-video-preview:-1"},"canonical":"https:\/\/amurriobidean.org\/es\/apirilaren-24an-datuak-babesteari-buruzko-lege-organikoaren-aldaketen-inguruko-hitzaldi-bat-egingo-da\/","og_locale":"es_ES","og_type":"article","og_title":"El 24 de abril habr\u00e1 una charla informativa sobre las modificaciones de la Ley Org\u00e1nica de protecci\u00f3n de datos - Amurrio Bidean. Garapen Agentzia - Agencia de desarrollo.","og_description":"Tendr\u00e1 lugar en ReforAmurrio Enpresaldea de 10 a 12 horas y ser\u00e1 una sesi\u00f3n dirigida a personas aut\u00f3nomas, gerentes y responsables de seguridad de datos. En esta sesi\u00f3n informativa se abordar\u00e1n los principales cambios en el marco jur\u00eddico de la Protecci\u00f3n de Datos y c\u00f3mo estos deben ser aplicados a las diferentes organizaciones. El 25 [&hellip;]","og_url":"https:\/\/amurriobidean.org\/es\/apirilaren-24an-datuak-babesteari-buruzko-lege-organikoaren-aldaketen-inguruko-hitzaldi-bat-egingo-da\/","og_site_name":"Amurrio Bidean. Garapen Agentzia - Agencia de desarrollo.","article_publisher":"https:\/\/www.facebook.com\/amurrio.bidean","article_published_time":"2018-04-10T09:50:28+00:00","article_modified_time":"2018-04-10T09:52:17+00:00","og_image":[{"width":1280,"height":720,"url":"https:\/\/amurriobidean.org\/wp-content\/uploads\/2018\/04\/security-1202344_1280.png","type":"image\/png"}],"author":"Amurrio Bidean","twitter_card":"summary_large_image","twitter_creator":"@amurriobidean","twitter_site":"@amurriobidean","twitter_misc":{"Escrito por":"Amurrio Bidean","Tiempo de lectura":"1 minuto"},"schema":{"@context":"https:\/\/schema.org","@graph":[{"@type":"WebPage","@id":"https:\/\/amurriobidean.org\/es\/apirilaren-24an-datuak-babesteari-buruzko-lege-organikoaren-aldaketen-inguruko-hitzaldi-bat-egingo-da\/","url":"https:\/\/amurriobidean.org\/es\/apirilaren-24an-datuak-babesteari-buruzko-lege-organikoaren-aldaketen-inguruko-hitzaldi-bat-egingo-da\/","name":"El 24 de abril habr\u00e1 una charla informativa sobre las modificaciones de la Ley Org\u00e1nica de protecci\u00f3n de datos - Amurrio Bidean. Garapen Agentzia - Agencia de desarrollo.","isPartOf":{"@id":"https:\/\/amurriobidean.org\/es\/#website"},"primaryImageOfPage":{"@id":"https:\/\/amurriobidean.org\/es\/apirilaren-24an-datuak-babesteari-buruzko-lege-organikoaren-aldaketen-inguruko-hitzaldi-bat-egingo-da\/#primaryimage"},"image":{"@id":"https:\/\/amurriobidean.org\/es\/apirilaren-24an-datuak-babesteari-buruzko-lege-organikoaren-aldaketen-inguruko-hitzaldi-bat-egingo-da\/#primaryimage"},"thumbnailUrl":"https:\/\/amurriobidean.org\/wp-content\/uploads\/2018\/04\/security-1202344_1280.png","datePublished":"2018-04-10T09:50:28+00:00","dateModified":"2018-04-10T09:52:17+00:00","author":{"@id":"https:\/\/amurriobidean.org\/es\/#\/schema\/person\/56c71b474b3e7f5f5e6f209a6cf3abfe"},"breadcrumb":{"@id":"https:\/\/amurriobidean.org\/es\/apirilaren-24an-datuak-babesteari-buruzko-lege-organikoaren-aldaketen-inguruko-hitzaldi-bat-egingo-da\/#breadcrumb"},"inLanguage":"es","potentialAction":[{"@type":"ReadAction","target":["https:\/\/amurriobidean.org\/es\/apirilaren-24an-datuak-babesteari-buruzko-lege-organikoaren-aldaketen-inguruko-hitzaldi-bat-egingo-da\/"]}]},{"@type":"ImageObject","inLanguage":"es","@id":"https:\/\/amurriobidean.org\/es\/apirilaren-24an-datuak-babesteari-buruzko-lege-organikoaren-aldaketen-inguruko-hitzaldi-bat-egingo-da\/#primaryimage","url":"https:\/\/amurriobidean.org\/wp-content\/uploads\/2018\/04\/security-1202344_1280.png","contentUrl":"https:\/\/amurriobidean.org\/wp-content\/uploads\/2018\/04\/security-1202344_1280.png","width":1280,"height":720},{"@type":"BreadcrumbList","@id":"https:\/\/amurriobidean.org\/es\/apirilaren-24an-datuak-babesteari-buruzko-lege-organikoaren-aldaketen-inguruko-hitzaldi-bat-egingo-da\/#breadcrumb","itemListElement":[{"@type":"ListItem","position":1,"name":"Portada","item":"https:\/\/amurriobidean.org\/es\/"},{"@type":"ListItem","position":2,"name":"El 24 de abril habr\u00e1 una charla informativa sobre las modificaciones de la Ley Org\u00e1nica de protecci\u00f3n de datos"}]},{"@type":"WebSite","@id":"https:\/\/amurriobidean.org\/es\/#website","url":"https:\/\/amurriobidean.org\/es\/","name":"Amurrio Bidean. Garapen Agentzia - Agencia de desarrollo.","description":"Agencia de Desarollo Local de Amurrio","potentialAction":[{"@type":"SearchAction","target":{"@type":"EntryPoint","urlTemplate":"https:\/\/amurriobidean.org\/es\/?s={search_term_string}"},"query-input":{"@type":"PropertyValueSpecification","valueRequired":true,"valueName":"search_term_string"}}],"inLanguage":"es"},{"@type":"Person","@id":"https:\/\/amurriobidean.org\/es\/#\/schema\/person\/56c71b474b3e7f5f5e6f209a6cf3abfe","name":"Amurrio Bidean","image":{"@type":"ImageObject","inLanguage":"es","@id":"https:\/\/amurriobidean.org\/es\/#\/schema\/person\/image\/","url":"https:\/\/secure.gravatar.com\/avatar\/84a34d50800d0bb5d80eba504fc44ed48c9b2faab16ad58fa7d30bce4e2b661e","contentUrl":"https:\/\/secure.gravatar.com\/avatar\/84a34d50800d0bb5d80eba504fc44ed48c9b2faab16ad58fa7d30bce4e2b661e","caption":"Amurrio Bidean"},"sameAs":["http:\/\/www.amurriobidean.eus"],"url":"https:\/\/amurriobidean.org\/es\/author\/amurrio-bidean\/"}]}},"_links":{"self":[{"href":"https:\/\/amurriobidean.org\/es\/wp-json\/wp\/v2\/posts\/2841","targetHints":{"allow":["GET"]}}],"collection":[{"href":"https:\/\/amurriobidean.org\/es\/wp-json\/wp\/v2\/posts"}],"about":[{"href":"https:\/\/amurriobidean.org\/es\/wp-json\/wp\/v2\/types\/post"}],"author":[{"embeddable":true,"href":"https:\/\/amurriobidean.org\/es\/wp-json\/wp\/v2\/users\/2"}],"replies":[{"embeddable":true,"href":"https:\/\/amurriobidean.org\/es\/wp-json\/wp\/v2\/comments?post=2841"}],"version-history":[{"count":0,"href":"https:\/\/amurriobidean.org\/es\/wp-json\/wp\/v2\/posts\/2841\/revisions"}],"wp:featuredmedia":[{"embeddable":true,"href":"https:\/\/amurriobidean.org\/es\/wp-json\/wp\/v2\/media\/2838"}],"wp:attachment":[{"href":"https:\/\/amurriobidean.org\/es\/wp-json\/wp\/v2\/media?parent=2841"}],"wp:term":[{"taxonomy":"category","embeddable":true,"href":"https:\/\/amurriobidean.org\/es\/wp-json\/wp\/v2\/categories?post=2841"},{"taxonomy":"post_tag","embeddable":true,"href":"https:\/\/amurriobidean.org\/es\/wp-json\/wp\/v2\/tags?post=2841"}],"curies":[{"name":"wp","href":"https:\/\/api.w.org\/{rel}","templated":true}]}}