{"id":2767,"date":"2018-01-24T09:40:43","date_gmt":"2018-01-24T09:40:43","guid":{"rendered":"http:\/\/amurriobidean.eus\/amurrio-bideanek-kudeatuko-ditu-gure-udalerrian-ekintzaileentzako-lanbideren-diru-laguntzak\/"},"modified":"2018-01-24T09:45:10","modified_gmt":"2018-01-24T09:45:10","slug":"amurrio-bideanek-kudeatuko-ditu-gure-udalerrian-ekintzaileentzako-lanbideren-diru-laguntzak","status":"publish","type":"post","link":"https:\/\/amurriobidean.org\/es\/amurrio-bideanek-kudeatuko-ditu-gure-udalerrian-ekintzaileentzako-lanbideren-diru-laguntzak\/","title":{"rendered":"AMURRIO BIDEAN GESTIONAR\u00c1 EN NUESTRO MUNICIPIO LAS NUEVAS AYUDAS ECON\u00d3MICAS DE LANBIDE DIRIGIDAS A PERSONAS EMPRENDEDORAS"},"content":{"rendered":"<p><em>Se trata de una ayuda para el estudio de la idea de negocio (1.000 \u20ac) y otra ayuda para la puesta en marcha de la actividad (1.500 \u20ac).<\/em><\/p>\n<p><em>El plazo para la presentaci\u00f3n de solicitudes permanecer\u00e1 abierto <strong>del 22 de enero al 9 de febrero<\/strong><\/em><\/p>\n<p>El objetivo de estas ayudas es que las personas beneficiarias puedan dedicarse en exclusiva durante un periodo de <strong>tres meses<\/strong> al estudio de la idea y desarrollo del plan de negocio o a la puesta en marcha de la empresa.<\/p>\n<p>Para poder acceder a las mismas es necesario acudir a una de las entidades colaboradoras de Lanbide, Servicio Vasco de Empleo, que se encargan de seleccionar, registrar, tutorizar y validar las ideas o proyectos beneficiarios.<\/p>\n<p>La Cuadrilla de Ayala es la entidad colaboradora de Lanbide en nuestra comarca pero las solicitudes han de presentarse en las Agencias de Desarrollo de cada localidad, en este caso, Amurrio Bidean.<\/p>\n<p>En concreto, este a\u00f1o se han otorgado en nuestra comarca <strong>9 ayudas<\/strong> para el estudio de la idea de negocio y <strong>6<\/strong><strong> ayudas<\/strong> para la puesta en marcha de la actividad.\u00a0 Hay un n\u00famero espec\u00edfico de ayudas destinado a personas menores de treinta a\u00f1os as\u00ed como a mujeres.<\/p>\n<p>En el caso de que existan m\u00e1s solicitudes que ayudas se realizar\u00e1 una valoraci\u00f3n t\u00e9cnica de los proyectos y candidatos seg\u00fan los criterios establecidos en las bases de selecci\u00f3n.<\/p>\n<p>Para m\u00e1s informaci\u00f3n contactar con Amurrio Bidean (El Refor Kalea z\/g) Tel.945891721 \u2013 Mail. <a href=\"mailto:autoempleo@amurriobidean.org\">autoempleo@amurriobidean.org<\/a><\/p>\n<p><strong>Ayuda Lanbide Emprender<\/strong><\/p>\n<ul>\n<li><strong>Ayudas de apoyo a las personas promotoras de nuevas ideas empresariales:<\/strong><\/li>\n<\/ul>\n<p><strong>Requisitos<\/strong><\/p>\n<p>*Contar con una idea de negocio<\/p>\n<p>*Residir en la CAPV<\/p>\n<p>*Estar desempleado\/a e inscrito\/a\u00a0 en Lanbide<\/p>\n<p>*No haber estado dado de alta previamente en el IAE y en aut\u00f3nomos<\/p>\n<p><strong>Cuant\u00eda<\/strong><\/p>\n<p>1.000 \u20ac<\/p>\n<p>* la cuant\u00eda se incrementar\u00e1 en un 15% en el caso de mujeres y j\u00f3venes &gt; 18 a\u00f1os y &lt; 30 a\u00f1os<\/p>\n<ul>\n<li><strong>Ayudas dirigidas a impulsar la puesta en marcha de nuevas actividades empresariales<\/strong><\/li>\n<\/ul>\n<p><strong>Requisitos<\/strong><\/p>\n<p>* Disponer de un plan de negocio para la puesta en marcha de un nuevo proyecto.<\/p>\n<p>*Residir en la CAPV<\/p>\n<p>*Estar desempleado\/a e inscrito\/a\u00a0 en Lanbide<\/p>\n<p><strong>Cuant\u00eda<\/strong><\/p>\n<p>1.500 \u20ac<\/p>\n<p>* la cuant\u00eda se incrementar\u00e1 en un 15% en el caso de mujeres y j\u00f3venes &gt; 18 a\u00f1os y &lt; 30 a\u00f1os<\/p>\n","protected":false},"excerpt":{"rendered":"<p>Se trata de una ayuda para el estudio de la idea de negocio (1.000 \u20ac) y otra ayuda para la puesta en marcha de la actividad (1.500 \u20ac). El plazo para la presentaci\u00f3n de solicitudes permanecer\u00e1 abierto del 22 de enero al 9 de febrero El objetivo de estas ayudas es que las personas beneficiarias [&hellip;]<\/p>\n","protected":false},"author":2,"featured_media":2764,"comment_status":"closed","ping_status":"closed","sticky":false,"template":"","format":"standard","meta":{"footnotes":""},"categories":[28],"tags":[],"class_list":["post-2767","post","type-post","status-publish","format-standard","has-post-thumbnail","hentry","category-noticias"],"yoast_head":"<!-- This site is optimized with the Yoast SEO plugin v25.3 - https:\/\/yoast.com\/wordpress\/plugins\/seo\/ -->\n<title>AMURRIO BIDEAN GESTIONAR\u00c1 EN NUESTRO MUNICIPIO LAS NUEVAS AYUDAS ECON\u00d3MICAS DE LANBIDE DIRIGIDAS A PERSONAS EMPRENDEDORAS - Amurrio Bidean. Garapen Agentzia - Agencia de desarrollo.<\/title>\n<meta name=\"robots\" content=\"index, follow, max-snippet:-1, max-image-preview:large, max-video-preview:-1\" \/>\n<link rel=\"canonical\" href=\"https:\/\/amurriobidean.org\/es\/amurrio-bideanek-kudeatuko-ditu-gure-udalerrian-ekintzaileentzako-lanbideren-diru-laguntzak\/\" \/>\n<meta property=\"og:locale\" content=\"es_ES\" \/>\n<meta property=\"og:type\" content=\"article\" \/>\n<meta property=\"og:title\" content=\"AMURRIO BIDEAN GESTIONAR\u00c1 EN NUESTRO MUNICIPIO LAS NUEVAS AYUDAS ECON\u00d3MICAS DE LANBIDE DIRIGIDAS A PERSONAS EMPRENDEDORAS - Amurrio Bidean. Garapen Agentzia - Agencia de desarrollo.\" \/>\n<meta property=\"og:description\" content=\"Se trata de una ayuda para el estudio de la idea de negocio (1.000 \u20ac) y otra ayuda para la puesta en marcha de la actividad (1.500 \u20ac). El plazo para la presentaci\u00f3n de solicitudes permanecer\u00e1 abierto del 22 de enero al 9 de febrero El objetivo de estas ayudas es que las personas beneficiarias [&hellip;]\" \/>\n<meta property=\"og:url\" content=\"https:\/\/amurriobidean.org\/es\/amurrio-bideanek-kudeatuko-ditu-gure-udalerrian-ekintzaileentzako-lanbideren-diru-laguntzak\/\" \/>\n<meta property=\"og:site_name\" content=\"Amurrio Bidean. Garapen Agentzia - Agencia de desarrollo.\" \/>\n<meta property=\"article:publisher\" content=\"https:\/\/www.facebook.com\/amurrio.bidean\" \/>\n<meta property=\"article:published_time\" content=\"2018-01-24T09:40:43+00:00\" \/>\n<meta property=\"article:modified_time\" content=\"2018-01-24T09:45:10+00:00\" \/>\n<meta property=\"og:image\" content=\"https:\/\/amurriobidean.org\/wp-content\/uploads\/2018\/01\/stock-photo-close-up-of-woman-s-head-against-concrete-wall-with-giant-light-bulb-and-colorful-startup-sketch-493588741.jpg\" \/>\n\t<meta property=\"og:image:width\" content=\"450\" \/>\n\t<meta property=\"og:image:height\" content=\"333\" \/>\n\t<meta property=\"og:image:type\" content=\"image\/jpeg\" \/>\n<meta name=\"author\" content=\"Amurrio Bidean\" \/>\n<meta name=\"twitter:card\" content=\"summary_large_image\" \/>\n<meta name=\"twitter:creator\" content=\"@amurriobidean\" \/>\n<meta name=\"twitter:site\" content=\"@amurriobidean\" \/>\n<meta name=\"twitter:label1\" content=\"Escrito por\" \/>\n\t<meta name=\"twitter:data1\" content=\"Amurrio Bidean\" \/>\n\t<meta name=\"twitter:label2\" content=\"Tiempo de lectura\" \/>\n\t<meta name=\"twitter:data2\" content=\"2 minutos\" \/>\n<script type=\"application\/ld+json\" class=\"yoast-schema-graph\">{\"@context\":\"https:\/\/schema.org\",\"@graph\":[{\"@type\":\"WebPage\",\"@id\":\"https:\/\/amurriobidean.org\/es\/amurrio-bideanek-kudeatuko-ditu-gure-udalerrian-ekintzaileentzako-lanbideren-diru-laguntzak\/\",\"url\":\"https:\/\/amurriobidean.org\/es\/amurrio-bideanek-kudeatuko-ditu-gure-udalerrian-ekintzaileentzako-lanbideren-diru-laguntzak\/\",\"name\":\"AMURRIO BIDEAN GESTIONAR\u00c1 EN NUESTRO MUNICIPIO LAS NUEVAS AYUDAS ECON\u00d3MICAS DE LANBIDE DIRIGIDAS A PERSONAS EMPRENDEDORAS - Amurrio Bidean. Garapen Agentzia - Agencia de desarrollo.\",\"isPartOf\":{\"@id\":\"https:\/\/amurriobidean.org\/es\/#website\"},\"primaryImageOfPage\":{\"@id\":\"https:\/\/amurriobidean.org\/es\/amurrio-bideanek-kudeatuko-ditu-gure-udalerrian-ekintzaileentzako-lanbideren-diru-laguntzak\/#primaryimage\"},\"image\":{\"@id\":\"https:\/\/amurriobidean.org\/es\/amurrio-bideanek-kudeatuko-ditu-gure-udalerrian-ekintzaileentzako-lanbideren-diru-laguntzak\/#primaryimage\"},\"thumbnailUrl\":\"https:\/\/amurriobidean.org\/wp-content\/uploads\/2018\/01\/stock-photo-close-up-of-woman-s-head-against-concrete-wall-with-giant-light-bulb-and-colorful-startup-sketch-493588741.jpg\",\"datePublished\":\"2018-01-24T09:40:43+00:00\",\"dateModified\":\"2018-01-24T09:45:10+00:00\",\"author\":{\"@id\":\"https:\/\/amurriobidean.org\/es\/#\/schema\/person\/56c71b474b3e7f5f5e6f209a6cf3abfe\"},\"breadcrumb\":{\"@id\":\"https:\/\/amurriobidean.org\/es\/amurrio-bideanek-kudeatuko-ditu-gure-udalerrian-ekintzaileentzako-lanbideren-diru-laguntzak\/#breadcrumb\"},\"inLanguage\":\"es\",\"potentialAction\":[{\"@type\":\"ReadAction\",\"target\":[\"https:\/\/amurriobidean.org\/es\/amurrio-bideanek-kudeatuko-ditu-gure-udalerrian-ekintzaileentzako-lanbideren-diru-laguntzak\/\"]}]},{\"@type\":\"ImageObject\",\"inLanguage\":\"es\",\"@id\":\"https:\/\/amurriobidean.org\/es\/amurrio-bideanek-kudeatuko-ditu-gure-udalerrian-ekintzaileentzako-lanbideren-diru-laguntzak\/#primaryimage\",\"url\":\"https:\/\/amurriobidean.org\/wp-content\/uploads\/2018\/01\/stock-photo-close-up-of-woman-s-head-against-concrete-wall-with-giant-light-bulb-and-colorful-startup-sketch-493588741.jpg\",\"contentUrl\":\"https:\/\/amurriobidean.org\/wp-content\/uploads\/2018\/01\/stock-photo-close-up-of-woman-s-head-against-concrete-wall-with-giant-light-bulb-and-colorful-startup-sketch-493588741.jpg\",\"width\":\"450\",\"height\":\"333\"},{\"@type\":\"BreadcrumbList\",\"@id\":\"https:\/\/amurriobidean.org\/es\/amurrio-bideanek-kudeatuko-ditu-gure-udalerrian-ekintzaileentzako-lanbideren-diru-laguntzak\/#breadcrumb\",\"itemListElement\":[{\"@type\":\"ListItem\",\"position\":1,\"name\":\"Portada\",\"item\":\"https:\/\/amurriobidean.org\/es\/\"},{\"@type\":\"ListItem\",\"position\":2,\"name\":\"AMURRIO BIDEAN GESTIONAR\u00c1 EN NUESTRO MUNICIPIO LAS NUEVAS AYUDAS ECON\u00d3MICAS DE LANBIDE DIRIGIDAS A PERSONAS EMPRENDEDORAS\"}]},{\"@type\":\"WebSite\",\"@id\":\"https:\/\/amurriobidean.org\/es\/#website\",\"url\":\"https:\/\/amurriobidean.org\/es\/\",\"name\":\"Amurrio Bidean. Garapen Agentzia - Agencia de desarrollo.\",\"description\":\"Agencia de Desarollo Local de Amurrio\",\"potentialAction\":[{\"@type\":\"SearchAction\",\"target\":{\"@type\":\"EntryPoint\",\"urlTemplate\":\"https:\/\/amurriobidean.org\/es\/?s={search_term_string}\"},\"query-input\":{\"@type\":\"PropertyValueSpecification\",\"valueRequired\":true,\"valueName\":\"search_term_string\"}}],\"inLanguage\":\"es\"},{\"@type\":\"Person\",\"@id\":\"https:\/\/amurriobidean.org\/es\/#\/schema\/person\/56c71b474b3e7f5f5e6f209a6cf3abfe\",\"name\":\"Amurrio Bidean\",\"image\":{\"@type\":\"ImageObject\",\"inLanguage\":\"es\",\"@id\":\"https:\/\/amurriobidean.org\/es\/#\/schema\/person\/image\/\",\"url\":\"https:\/\/secure.gravatar.com\/avatar\/84a34d50800d0bb5d80eba504fc44ed48c9b2faab16ad58fa7d30bce4e2b661e\",\"contentUrl\":\"https:\/\/secure.gravatar.com\/avatar\/84a34d50800d0bb5d80eba504fc44ed48c9b2faab16ad58fa7d30bce4e2b661e\",\"caption\":\"Amurrio Bidean\"},\"sameAs\":[\"http:\/\/www.amurriobidean.eus\"],\"url\":\"https:\/\/amurriobidean.org\/es\/author\/amurrio-bidean\/\"}]}<\/script>\n<!-- \/ Yoast SEO plugin. -->","yoast_head_json":{"title":"AMURRIO BIDEAN GESTIONAR\u00c1 EN NUESTRO MUNICIPIO LAS NUEVAS AYUDAS ECON\u00d3MICAS DE LANBIDE DIRIGIDAS A PERSONAS EMPRENDEDORAS - Amurrio Bidean. Garapen Agentzia - Agencia de desarrollo.","robots":{"index":"index","follow":"follow","max-snippet":"max-snippet:-1","max-image-preview":"max-image-preview:large","max-video-preview":"max-video-preview:-1"},"canonical":"https:\/\/amurriobidean.org\/es\/amurrio-bideanek-kudeatuko-ditu-gure-udalerrian-ekintzaileentzako-lanbideren-diru-laguntzak\/","og_locale":"es_ES","og_type":"article","og_title":"AMURRIO BIDEAN GESTIONAR\u00c1 EN NUESTRO MUNICIPIO LAS NUEVAS AYUDAS ECON\u00d3MICAS DE LANBIDE DIRIGIDAS A PERSONAS EMPRENDEDORAS - Amurrio Bidean. Garapen Agentzia - Agencia de desarrollo.","og_description":"Se trata de una ayuda para el estudio de la idea de negocio (1.000 \u20ac) y otra ayuda para la puesta en marcha de la actividad (1.500 \u20ac). El plazo para la presentaci\u00f3n de solicitudes permanecer\u00e1 abierto del 22 de enero al 9 de febrero El objetivo de estas ayudas es que las personas beneficiarias [&hellip;]","og_url":"https:\/\/amurriobidean.org\/es\/amurrio-bideanek-kudeatuko-ditu-gure-udalerrian-ekintzaileentzako-lanbideren-diru-laguntzak\/","og_site_name":"Amurrio Bidean. Garapen Agentzia - Agencia de desarrollo.","article_publisher":"https:\/\/www.facebook.com\/amurrio.bidean","article_published_time":"2018-01-24T09:40:43+00:00","article_modified_time":"2018-01-24T09:45:10+00:00","og_image":[{"width":450,"height":333,"url":"https:\/\/amurriobidean.org\/wp-content\/uploads\/2018\/01\/stock-photo-close-up-of-woman-s-head-against-concrete-wall-with-giant-light-bulb-and-colorful-startup-sketch-493588741.jpg","type":"image\/jpeg"}],"author":"Amurrio Bidean","twitter_card":"summary_large_image","twitter_creator":"@amurriobidean","twitter_site":"@amurriobidean","twitter_misc":{"Escrito por":"Amurrio Bidean","Tiempo de lectura":"2 minutos"},"schema":{"@context":"https:\/\/schema.org","@graph":[{"@type":"WebPage","@id":"https:\/\/amurriobidean.org\/es\/amurrio-bideanek-kudeatuko-ditu-gure-udalerrian-ekintzaileentzako-lanbideren-diru-laguntzak\/","url":"https:\/\/amurriobidean.org\/es\/amurrio-bideanek-kudeatuko-ditu-gure-udalerrian-ekintzaileentzako-lanbideren-diru-laguntzak\/","name":"AMURRIO BIDEAN GESTIONAR\u00c1 EN NUESTRO MUNICIPIO LAS NUEVAS AYUDAS ECON\u00d3MICAS DE LANBIDE DIRIGIDAS A PERSONAS EMPRENDEDORAS - Amurrio Bidean. Garapen Agentzia - Agencia de desarrollo.","isPartOf":{"@id":"https:\/\/amurriobidean.org\/es\/#website"},"primaryImageOfPage":{"@id":"https:\/\/amurriobidean.org\/es\/amurrio-bideanek-kudeatuko-ditu-gure-udalerrian-ekintzaileentzako-lanbideren-diru-laguntzak\/#primaryimage"},"image":{"@id":"https:\/\/amurriobidean.org\/es\/amurrio-bideanek-kudeatuko-ditu-gure-udalerrian-ekintzaileentzako-lanbideren-diru-laguntzak\/#primaryimage"},"thumbnailUrl":"https:\/\/amurriobidean.org\/wp-content\/uploads\/2018\/01\/stock-photo-close-up-of-woman-s-head-against-concrete-wall-with-giant-light-bulb-and-colorful-startup-sketch-493588741.jpg","datePublished":"2018-01-24T09:40:43+00:00","dateModified":"2018-01-24T09:45:10+00:00","author":{"@id":"https:\/\/amurriobidean.org\/es\/#\/schema\/person\/56c71b474b3e7f5f5e6f209a6cf3abfe"},"breadcrumb":{"@id":"https:\/\/amurriobidean.org\/es\/amurrio-bideanek-kudeatuko-ditu-gure-udalerrian-ekintzaileentzako-lanbideren-diru-laguntzak\/#breadcrumb"},"inLanguage":"es","potentialAction":[{"@type":"ReadAction","target":["https:\/\/amurriobidean.org\/es\/amurrio-bideanek-kudeatuko-ditu-gure-udalerrian-ekintzaileentzako-lanbideren-diru-laguntzak\/"]}]},{"@type":"ImageObject","inLanguage":"es","@id":"https:\/\/amurriobidean.org\/es\/amurrio-bideanek-kudeatuko-ditu-gure-udalerrian-ekintzaileentzako-lanbideren-diru-laguntzak\/#primaryimage","url":"https:\/\/amurriobidean.org\/wp-content\/uploads\/2018\/01\/stock-photo-close-up-of-woman-s-head-against-concrete-wall-with-giant-light-bulb-and-colorful-startup-sketch-493588741.jpg","contentUrl":"https:\/\/amurriobidean.org\/wp-content\/uploads\/2018\/01\/stock-photo-close-up-of-woman-s-head-against-concrete-wall-with-giant-light-bulb-and-colorful-startup-sketch-493588741.jpg","width":"450","height":"333"},{"@type":"BreadcrumbList","@id":"https:\/\/amurriobidean.org\/es\/amurrio-bideanek-kudeatuko-ditu-gure-udalerrian-ekintzaileentzako-lanbideren-diru-laguntzak\/#breadcrumb","itemListElement":[{"@type":"ListItem","position":1,"name":"Portada","item":"https:\/\/amurriobidean.org\/es\/"},{"@type":"ListItem","position":2,"name":"AMURRIO BIDEAN GESTIONAR\u00c1 EN NUESTRO MUNICIPIO LAS NUEVAS AYUDAS ECON\u00d3MICAS DE LANBIDE DIRIGIDAS A PERSONAS EMPRENDEDORAS"}]},{"@type":"WebSite","@id":"https:\/\/amurriobidean.org\/es\/#website","url":"https:\/\/amurriobidean.org\/es\/","name":"Amurrio Bidean. Garapen Agentzia - Agencia de desarrollo.","description":"Agencia de Desarollo Local de Amurrio","potentialAction":[{"@type":"SearchAction","target":{"@type":"EntryPoint","urlTemplate":"https:\/\/amurriobidean.org\/es\/?s={search_term_string}"},"query-input":{"@type":"PropertyValueSpecification","valueRequired":true,"valueName":"search_term_string"}}],"inLanguage":"es"},{"@type":"Person","@id":"https:\/\/amurriobidean.org\/es\/#\/schema\/person\/56c71b474b3e7f5f5e6f209a6cf3abfe","name":"Amurrio Bidean","image":{"@type":"ImageObject","inLanguage":"es","@id":"https:\/\/amurriobidean.org\/es\/#\/schema\/person\/image\/","url":"https:\/\/secure.gravatar.com\/avatar\/84a34d50800d0bb5d80eba504fc44ed48c9b2faab16ad58fa7d30bce4e2b661e","contentUrl":"https:\/\/secure.gravatar.com\/avatar\/84a34d50800d0bb5d80eba504fc44ed48c9b2faab16ad58fa7d30bce4e2b661e","caption":"Amurrio Bidean"},"sameAs":["http:\/\/www.amurriobidean.eus"],"url":"https:\/\/amurriobidean.org\/es\/author\/amurrio-bidean\/"}]}},"_links":{"self":[{"href":"https:\/\/amurriobidean.org\/es\/wp-json\/wp\/v2\/posts\/2767","targetHints":{"allow":["GET"]}}],"collection":[{"href":"https:\/\/amurriobidean.org\/es\/wp-json\/wp\/v2\/posts"}],"about":[{"href":"https:\/\/amurriobidean.org\/es\/wp-json\/wp\/v2\/types\/post"}],"author":[{"embeddable":true,"href":"https:\/\/amurriobidean.org\/es\/wp-json\/wp\/v2\/users\/2"}],"replies":[{"embeddable":true,"href":"https:\/\/amurriobidean.org\/es\/wp-json\/wp\/v2\/comments?post=2767"}],"version-history":[{"count":0,"href":"https:\/\/amurriobidean.org\/es\/wp-json\/wp\/v2\/posts\/2767\/revisions"}],"wp:featuredmedia":[{"embeddable":true,"href":"https:\/\/amurriobidean.org\/es\/wp-json\/wp\/v2\/media\/2764"}],"wp:attachment":[{"href":"https:\/\/amurriobidean.org\/es\/wp-json\/wp\/v2\/media?parent=2767"}],"wp:term":[{"taxonomy":"category","embeddable":true,"href":"https:\/\/amurriobidean.org\/es\/wp-json\/wp\/v2\/categories?post=2767"},{"taxonomy":"post_tag","embeddable":true,"href":"https:\/\/amurriobidean.org\/es\/wp-json\/wp\/v2\/tags?post=2767"}],"curies":[{"name":"wp","href":"https:\/\/api.w.org\/{rel}","templated":true}]}}