{"id":2747,"date":"2017-12-18T11:14:02","date_gmt":"2017-12-18T11:14:02","guid":{"rendered":"http:\/\/amurriobidean.eus\/reforamurrio-enpresaldea-enpresen-hazitegi-eta-zentroan-sartzeko-eskabideak-aurkezteko-epea\/"},"modified":"2017-12-18T11:17:48","modified_gmt":"2017-12-18T11:17:48","slug":"reforamurrio-enpresaldea-enpresen-hazitegi-eta-zentroan-sartzeko-eskabideak-aurkezteko-epea","status":"publish","type":"post","link":"https:\/\/amurriobidean.org\/es\/reforamurrio-enpresaldea-enpresen-hazitegi-eta-zentroan-sartzeko-eskabideak-aurkezteko-epea\/","title":{"rendered":"PLAZO DE PRESENTACI\u00d3N DE SOLICITUDES DE ACCESO AL SEMILLERO y CENTRO DE EMPRESAS REFORAMURRIO ENPRESALDEA"},"content":{"rendered":"<p><strong>Del 1 al 29 de diciembre permanecer\u00e1 abierto el plazo para la presentaci\u00f3n de solicitudes de acceso en r\u00e9gimen de arrendamiento a los m\u00f3dulos o despachos del Semillero y Centro de Empresas Reforamurrio Enpresaldea, as\u00ed como al Espacio Coworking.<\/strong><\/p>\n<p>En el caso del Semillero y Centro de Empresas, los locales est\u00e1n destinados a empresas o personas promotoras que realicen o realizar\u00e1n su actividad dentro de sector servicios (oficinas). Habr\u00e1 diferentes bonificaciones. En estos momentos, siete empresas se encuentran ubicadas en las instalaciones y se dispone de cuatro m\u00f3dulos libres (entre 16,65 m2 y 34,66 m2). Se puede consultar el precio de alquiler en Amuriro Bidean. Por otra parte, el Espacio Coworking es una oficina compartida de 34,66 m\u00b2. Se dirige a personas o empresas que desarrollen una actividad relacionada con el dise\u00f1o, TICs, servicios conexos a la industria, etc. y que requieran de un espacio limitado para trabajar y no tengan inconveniente en compartir oficina. El precio de acceso es de 25,50 \u20ac mensuales m\u00e1s IVA. En estos momentos, se dispone de una plaza libre. Todas aquellas personas y empresas interesadas pueden consultar o ampliar la informaci\u00f3n en Amurrio Bidean (El Refor Kalea sn, tel\u00e9fono 945 891721, e-mail administracion@amurriobidean.org o <a href=\"http:\/\/www.amurriobidean.org\/\">www.amurriobidean.org<\/a>).<\/p>\n","protected":false},"excerpt":{"rendered":"<p>Del 1 al 29 de diciembre permanecer\u00e1 abierto el plazo para la presentaci\u00f3n de solicitudes de acceso en r\u00e9gimen de arrendamiento a los m\u00f3dulos o despachos del Semillero y Centro de Empresas Reforamurrio Enpresaldea, as\u00ed como al Espacio Coworking. En el caso del Semillero y Centro de Empresas, los locales est\u00e1n destinados a empresas o [&hellip;]<\/p>\n","protected":false},"author":2,"featured_media":2744,"comment_status":"closed","ping_status":"closed","sticky":false,"template":"","format":"standard","meta":{"footnotes":""},"categories":[28],"tags":[],"class_list":["post-2747","post","type-post","status-publish","format-standard","has-post-thumbnail","hentry","category-noticias"],"yoast_head":"<!-- This site is optimized with the Yoast SEO plugin v25.3 - https:\/\/yoast.com\/wordpress\/plugins\/seo\/ -->\n<title>PLAZO DE PRESENTACI\u00d3N DE SOLICITUDES DE ACCESO AL SEMILLERO y CENTRO DE EMPRESAS REFORAMURRIO ENPRESALDEA - Amurrio Bidean. Garapen Agentzia - Agencia de desarrollo.<\/title>\n<meta name=\"robots\" content=\"index, follow, max-snippet:-1, max-image-preview:large, max-video-preview:-1\" \/>\n<link rel=\"canonical\" href=\"https:\/\/amurriobidean.org\/es\/reforamurrio-enpresaldea-enpresen-hazitegi-eta-zentroan-sartzeko-eskabideak-aurkezteko-epea\/\" \/>\n<meta property=\"og:locale\" content=\"es_ES\" \/>\n<meta property=\"og:type\" content=\"article\" \/>\n<meta property=\"og:title\" content=\"PLAZO DE PRESENTACI\u00d3N DE SOLICITUDES DE ACCESO AL SEMILLERO y CENTRO DE EMPRESAS REFORAMURRIO ENPRESALDEA - Amurrio Bidean. Garapen Agentzia - Agencia de desarrollo.\" \/>\n<meta property=\"og:description\" content=\"Del 1 al 29 de diciembre permanecer\u00e1 abierto el plazo para la presentaci\u00f3n de solicitudes de acceso en r\u00e9gimen de arrendamiento a los m\u00f3dulos o despachos del Semillero y Centro de Empresas Reforamurrio Enpresaldea, as\u00ed como al Espacio Coworking. En el caso del Semillero y Centro de Empresas, los locales est\u00e1n destinados a empresas o [&hellip;]\" \/>\n<meta property=\"og:url\" content=\"https:\/\/amurriobidean.org\/es\/reforamurrio-enpresaldea-enpresen-hazitegi-eta-zentroan-sartzeko-eskabideak-aurkezteko-epea\/\" \/>\n<meta property=\"og:site_name\" content=\"Amurrio Bidean. Garapen Agentzia - Agencia de desarrollo.\" \/>\n<meta property=\"article:publisher\" content=\"https:\/\/www.facebook.com\/amurrio.bidean\" \/>\n<meta property=\"article:published_time\" content=\"2017-12-18T11:14:02+00:00\" \/>\n<meta property=\"article:modified_time\" content=\"2017-12-18T11:17:48+00:00\" \/>\n<meta property=\"og:image\" content=\"https:\/\/amurriobidean.org\/wp-content\/uploads\/2017\/12\/FOTO-REFOR.jpg\" \/>\n\t<meta property=\"og:image:width\" content=\"2048\" \/>\n\t<meta property=\"og:image:height\" content=\"1536\" \/>\n\t<meta property=\"og:image:type\" content=\"image\/jpeg\" \/>\n<meta name=\"author\" content=\"Amurrio Bidean\" \/>\n<meta name=\"twitter:card\" content=\"summary_large_image\" \/>\n<meta name=\"twitter:creator\" content=\"@amurriobidean\" \/>\n<meta name=\"twitter:site\" content=\"@amurriobidean\" \/>\n<meta name=\"twitter:label1\" content=\"Escrito por\" \/>\n\t<meta name=\"twitter:data1\" content=\"Amurrio Bidean\" \/>\n\t<meta name=\"twitter:label2\" content=\"Tiempo de lectura\" \/>\n\t<meta name=\"twitter:data2\" content=\"1 minuto\" \/>\n<script type=\"application\/ld+json\" class=\"yoast-schema-graph\">{\"@context\":\"https:\/\/schema.org\",\"@graph\":[{\"@type\":\"WebPage\",\"@id\":\"https:\/\/amurriobidean.org\/es\/reforamurrio-enpresaldea-enpresen-hazitegi-eta-zentroan-sartzeko-eskabideak-aurkezteko-epea\/\",\"url\":\"https:\/\/amurriobidean.org\/es\/reforamurrio-enpresaldea-enpresen-hazitegi-eta-zentroan-sartzeko-eskabideak-aurkezteko-epea\/\",\"name\":\"PLAZO DE PRESENTACI\u00d3N DE SOLICITUDES DE ACCESO AL SEMILLERO y CENTRO DE EMPRESAS REFORAMURRIO ENPRESALDEA - Amurrio Bidean. Garapen Agentzia - Agencia de desarrollo.\",\"isPartOf\":{\"@id\":\"https:\/\/amurriobidean.org\/es\/#website\"},\"primaryImageOfPage\":{\"@id\":\"https:\/\/amurriobidean.org\/es\/reforamurrio-enpresaldea-enpresen-hazitegi-eta-zentroan-sartzeko-eskabideak-aurkezteko-epea\/#primaryimage\"},\"image\":{\"@id\":\"https:\/\/amurriobidean.org\/es\/reforamurrio-enpresaldea-enpresen-hazitegi-eta-zentroan-sartzeko-eskabideak-aurkezteko-epea\/#primaryimage\"},\"thumbnailUrl\":\"https:\/\/amurriobidean.org\/wp-content\/uploads\/2017\/12\/FOTO-REFOR.jpg\",\"datePublished\":\"2017-12-18T11:14:02+00:00\",\"dateModified\":\"2017-12-18T11:17:48+00:00\",\"author\":{\"@id\":\"https:\/\/amurriobidean.org\/es\/#\/schema\/person\/56c71b474b3e7f5f5e6f209a6cf3abfe\"},\"breadcrumb\":{\"@id\":\"https:\/\/amurriobidean.org\/es\/reforamurrio-enpresaldea-enpresen-hazitegi-eta-zentroan-sartzeko-eskabideak-aurkezteko-epea\/#breadcrumb\"},\"inLanguage\":\"es\",\"potentialAction\":[{\"@type\":\"ReadAction\",\"target\":[\"https:\/\/amurriobidean.org\/es\/reforamurrio-enpresaldea-enpresen-hazitegi-eta-zentroan-sartzeko-eskabideak-aurkezteko-epea\/\"]}]},{\"@type\":\"ImageObject\",\"inLanguage\":\"es\",\"@id\":\"https:\/\/amurriobidean.org\/es\/reforamurrio-enpresaldea-enpresen-hazitegi-eta-zentroan-sartzeko-eskabideak-aurkezteko-epea\/#primaryimage\",\"url\":\"https:\/\/amurriobidean.org\/wp-content\/uploads\/2017\/12\/FOTO-REFOR.jpg\",\"contentUrl\":\"https:\/\/amurriobidean.org\/wp-content\/uploads\/2017\/12\/FOTO-REFOR.jpg\",\"width\":2048,\"height\":1536},{\"@type\":\"BreadcrumbList\",\"@id\":\"https:\/\/amurriobidean.org\/es\/reforamurrio-enpresaldea-enpresen-hazitegi-eta-zentroan-sartzeko-eskabideak-aurkezteko-epea\/#breadcrumb\",\"itemListElement\":[{\"@type\":\"ListItem\",\"position\":1,\"name\":\"Portada\",\"item\":\"https:\/\/amurriobidean.org\/es\/\"},{\"@type\":\"ListItem\",\"position\":2,\"name\":\"PLAZO DE PRESENTACI\u00d3N DE SOLICITUDES DE ACCESO AL SEMILLERO y CENTRO DE EMPRESAS REFORAMURRIO ENPRESALDEA\"}]},{\"@type\":\"WebSite\",\"@id\":\"https:\/\/amurriobidean.org\/es\/#website\",\"url\":\"https:\/\/amurriobidean.org\/es\/\",\"name\":\"Amurrio Bidean. Garapen Agentzia - Agencia de desarrollo.\",\"description\":\"Agencia de Desarollo Local de Amurrio\",\"potentialAction\":[{\"@type\":\"SearchAction\",\"target\":{\"@type\":\"EntryPoint\",\"urlTemplate\":\"https:\/\/amurriobidean.org\/es\/?s={search_term_string}\"},\"query-input\":{\"@type\":\"PropertyValueSpecification\",\"valueRequired\":true,\"valueName\":\"search_term_string\"}}],\"inLanguage\":\"es\"},{\"@type\":\"Person\",\"@id\":\"https:\/\/amurriobidean.org\/es\/#\/schema\/person\/56c71b474b3e7f5f5e6f209a6cf3abfe\",\"name\":\"Amurrio Bidean\",\"image\":{\"@type\":\"ImageObject\",\"inLanguage\":\"es\",\"@id\":\"https:\/\/amurriobidean.org\/es\/#\/schema\/person\/image\/\",\"url\":\"https:\/\/secure.gravatar.com\/avatar\/84a34d50800d0bb5d80eba504fc44ed48c9b2faab16ad58fa7d30bce4e2b661e\",\"contentUrl\":\"https:\/\/secure.gravatar.com\/avatar\/84a34d50800d0bb5d80eba504fc44ed48c9b2faab16ad58fa7d30bce4e2b661e\",\"caption\":\"Amurrio Bidean\"},\"sameAs\":[\"http:\/\/www.amurriobidean.eus\"],\"url\":\"https:\/\/amurriobidean.org\/es\/author\/amurrio-bidean\/\"}]}<\/script>\n<!-- \/ Yoast SEO plugin. -->","yoast_head_json":{"title":"PLAZO DE PRESENTACI\u00d3N DE SOLICITUDES DE ACCESO AL SEMILLERO y CENTRO DE EMPRESAS REFORAMURRIO ENPRESALDEA - Amurrio Bidean. Garapen Agentzia - Agencia de desarrollo.","robots":{"index":"index","follow":"follow","max-snippet":"max-snippet:-1","max-image-preview":"max-image-preview:large","max-video-preview":"max-video-preview:-1"},"canonical":"https:\/\/amurriobidean.org\/es\/reforamurrio-enpresaldea-enpresen-hazitegi-eta-zentroan-sartzeko-eskabideak-aurkezteko-epea\/","og_locale":"es_ES","og_type":"article","og_title":"PLAZO DE PRESENTACI\u00d3N DE SOLICITUDES DE ACCESO AL SEMILLERO y CENTRO DE EMPRESAS REFORAMURRIO ENPRESALDEA - Amurrio Bidean. Garapen Agentzia - Agencia de desarrollo.","og_description":"Del 1 al 29 de diciembre permanecer\u00e1 abierto el plazo para la presentaci\u00f3n de solicitudes de acceso en r\u00e9gimen de arrendamiento a los m\u00f3dulos o despachos del Semillero y Centro de Empresas Reforamurrio Enpresaldea, as\u00ed como al Espacio Coworking. En el caso del Semillero y Centro de Empresas, los locales est\u00e1n destinados a empresas o [&hellip;]","og_url":"https:\/\/amurriobidean.org\/es\/reforamurrio-enpresaldea-enpresen-hazitegi-eta-zentroan-sartzeko-eskabideak-aurkezteko-epea\/","og_site_name":"Amurrio Bidean. Garapen Agentzia - Agencia de desarrollo.","article_publisher":"https:\/\/www.facebook.com\/amurrio.bidean","article_published_time":"2017-12-18T11:14:02+00:00","article_modified_time":"2017-12-18T11:17:48+00:00","og_image":[{"width":2048,"height":1536,"url":"https:\/\/amurriobidean.org\/wp-content\/uploads\/2017\/12\/FOTO-REFOR.jpg","type":"image\/jpeg"}],"author":"Amurrio Bidean","twitter_card":"summary_large_image","twitter_creator":"@amurriobidean","twitter_site":"@amurriobidean","twitter_misc":{"Escrito por":"Amurrio Bidean","Tiempo de lectura":"1 minuto"},"schema":{"@context":"https:\/\/schema.org","@graph":[{"@type":"WebPage","@id":"https:\/\/amurriobidean.org\/es\/reforamurrio-enpresaldea-enpresen-hazitegi-eta-zentroan-sartzeko-eskabideak-aurkezteko-epea\/","url":"https:\/\/amurriobidean.org\/es\/reforamurrio-enpresaldea-enpresen-hazitegi-eta-zentroan-sartzeko-eskabideak-aurkezteko-epea\/","name":"PLAZO DE PRESENTACI\u00d3N DE SOLICITUDES DE ACCESO AL SEMILLERO y CENTRO DE EMPRESAS REFORAMURRIO ENPRESALDEA - Amurrio Bidean. Garapen Agentzia - Agencia de desarrollo.","isPartOf":{"@id":"https:\/\/amurriobidean.org\/es\/#website"},"primaryImageOfPage":{"@id":"https:\/\/amurriobidean.org\/es\/reforamurrio-enpresaldea-enpresen-hazitegi-eta-zentroan-sartzeko-eskabideak-aurkezteko-epea\/#primaryimage"},"image":{"@id":"https:\/\/amurriobidean.org\/es\/reforamurrio-enpresaldea-enpresen-hazitegi-eta-zentroan-sartzeko-eskabideak-aurkezteko-epea\/#primaryimage"},"thumbnailUrl":"https:\/\/amurriobidean.org\/wp-content\/uploads\/2017\/12\/FOTO-REFOR.jpg","datePublished":"2017-12-18T11:14:02+00:00","dateModified":"2017-12-18T11:17:48+00:00","author":{"@id":"https:\/\/amurriobidean.org\/es\/#\/schema\/person\/56c71b474b3e7f5f5e6f209a6cf3abfe"},"breadcrumb":{"@id":"https:\/\/amurriobidean.org\/es\/reforamurrio-enpresaldea-enpresen-hazitegi-eta-zentroan-sartzeko-eskabideak-aurkezteko-epea\/#breadcrumb"},"inLanguage":"es","potentialAction":[{"@type":"ReadAction","target":["https:\/\/amurriobidean.org\/es\/reforamurrio-enpresaldea-enpresen-hazitegi-eta-zentroan-sartzeko-eskabideak-aurkezteko-epea\/"]}]},{"@type":"ImageObject","inLanguage":"es","@id":"https:\/\/amurriobidean.org\/es\/reforamurrio-enpresaldea-enpresen-hazitegi-eta-zentroan-sartzeko-eskabideak-aurkezteko-epea\/#primaryimage","url":"https:\/\/amurriobidean.org\/wp-content\/uploads\/2017\/12\/FOTO-REFOR.jpg","contentUrl":"https:\/\/amurriobidean.org\/wp-content\/uploads\/2017\/12\/FOTO-REFOR.jpg","width":2048,"height":1536},{"@type":"BreadcrumbList","@id":"https:\/\/amurriobidean.org\/es\/reforamurrio-enpresaldea-enpresen-hazitegi-eta-zentroan-sartzeko-eskabideak-aurkezteko-epea\/#breadcrumb","itemListElement":[{"@type":"ListItem","position":1,"name":"Portada","item":"https:\/\/amurriobidean.org\/es\/"},{"@type":"ListItem","position":2,"name":"PLAZO DE PRESENTACI\u00d3N DE SOLICITUDES DE ACCESO AL SEMILLERO y CENTRO DE EMPRESAS REFORAMURRIO ENPRESALDEA"}]},{"@type":"WebSite","@id":"https:\/\/amurriobidean.org\/es\/#website","url":"https:\/\/amurriobidean.org\/es\/","name":"Amurrio Bidean. Garapen Agentzia - Agencia de desarrollo.","description":"Agencia de Desarollo Local de Amurrio","potentialAction":[{"@type":"SearchAction","target":{"@type":"EntryPoint","urlTemplate":"https:\/\/amurriobidean.org\/es\/?s={search_term_string}"},"query-input":{"@type":"PropertyValueSpecification","valueRequired":true,"valueName":"search_term_string"}}],"inLanguage":"es"},{"@type":"Person","@id":"https:\/\/amurriobidean.org\/es\/#\/schema\/person\/56c71b474b3e7f5f5e6f209a6cf3abfe","name":"Amurrio Bidean","image":{"@type":"ImageObject","inLanguage":"es","@id":"https:\/\/amurriobidean.org\/es\/#\/schema\/person\/image\/","url":"https:\/\/secure.gravatar.com\/avatar\/84a34d50800d0bb5d80eba504fc44ed48c9b2faab16ad58fa7d30bce4e2b661e","contentUrl":"https:\/\/secure.gravatar.com\/avatar\/84a34d50800d0bb5d80eba504fc44ed48c9b2faab16ad58fa7d30bce4e2b661e","caption":"Amurrio Bidean"},"sameAs":["http:\/\/www.amurriobidean.eus"],"url":"https:\/\/amurriobidean.org\/es\/author\/amurrio-bidean\/"}]}},"_links":{"self":[{"href":"https:\/\/amurriobidean.org\/es\/wp-json\/wp\/v2\/posts\/2747","targetHints":{"allow":["GET"]}}],"collection":[{"href":"https:\/\/amurriobidean.org\/es\/wp-json\/wp\/v2\/posts"}],"about":[{"href":"https:\/\/amurriobidean.org\/es\/wp-json\/wp\/v2\/types\/post"}],"author":[{"embeddable":true,"href":"https:\/\/amurriobidean.org\/es\/wp-json\/wp\/v2\/users\/2"}],"replies":[{"embeddable":true,"href":"https:\/\/amurriobidean.org\/es\/wp-json\/wp\/v2\/comments?post=2747"}],"version-history":[{"count":0,"href":"https:\/\/amurriobidean.org\/es\/wp-json\/wp\/v2\/posts\/2747\/revisions"}],"wp:featuredmedia":[{"embeddable":true,"href":"https:\/\/amurriobidean.org\/es\/wp-json\/wp\/v2\/media\/2744"}],"wp:attachment":[{"href":"https:\/\/amurriobidean.org\/es\/wp-json\/wp\/v2\/media?parent=2747"}],"wp:term":[{"taxonomy":"category","embeddable":true,"href":"https:\/\/amurriobidean.org\/es\/wp-json\/wp\/v2\/categories?post=2747"},{"taxonomy":"post_tag","embeddable":true,"href":"https:\/\/amurriobidean.org\/es\/wp-json\/wp\/v2\/tags?post=2747"}],"curies":[{"name":"wp","href":"https:\/\/api.w.org\/{rel}","templated":true}]}}