{"id":2364,"date":"2017-09-14T09:56:59","date_gmt":"2017-09-14T09:56:59","guid":{"rendered":"http:\/\/amurriobidean.eus\/udako-merkealdi-eta-aukeren-azoka-irailaren-16an-egingo-da\/"},"modified":"2017-09-14T10:00:10","modified_gmt":"2017-09-14T10:00:10","slug":"udako-merkealdi-eta-aukeren-azoka-irailaren-16an-egingo-da","status":"publish","type":"post","link":"https:\/\/amurriobidean.org\/es\/udako-merkealdi-eta-aukeren-azoka-irailaren-16an-egingo-da\/","title":{"rendered":"La Feria de Saldos y Oportunidades de Verano se celebrar\u00e1 el 16 de septiembre"},"content":{"rendered":"<p>La Feria de Saldos y Oportunidades de Verano se celebrar\u00e1 el s\u00e1bado 16 de septiembre en la plaza San Ant\u00f3n de Amurrio, en horario ininterrumpido de 10:00 a 21:00 horas con la participaci\u00f3n de quince establecimientos comerciales. La variedad de la oferta es unos de los principales atractivos. Se podr\u00e1 disfrutar de una amplia selecci\u00f3n de productos, ropa de deporte, moda textil y zapater\u00eda de mujer, hombre e infantil, \u00f3pticas, decoraci\u00f3n del hogar, joyer\u00edas, lencer\u00eda, est\u00e9tica y belleza. Est\u00e1 organizado por la Asociaci\u00f3n de Peque\u00f1os y Medianos Comerciantes de Amurrio Apymca. Adem\u00e1s, Burutxaga pondr\u00e1 un stand donde se podr\u00e1n degustar pintxos de txistorra al txakoli, morcilla a la parrilla y txakoli de Amurrio a partir de las 11.30 horas por la ma\u00f1ana y de las 19.00 horas por la tarde.<\/p>\n","protected":false},"excerpt":{"rendered":"<p>La Feria de Saldos y Oportunidades de Verano se celebrar\u00e1 el s\u00e1bado 16 de septiembre en la plaza San Ant\u00f3n de Amurrio, en horario ininterrumpido de 10:00 a 21:00 horas con la participaci\u00f3n de quince establecimientos comerciales. La variedad de la oferta es unos de los principales atractivos. Se podr\u00e1 disfrutar de una amplia selecci\u00f3n [&hellip;]<\/p>\n","protected":false},"author":2,"featured_media":2361,"comment_status":"closed","ping_status":"closed","sticky":false,"template":"","format":"standard","meta":{"footnotes":""},"categories":[28],"tags":[],"class_list":["post-2364","post","type-post","status-publish","format-standard","has-post-thumbnail","hentry","category-noticias"],"yoast_head":"<!-- This site is optimized with the Yoast SEO plugin v25.3 - https:\/\/yoast.com\/wordpress\/plugins\/seo\/ -->\n<title>La Feria de Saldos y Oportunidades de Verano se celebrar\u00e1 el 16 de septiembre - Amurrio Bidean. Garapen Agentzia - Agencia de desarrollo.<\/title>\n<meta name=\"robots\" content=\"index, follow, max-snippet:-1, max-image-preview:large, max-video-preview:-1\" \/>\n<link rel=\"canonical\" href=\"https:\/\/amurriobidean.org\/es\/udako-merkealdi-eta-aukeren-azoka-irailaren-16an-egingo-da\/\" \/>\n<meta property=\"og:locale\" content=\"es_ES\" \/>\n<meta property=\"og:type\" content=\"article\" \/>\n<meta property=\"og:title\" content=\"La Feria de Saldos y Oportunidades de Verano se celebrar\u00e1 el 16 de septiembre - Amurrio Bidean. Garapen Agentzia - Agencia de desarrollo.\" \/>\n<meta property=\"og:description\" content=\"La Feria de Saldos y Oportunidades de Verano se celebrar\u00e1 el s\u00e1bado 16 de septiembre en la plaza San Ant\u00f3n de Amurrio, en horario ininterrumpido de 10:00 a 21:00 horas con la participaci\u00f3n de quince establecimientos comerciales. La variedad de la oferta es unos de los principales atractivos. Se podr\u00e1 disfrutar de una amplia selecci\u00f3n [&hellip;]\" \/>\n<meta property=\"og:url\" content=\"https:\/\/amurriobidean.org\/es\/udako-merkealdi-eta-aukeren-azoka-irailaren-16an-egingo-da\/\" \/>\n<meta property=\"og:site_name\" content=\"Amurrio Bidean. Garapen Agentzia - Agencia de desarrollo.\" \/>\n<meta property=\"article:publisher\" content=\"https:\/\/www.facebook.com\/amurrio.bidean\" \/>\n<meta property=\"article:published_time\" content=\"2017-09-14T09:56:59+00:00\" \/>\n<meta property=\"article:modified_time\" content=\"2017-09-14T10:00:10+00:00\" \/>\n<meta property=\"og:image\" content=\"https:\/\/amurriobidean.org\/wp-content\/uploads\/2017\/09\/21743123_715796781948801_8751154827742174702_n.png\" \/>\n\t<meta property=\"og:image:width\" content=\"472\" \/>\n\t<meta property=\"og:image:height\" content=\"395\" \/>\n\t<meta property=\"og:image:type\" content=\"image\/png\" \/>\n<meta name=\"author\" content=\"Amurrio Bidean\" \/>\n<meta name=\"twitter:card\" content=\"summary_large_image\" \/>\n<meta name=\"twitter:creator\" content=\"@amurriobidean\" \/>\n<meta name=\"twitter:site\" content=\"@amurriobidean\" \/>\n<meta name=\"twitter:label1\" content=\"Escrito por\" \/>\n\t<meta name=\"twitter:data1\" content=\"Amurrio Bidean\" \/>\n\t<meta name=\"twitter:label2\" content=\"Tiempo de lectura\" \/>\n\t<meta name=\"twitter:data2\" content=\"1 minuto\" \/>\n<script type=\"application\/ld+json\" class=\"yoast-schema-graph\">{\"@context\":\"https:\/\/schema.org\",\"@graph\":[{\"@type\":\"WebPage\",\"@id\":\"https:\/\/amurriobidean.org\/es\/udako-merkealdi-eta-aukeren-azoka-irailaren-16an-egingo-da\/\",\"url\":\"https:\/\/amurriobidean.org\/es\/udako-merkealdi-eta-aukeren-azoka-irailaren-16an-egingo-da\/\",\"name\":\"La Feria de Saldos y Oportunidades de Verano se celebrar\u00e1 el 16 de septiembre - Amurrio Bidean. Garapen Agentzia - Agencia de desarrollo.\",\"isPartOf\":{\"@id\":\"https:\/\/amurriobidean.org\/es\/#website\"},\"primaryImageOfPage\":{\"@id\":\"https:\/\/amurriobidean.org\/es\/udako-merkealdi-eta-aukeren-azoka-irailaren-16an-egingo-da\/#primaryimage\"},\"image\":{\"@id\":\"https:\/\/amurriobidean.org\/es\/udako-merkealdi-eta-aukeren-azoka-irailaren-16an-egingo-da\/#primaryimage\"},\"thumbnailUrl\":\"https:\/\/amurriobidean.org\/wp-content\/uploads\/2017\/09\/21743123_715796781948801_8751154827742174702_n.png\",\"datePublished\":\"2017-09-14T09:56:59+00:00\",\"dateModified\":\"2017-09-14T10:00:10+00:00\",\"author\":{\"@id\":\"https:\/\/amurriobidean.org\/es\/#\/schema\/person\/56c71b474b3e7f5f5e6f209a6cf3abfe\"},\"breadcrumb\":{\"@id\":\"https:\/\/amurriobidean.org\/es\/udako-merkealdi-eta-aukeren-azoka-irailaren-16an-egingo-da\/#breadcrumb\"},\"inLanguage\":\"es\",\"potentialAction\":[{\"@type\":\"ReadAction\",\"target\":[\"https:\/\/amurriobidean.org\/es\/udako-merkealdi-eta-aukeren-azoka-irailaren-16an-egingo-da\/\"]}]},{\"@type\":\"ImageObject\",\"inLanguage\":\"es\",\"@id\":\"https:\/\/amurriobidean.org\/es\/udako-merkealdi-eta-aukeren-azoka-irailaren-16an-egingo-da\/#primaryimage\",\"url\":\"https:\/\/amurriobidean.org\/wp-content\/uploads\/2017\/09\/21743123_715796781948801_8751154827742174702_n.png\",\"contentUrl\":\"https:\/\/amurriobidean.org\/wp-content\/uploads\/2017\/09\/21743123_715796781948801_8751154827742174702_n.png\",\"width\":472,\"height\":395},{\"@type\":\"BreadcrumbList\",\"@id\":\"https:\/\/amurriobidean.org\/es\/udako-merkealdi-eta-aukeren-azoka-irailaren-16an-egingo-da\/#breadcrumb\",\"itemListElement\":[{\"@type\":\"ListItem\",\"position\":1,\"name\":\"Portada\",\"item\":\"https:\/\/amurriobidean.org\/es\/\"},{\"@type\":\"ListItem\",\"position\":2,\"name\":\"La Feria de Saldos y Oportunidades de Verano se celebrar\u00e1 el 16 de septiembre\"}]},{\"@type\":\"WebSite\",\"@id\":\"https:\/\/amurriobidean.org\/es\/#website\",\"url\":\"https:\/\/amurriobidean.org\/es\/\",\"name\":\"Amurrio Bidean. Garapen Agentzia - Agencia de desarrollo.\",\"description\":\"Agencia de Desarollo Local de Amurrio\",\"potentialAction\":[{\"@type\":\"SearchAction\",\"target\":{\"@type\":\"EntryPoint\",\"urlTemplate\":\"https:\/\/amurriobidean.org\/es\/?s={search_term_string}\"},\"query-input\":{\"@type\":\"PropertyValueSpecification\",\"valueRequired\":true,\"valueName\":\"search_term_string\"}}],\"inLanguage\":\"es\"},{\"@type\":\"Person\",\"@id\":\"https:\/\/amurriobidean.org\/es\/#\/schema\/person\/56c71b474b3e7f5f5e6f209a6cf3abfe\",\"name\":\"Amurrio Bidean\",\"image\":{\"@type\":\"ImageObject\",\"inLanguage\":\"es\",\"@id\":\"https:\/\/amurriobidean.org\/es\/#\/schema\/person\/image\/\",\"url\":\"https:\/\/secure.gravatar.com\/avatar\/84a34d50800d0bb5d80eba504fc44ed48c9b2faab16ad58fa7d30bce4e2b661e\",\"contentUrl\":\"https:\/\/secure.gravatar.com\/avatar\/84a34d50800d0bb5d80eba504fc44ed48c9b2faab16ad58fa7d30bce4e2b661e\",\"caption\":\"Amurrio Bidean\"},\"sameAs\":[\"http:\/\/www.amurriobidean.eus\"],\"url\":\"https:\/\/amurriobidean.org\/es\/author\/amurrio-bidean\/\"}]}<\/script>\n<!-- \/ Yoast SEO plugin. -->","yoast_head_json":{"title":"La Feria de Saldos y Oportunidades de Verano se celebrar\u00e1 el 16 de septiembre - Amurrio Bidean. Garapen Agentzia - Agencia de desarrollo.","robots":{"index":"index","follow":"follow","max-snippet":"max-snippet:-1","max-image-preview":"max-image-preview:large","max-video-preview":"max-video-preview:-1"},"canonical":"https:\/\/amurriobidean.org\/es\/udako-merkealdi-eta-aukeren-azoka-irailaren-16an-egingo-da\/","og_locale":"es_ES","og_type":"article","og_title":"La Feria de Saldos y Oportunidades de Verano se celebrar\u00e1 el 16 de septiembre - Amurrio Bidean. Garapen Agentzia - Agencia de desarrollo.","og_description":"La Feria de Saldos y Oportunidades de Verano se celebrar\u00e1 el s\u00e1bado 16 de septiembre en la plaza San Ant\u00f3n de Amurrio, en horario ininterrumpido de 10:00 a 21:00 horas con la participaci\u00f3n de quince establecimientos comerciales. La variedad de la oferta es unos de los principales atractivos. Se podr\u00e1 disfrutar de una amplia selecci\u00f3n [&hellip;]","og_url":"https:\/\/amurriobidean.org\/es\/udako-merkealdi-eta-aukeren-azoka-irailaren-16an-egingo-da\/","og_site_name":"Amurrio Bidean. Garapen Agentzia - Agencia de desarrollo.","article_publisher":"https:\/\/www.facebook.com\/amurrio.bidean","article_published_time":"2017-09-14T09:56:59+00:00","article_modified_time":"2017-09-14T10:00:10+00:00","og_image":[{"width":472,"height":395,"url":"https:\/\/amurriobidean.org\/wp-content\/uploads\/2017\/09\/21743123_715796781948801_8751154827742174702_n.png","type":"image\/png"}],"author":"Amurrio Bidean","twitter_card":"summary_large_image","twitter_creator":"@amurriobidean","twitter_site":"@amurriobidean","twitter_misc":{"Escrito por":"Amurrio Bidean","Tiempo de lectura":"1 minuto"},"schema":{"@context":"https:\/\/schema.org","@graph":[{"@type":"WebPage","@id":"https:\/\/amurriobidean.org\/es\/udako-merkealdi-eta-aukeren-azoka-irailaren-16an-egingo-da\/","url":"https:\/\/amurriobidean.org\/es\/udako-merkealdi-eta-aukeren-azoka-irailaren-16an-egingo-da\/","name":"La Feria de Saldos y Oportunidades de Verano se celebrar\u00e1 el 16 de septiembre - Amurrio Bidean. Garapen Agentzia - Agencia de desarrollo.","isPartOf":{"@id":"https:\/\/amurriobidean.org\/es\/#website"},"primaryImageOfPage":{"@id":"https:\/\/amurriobidean.org\/es\/udako-merkealdi-eta-aukeren-azoka-irailaren-16an-egingo-da\/#primaryimage"},"image":{"@id":"https:\/\/amurriobidean.org\/es\/udako-merkealdi-eta-aukeren-azoka-irailaren-16an-egingo-da\/#primaryimage"},"thumbnailUrl":"https:\/\/amurriobidean.org\/wp-content\/uploads\/2017\/09\/21743123_715796781948801_8751154827742174702_n.png","datePublished":"2017-09-14T09:56:59+00:00","dateModified":"2017-09-14T10:00:10+00:00","author":{"@id":"https:\/\/amurriobidean.org\/es\/#\/schema\/person\/56c71b474b3e7f5f5e6f209a6cf3abfe"},"breadcrumb":{"@id":"https:\/\/amurriobidean.org\/es\/udako-merkealdi-eta-aukeren-azoka-irailaren-16an-egingo-da\/#breadcrumb"},"inLanguage":"es","potentialAction":[{"@type":"ReadAction","target":["https:\/\/amurriobidean.org\/es\/udako-merkealdi-eta-aukeren-azoka-irailaren-16an-egingo-da\/"]}]},{"@type":"ImageObject","inLanguage":"es","@id":"https:\/\/amurriobidean.org\/es\/udako-merkealdi-eta-aukeren-azoka-irailaren-16an-egingo-da\/#primaryimage","url":"https:\/\/amurriobidean.org\/wp-content\/uploads\/2017\/09\/21743123_715796781948801_8751154827742174702_n.png","contentUrl":"https:\/\/amurriobidean.org\/wp-content\/uploads\/2017\/09\/21743123_715796781948801_8751154827742174702_n.png","width":472,"height":395},{"@type":"BreadcrumbList","@id":"https:\/\/amurriobidean.org\/es\/udako-merkealdi-eta-aukeren-azoka-irailaren-16an-egingo-da\/#breadcrumb","itemListElement":[{"@type":"ListItem","position":1,"name":"Portada","item":"https:\/\/amurriobidean.org\/es\/"},{"@type":"ListItem","position":2,"name":"La Feria de Saldos y Oportunidades de Verano se celebrar\u00e1 el 16 de septiembre"}]},{"@type":"WebSite","@id":"https:\/\/amurriobidean.org\/es\/#website","url":"https:\/\/amurriobidean.org\/es\/","name":"Amurrio Bidean. Garapen Agentzia - Agencia de desarrollo.","description":"Agencia de Desarollo Local de Amurrio","potentialAction":[{"@type":"SearchAction","target":{"@type":"EntryPoint","urlTemplate":"https:\/\/amurriobidean.org\/es\/?s={search_term_string}"},"query-input":{"@type":"PropertyValueSpecification","valueRequired":true,"valueName":"search_term_string"}}],"inLanguage":"es"},{"@type":"Person","@id":"https:\/\/amurriobidean.org\/es\/#\/schema\/person\/56c71b474b3e7f5f5e6f209a6cf3abfe","name":"Amurrio Bidean","image":{"@type":"ImageObject","inLanguage":"es","@id":"https:\/\/amurriobidean.org\/es\/#\/schema\/person\/image\/","url":"https:\/\/secure.gravatar.com\/avatar\/84a34d50800d0bb5d80eba504fc44ed48c9b2faab16ad58fa7d30bce4e2b661e","contentUrl":"https:\/\/secure.gravatar.com\/avatar\/84a34d50800d0bb5d80eba504fc44ed48c9b2faab16ad58fa7d30bce4e2b661e","caption":"Amurrio Bidean"},"sameAs":["http:\/\/www.amurriobidean.eus"],"url":"https:\/\/amurriobidean.org\/es\/author\/amurrio-bidean\/"}]}},"_links":{"self":[{"href":"https:\/\/amurriobidean.org\/es\/wp-json\/wp\/v2\/posts\/2364","targetHints":{"allow":["GET"]}}],"collection":[{"href":"https:\/\/amurriobidean.org\/es\/wp-json\/wp\/v2\/posts"}],"about":[{"href":"https:\/\/amurriobidean.org\/es\/wp-json\/wp\/v2\/types\/post"}],"author":[{"embeddable":true,"href":"https:\/\/amurriobidean.org\/es\/wp-json\/wp\/v2\/users\/2"}],"replies":[{"embeddable":true,"href":"https:\/\/amurriobidean.org\/es\/wp-json\/wp\/v2\/comments?post=2364"}],"version-history":[{"count":0,"href":"https:\/\/amurriobidean.org\/es\/wp-json\/wp\/v2\/posts\/2364\/revisions"}],"wp:featuredmedia":[{"embeddable":true,"href":"https:\/\/amurriobidean.org\/es\/wp-json\/wp\/v2\/media\/2361"}],"wp:attachment":[{"href":"https:\/\/amurriobidean.org\/es\/wp-json\/wp\/v2\/media?parent=2364"}],"wp:term":[{"taxonomy":"category","embeddable":true,"href":"https:\/\/amurriobidean.org\/es\/wp-json\/wp\/v2\/categories?post=2364"},{"taxonomy":"post_tag","embeddable":true,"href":"https:\/\/amurriobidean.org\/es\/wp-json\/wp\/v2\/tags?post=2364"}],"curies":[{"name":"wp","href":"https:\/\/api.w.org\/{rel}","templated":true}]}}