{"id":2354,"date":"2017-09-11T08:43:14","date_gmt":"2017-09-11T08:43:14","guid":{"rendered":"http:\/\/amurriobidean.eus\/marketinari-teknologia-berriei-eta-proiektuen-kudeaketari-buruzko-ikastaroak-antolatu-ditu-amurrio-bidean-ek\/"},"modified":"2017-09-11T08:48:20","modified_gmt":"2017-09-11T08:48:20","slug":"marketinari-teknologia-berriei-eta-proiektuen-kudeaketari-buruzko-ikastaroak-antolatu-ditu-amurrio-bidean-ek","status":"publish","type":"post","link":"https:\/\/amurriobidean.org\/es\/marketinari-teknologia-berriei-eta-proiektuen-kudeaketari-buruzko-ikastaroak-antolatu-ditu-amurrio-bidean-ek\/","title":{"rendered":"Marketing, nuevas tecnolog\u00edas y gesti\u00f3n de proyectos ser\u00e1n las tem\u00e1ticas de otros cursos que organiza Amurrio Bidean"},"content":{"rendered":"<p>El plazo de inscripci\u00f3n comienza el 18 de septiembre.<\/p>\n<ul>\n<li><strong>Atenci\u00f3n al cliente, ventas y marketing (100h) <\/strong>Del 2\/10 al 15\/11, de lunes a jueves, de 9:30 a 13:30h. En las inscripciones tendr\u00e1n prioridad las personas en desempleo empadronadas en la Cuadrilla de Ayala. <strong>Subvencionado por Diputaci\u00f3n Foral de \u00c1lava<\/strong><\/li>\n<\/ul>\n<p><strong>\u00a0<\/strong><\/p>\n<ul>\n<li><strong>Instalaci\u00f3n, mantenimiento y reparaci\u00f3n de ordenadores (100h) <\/strong>Del 2\/10 al 31\/10, de lunes a viernes de 9:00 a 14:00 h. En las inscripciones tendr\u00e1n prioridad las personas en desempleo empadronadas en Amurrio. <strong>Subvencionado por Diputaci\u00f3n Foral de \u00c1lava<\/strong><\/li>\n<\/ul>\n<p><strong>\u00a0<\/strong><\/p>\n<ul>\n<li><strong>Marketing online para el sector tur\u00edstico (24h) <\/strong>Del 4\/10 al 30\/10, lunes y mi\u00e9rcoles de 17:30 a 20:30 h. En las inscripciones tendr\u00e1n prioridad personas trabajando en el sector tur\u00edstico de la Cuadrilla de Ayala. <strong>Subvencionado por Diputaci\u00f3n Foral de \u00c1lava<\/strong><\/li>\n<\/ul>\n<p><strong>\u00a0<\/strong><\/p>\n<ul>\n<li><strong>Soluciones cloud para la PYME (25h) <\/strong>Del 10\/10 al 7\/11, martes y jueves de 17:30 a 20:40 h. En las inscripciones tendr\u00e1n prioridad las personas empadronadas en la Cuadrilla de Ayala.\u00a0 <strong>Subvencionado por Fundaci\u00f3n Vital Fundazioa<\/strong><\/li>\n<\/ul>\n<p><strong>\u00a0<\/strong><\/p>\n<ul>\n<li><strong>Innovaci\u00f3n empresarial en gesti\u00f3n de proyectos (35h) <\/strong>Del 9\/11 al 30\/11, lunes, martes y jueves de 17:00 a 20:30h. En las inscripciones tendr\u00e1n prioridad las personas empadronadas o trabajando en la Cuadrilla de Ayala. <strong>Subvencionado por Diputaci\u00f3n Foral de \u00c1lava<\/strong><\/li>\n<\/ul>\n<p>Los cursos de \u201cAtenci\u00f3n al cliente, ventas y marketing\u201d e \u201cInstalaci\u00f3n, mantenimiento y reparaci\u00f3n de ordenadores\u201d est\u00e1n dirigidos a personas en desempleo que deseen adquirir nuevos conocimientos ya sea en el \u00e1rea comercial, como en el \u00e1rea inform\u00e1tica, con el objetivo de crear nuevas oportunidades para integrarse en el mercado laboral, buscando la recualificaci\u00f3n.<\/p>\n<p>En \u201cAtenci\u00f3n al cliente, ventas y marketing\u201d se trabajaran las habilidades interpersonales, se conocer\u00e1 el proceso de venta, herramientas de gesti\u00f3n y fundamentos b\u00e1sicos del marketing.<\/p>\n<p>En el curso de \u201cInstalaci\u00f3n, mantenimiento y reparaci\u00f3n de ordenadores\u201d se aprender\u00e1n aspectos generales de un PC, el ensamblaje de hardware y conocimientos generales de software y redes<\/p>\n<p>En cambio, los cursos \u201cMarketing online para el sector tur\u00edstico\u201d, \u201cSoluciones cloud para la PYME\u201d e \u201cInnovaci\u00f3n empresarial en gesti\u00f3n de proyectos\u201d est\u00e1n dirigidos a mejorar las habilidades de las personas trabajadoras aunque, existiendo plazas podr\u00edan acceder personas en desempleo.\u00a0 Las tres acciones tienen como objetivo solventar las necesidades de las empresas en cuanto a la incorporaci\u00f3n de nuevas tecnolog\u00edas en sus procesos de gesti\u00f3n.<\/p>\n<p>El curso \u201cMarketing online para el sector tur\u00edstico\u201d est\u00e1 dirigido principalmente a empresas y aut\u00f3nomos con su actividad en funcionamiento. Se trabajar\u00e1 la marca, el p\u00fablico objetivo, la visibilidad, el inbound marketing, las campa\u00f1as publicitarias, el email marketing\u2026sobre el caso de cada participante.<\/p>\n<p>El curso \u201cSoluciones cloud para la pyme\u201d analizar\u00e1 los pormenores de la tendencia hacia el trabajo en \u201cla nube\u201d, generalidades, particularidades y ventajas e inconvenientes.\u00a0 Una tem\u00e1tica muy interesante para las peque\u00f1as empresas, sus trabajadores y trabajadoras o incluso cualquier persona que desee mejorar su eficacia en el trabajo aprovechando todos los recursos que internet ofrece.<\/p>\n<p>Finalmente, el curso \u201cInnovaci\u00f3n empresarial y gesti\u00f3n de proyectos\u201d est\u00e1 dirigido a fomentar procesos de innovaci\u00f3n en las empresas y aprender la metodolog\u00eda PMbok y la herramienta MS Project.<\/p>\n<p>Las plazas son limitadas y las inscripciones comenzar\u00e1n a partir del 18 de septiembre.\u00a0 Para ampliar la informaci\u00f3n contacta con Amurrio Bidean, en el tel\u00e9fono 945891721 o en el correo electr\u00f3nico <a href=\"mailto:empresa@amurriobidean.org\">empresa@amurriobidean.org<\/a>.<\/p>\n<p>&nbsp;<\/p>\n<p>&nbsp;<\/p>\n","protected":false},"excerpt":{"rendered":"<p>El plazo de inscripci\u00f3n comienza el 18 de septiembre. Atenci\u00f3n al cliente, ventas y marketing (100h) Del 2\/10 al 15\/11, de lunes a jueves, de 9:30 a 13:30h. En las inscripciones tendr\u00e1n prioridad las personas en desempleo empadronadas en la Cuadrilla de Ayala. Subvencionado por Diputaci\u00f3n Foral de \u00c1lava \u00a0 Instalaci\u00f3n, mantenimiento y reparaci\u00f3n de [&hellip;]<\/p>\n","protected":false},"author":2,"featured_media":2351,"comment_status":"closed","ping_status":"closed","sticky":false,"template":"","format":"standard","meta":{"footnotes":""},"categories":[28],"tags":[],"class_list":["post-2354","post","type-post","status-publish","format-standard","has-post-thumbnail","hentry","category-noticias"],"yoast_head":"<!-- This site is optimized with the Yoast SEO plugin v25.3 - https:\/\/yoast.com\/wordpress\/plugins\/seo\/ -->\n<title>Marketing, nuevas tecnolog\u00edas y gesti\u00f3n de proyectos ser\u00e1n las tem\u00e1ticas de otros cursos que organiza Amurrio Bidean - Amurrio Bidean. Garapen Agentzia - Agencia de desarrollo.<\/title>\n<meta name=\"robots\" content=\"index, follow, max-snippet:-1, max-image-preview:large, max-video-preview:-1\" \/>\n<link rel=\"canonical\" href=\"https:\/\/amurriobidean.org\/es\/marketinari-teknologia-berriei-eta-proiektuen-kudeaketari-buruzko-ikastaroak-antolatu-ditu-amurrio-bidean-ek\/\" \/>\n<meta property=\"og:locale\" content=\"es_ES\" \/>\n<meta property=\"og:type\" content=\"article\" \/>\n<meta property=\"og:title\" content=\"Marketing, nuevas tecnolog\u00edas y gesti\u00f3n de proyectos ser\u00e1n las tem\u00e1ticas de otros cursos que organiza Amurrio Bidean - Amurrio Bidean. Garapen Agentzia - Agencia de desarrollo.\" \/>\n<meta property=\"og:description\" content=\"El plazo de inscripci\u00f3n comienza el 18 de septiembre. Atenci\u00f3n al cliente, ventas y marketing (100h) Del 2\/10 al 15\/11, de lunes a jueves, de 9:30 a 13:30h. En las inscripciones tendr\u00e1n prioridad las personas en desempleo empadronadas en la Cuadrilla de Ayala. Subvencionado por Diputaci\u00f3n Foral de \u00c1lava \u00a0 Instalaci\u00f3n, mantenimiento y reparaci\u00f3n de [&hellip;]\" \/>\n<meta property=\"og:url\" content=\"https:\/\/amurriobidean.org\/es\/marketinari-teknologia-berriei-eta-proiektuen-kudeaketari-buruzko-ikastaroak-antolatu-ditu-amurrio-bidean-ek\/\" \/>\n<meta property=\"og:site_name\" content=\"Amurrio Bidean. Garapen Agentzia - Agencia de desarrollo.\" \/>\n<meta property=\"article:publisher\" content=\"https:\/\/www.facebook.com\/amurrio.bidean\" \/>\n<meta property=\"article:published_time\" content=\"2017-09-11T08:43:14+00:00\" \/>\n<meta property=\"article:modified_time\" content=\"2017-09-11T08:48:20+00:00\" \/>\n<meta property=\"og:image\" content=\"https:\/\/amurriobidean.org\/wp-content\/uploads\/2017\/09\/notebook-2637757_640.jpg\" \/>\n\t<meta property=\"og:image:width\" content=\"640\" \/>\n\t<meta property=\"og:image:height\" content=\"426\" \/>\n\t<meta property=\"og:image:type\" content=\"image\/jpeg\" \/>\n<meta name=\"author\" content=\"Amurrio Bidean\" \/>\n<meta name=\"twitter:card\" content=\"summary_large_image\" \/>\n<meta name=\"twitter:creator\" content=\"@amurriobidean\" \/>\n<meta name=\"twitter:site\" content=\"@amurriobidean\" \/>\n<meta name=\"twitter:label1\" content=\"Escrito por\" \/>\n\t<meta name=\"twitter:data1\" content=\"Amurrio Bidean\" \/>\n\t<meta name=\"twitter:label2\" content=\"Tiempo de lectura\" \/>\n\t<meta name=\"twitter:data2\" content=\"3 minutos\" \/>\n<script type=\"application\/ld+json\" class=\"yoast-schema-graph\">{\"@context\":\"https:\/\/schema.org\",\"@graph\":[{\"@type\":\"WebPage\",\"@id\":\"https:\/\/amurriobidean.org\/es\/marketinari-teknologia-berriei-eta-proiektuen-kudeaketari-buruzko-ikastaroak-antolatu-ditu-amurrio-bidean-ek\/\",\"url\":\"https:\/\/amurriobidean.org\/es\/marketinari-teknologia-berriei-eta-proiektuen-kudeaketari-buruzko-ikastaroak-antolatu-ditu-amurrio-bidean-ek\/\",\"name\":\"Marketing, nuevas tecnolog\u00edas y gesti\u00f3n de proyectos ser\u00e1n las tem\u00e1ticas de otros cursos que organiza Amurrio Bidean - Amurrio Bidean. Garapen Agentzia - Agencia de desarrollo.\",\"isPartOf\":{\"@id\":\"https:\/\/amurriobidean.org\/es\/#website\"},\"primaryImageOfPage\":{\"@id\":\"https:\/\/amurriobidean.org\/es\/marketinari-teknologia-berriei-eta-proiektuen-kudeaketari-buruzko-ikastaroak-antolatu-ditu-amurrio-bidean-ek\/#primaryimage\"},\"image\":{\"@id\":\"https:\/\/amurriobidean.org\/es\/marketinari-teknologia-berriei-eta-proiektuen-kudeaketari-buruzko-ikastaroak-antolatu-ditu-amurrio-bidean-ek\/#primaryimage\"},\"thumbnailUrl\":\"https:\/\/amurriobidean.org\/wp-content\/uploads\/2017\/09\/notebook-2637757_640.jpg\",\"datePublished\":\"2017-09-11T08:43:14+00:00\",\"dateModified\":\"2017-09-11T08:48:20+00:00\",\"author\":{\"@id\":\"https:\/\/amurriobidean.org\/es\/#\/schema\/person\/56c71b474b3e7f5f5e6f209a6cf3abfe\"},\"breadcrumb\":{\"@id\":\"https:\/\/amurriobidean.org\/es\/marketinari-teknologia-berriei-eta-proiektuen-kudeaketari-buruzko-ikastaroak-antolatu-ditu-amurrio-bidean-ek\/#breadcrumb\"},\"inLanguage\":\"es\",\"potentialAction\":[{\"@type\":\"ReadAction\",\"target\":[\"https:\/\/amurriobidean.org\/es\/marketinari-teknologia-berriei-eta-proiektuen-kudeaketari-buruzko-ikastaroak-antolatu-ditu-amurrio-bidean-ek\/\"]}]},{\"@type\":\"ImageObject\",\"inLanguage\":\"es\",\"@id\":\"https:\/\/amurriobidean.org\/es\/marketinari-teknologia-berriei-eta-proiektuen-kudeaketari-buruzko-ikastaroak-antolatu-ditu-amurrio-bidean-ek\/#primaryimage\",\"url\":\"https:\/\/amurriobidean.org\/wp-content\/uploads\/2017\/09\/notebook-2637757_640.jpg\",\"contentUrl\":\"https:\/\/amurriobidean.org\/wp-content\/uploads\/2017\/09\/notebook-2637757_640.jpg\",\"width\":640,\"height\":426},{\"@type\":\"BreadcrumbList\",\"@id\":\"https:\/\/amurriobidean.org\/es\/marketinari-teknologia-berriei-eta-proiektuen-kudeaketari-buruzko-ikastaroak-antolatu-ditu-amurrio-bidean-ek\/#breadcrumb\",\"itemListElement\":[{\"@type\":\"ListItem\",\"position\":1,\"name\":\"Portada\",\"item\":\"https:\/\/amurriobidean.org\/es\/\"},{\"@type\":\"ListItem\",\"position\":2,\"name\":\"Marketing, nuevas tecnolog\u00edas y gesti\u00f3n de proyectos ser\u00e1n las tem\u00e1ticas de otros cursos que organiza Amurrio Bidean\"}]},{\"@type\":\"WebSite\",\"@id\":\"https:\/\/amurriobidean.org\/es\/#website\",\"url\":\"https:\/\/amurriobidean.org\/es\/\",\"name\":\"Amurrio Bidean. Garapen Agentzia - Agencia de desarrollo.\",\"description\":\"Agencia de Desarollo Local de Amurrio\",\"potentialAction\":[{\"@type\":\"SearchAction\",\"target\":{\"@type\":\"EntryPoint\",\"urlTemplate\":\"https:\/\/amurriobidean.org\/es\/?s={search_term_string}\"},\"query-input\":{\"@type\":\"PropertyValueSpecification\",\"valueRequired\":true,\"valueName\":\"search_term_string\"}}],\"inLanguage\":\"es\"},{\"@type\":\"Person\",\"@id\":\"https:\/\/amurriobidean.org\/es\/#\/schema\/person\/56c71b474b3e7f5f5e6f209a6cf3abfe\",\"name\":\"Amurrio Bidean\",\"image\":{\"@type\":\"ImageObject\",\"inLanguage\":\"es\",\"@id\":\"https:\/\/amurriobidean.org\/es\/#\/schema\/person\/image\/\",\"url\":\"https:\/\/secure.gravatar.com\/avatar\/84a34d50800d0bb5d80eba504fc44ed48c9b2faab16ad58fa7d30bce4e2b661e\",\"contentUrl\":\"https:\/\/secure.gravatar.com\/avatar\/84a34d50800d0bb5d80eba504fc44ed48c9b2faab16ad58fa7d30bce4e2b661e\",\"caption\":\"Amurrio Bidean\"},\"sameAs\":[\"http:\/\/www.amurriobidean.eus\"],\"url\":\"https:\/\/amurriobidean.org\/es\/author\/amurrio-bidean\/\"}]}<\/script>\n<!-- \/ Yoast SEO plugin. -->","yoast_head_json":{"title":"Marketing, nuevas tecnolog\u00edas y gesti\u00f3n de proyectos ser\u00e1n las tem\u00e1ticas de otros cursos que organiza Amurrio Bidean - Amurrio Bidean. Garapen Agentzia - Agencia de desarrollo.","robots":{"index":"index","follow":"follow","max-snippet":"max-snippet:-1","max-image-preview":"max-image-preview:large","max-video-preview":"max-video-preview:-1"},"canonical":"https:\/\/amurriobidean.org\/es\/marketinari-teknologia-berriei-eta-proiektuen-kudeaketari-buruzko-ikastaroak-antolatu-ditu-amurrio-bidean-ek\/","og_locale":"es_ES","og_type":"article","og_title":"Marketing, nuevas tecnolog\u00edas y gesti\u00f3n de proyectos ser\u00e1n las tem\u00e1ticas de otros cursos que organiza Amurrio Bidean - Amurrio Bidean. Garapen Agentzia - Agencia de desarrollo.","og_description":"El plazo de inscripci\u00f3n comienza el 18 de septiembre. Atenci\u00f3n al cliente, ventas y marketing (100h) Del 2\/10 al 15\/11, de lunes a jueves, de 9:30 a 13:30h. En las inscripciones tendr\u00e1n prioridad las personas en desempleo empadronadas en la Cuadrilla de Ayala. Subvencionado por Diputaci\u00f3n Foral de \u00c1lava \u00a0 Instalaci\u00f3n, mantenimiento y reparaci\u00f3n de [&hellip;]","og_url":"https:\/\/amurriobidean.org\/es\/marketinari-teknologia-berriei-eta-proiektuen-kudeaketari-buruzko-ikastaroak-antolatu-ditu-amurrio-bidean-ek\/","og_site_name":"Amurrio Bidean. Garapen Agentzia - Agencia de desarrollo.","article_publisher":"https:\/\/www.facebook.com\/amurrio.bidean","article_published_time":"2017-09-11T08:43:14+00:00","article_modified_time":"2017-09-11T08:48:20+00:00","og_image":[{"width":640,"height":426,"url":"https:\/\/amurriobidean.org\/wp-content\/uploads\/2017\/09\/notebook-2637757_640.jpg","type":"image\/jpeg"}],"author":"Amurrio Bidean","twitter_card":"summary_large_image","twitter_creator":"@amurriobidean","twitter_site":"@amurriobidean","twitter_misc":{"Escrito por":"Amurrio Bidean","Tiempo de lectura":"3 minutos"},"schema":{"@context":"https:\/\/schema.org","@graph":[{"@type":"WebPage","@id":"https:\/\/amurriobidean.org\/es\/marketinari-teknologia-berriei-eta-proiektuen-kudeaketari-buruzko-ikastaroak-antolatu-ditu-amurrio-bidean-ek\/","url":"https:\/\/amurriobidean.org\/es\/marketinari-teknologia-berriei-eta-proiektuen-kudeaketari-buruzko-ikastaroak-antolatu-ditu-amurrio-bidean-ek\/","name":"Marketing, nuevas tecnolog\u00edas y gesti\u00f3n de proyectos ser\u00e1n las tem\u00e1ticas de otros cursos que organiza Amurrio Bidean - Amurrio Bidean. Garapen Agentzia - Agencia de desarrollo.","isPartOf":{"@id":"https:\/\/amurriobidean.org\/es\/#website"},"primaryImageOfPage":{"@id":"https:\/\/amurriobidean.org\/es\/marketinari-teknologia-berriei-eta-proiektuen-kudeaketari-buruzko-ikastaroak-antolatu-ditu-amurrio-bidean-ek\/#primaryimage"},"image":{"@id":"https:\/\/amurriobidean.org\/es\/marketinari-teknologia-berriei-eta-proiektuen-kudeaketari-buruzko-ikastaroak-antolatu-ditu-amurrio-bidean-ek\/#primaryimage"},"thumbnailUrl":"https:\/\/amurriobidean.org\/wp-content\/uploads\/2017\/09\/notebook-2637757_640.jpg","datePublished":"2017-09-11T08:43:14+00:00","dateModified":"2017-09-11T08:48:20+00:00","author":{"@id":"https:\/\/amurriobidean.org\/es\/#\/schema\/person\/56c71b474b3e7f5f5e6f209a6cf3abfe"},"breadcrumb":{"@id":"https:\/\/amurriobidean.org\/es\/marketinari-teknologia-berriei-eta-proiektuen-kudeaketari-buruzko-ikastaroak-antolatu-ditu-amurrio-bidean-ek\/#breadcrumb"},"inLanguage":"es","potentialAction":[{"@type":"ReadAction","target":["https:\/\/amurriobidean.org\/es\/marketinari-teknologia-berriei-eta-proiektuen-kudeaketari-buruzko-ikastaroak-antolatu-ditu-amurrio-bidean-ek\/"]}]},{"@type":"ImageObject","inLanguage":"es","@id":"https:\/\/amurriobidean.org\/es\/marketinari-teknologia-berriei-eta-proiektuen-kudeaketari-buruzko-ikastaroak-antolatu-ditu-amurrio-bidean-ek\/#primaryimage","url":"https:\/\/amurriobidean.org\/wp-content\/uploads\/2017\/09\/notebook-2637757_640.jpg","contentUrl":"https:\/\/amurriobidean.org\/wp-content\/uploads\/2017\/09\/notebook-2637757_640.jpg","width":640,"height":426},{"@type":"BreadcrumbList","@id":"https:\/\/amurriobidean.org\/es\/marketinari-teknologia-berriei-eta-proiektuen-kudeaketari-buruzko-ikastaroak-antolatu-ditu-amurrio-bidean-ek\/#breadcrumb","itemListElement":[{"@type":"ListItem","position":1,"name":"Portada","item":"https:\/\/amurriobidean.org\/es\/"},{"@type":"ListItem","position":2,"name":"Marketing, nuevas tecnolog\u00edas y gesti\u00f3n de proyectos ser\u00e1n las tem\u00e1ticas de otros cursos que organiza Amurrio Bidean"}]},{"@type":"WebSite","@id":"https:\/\/amurriobidean.org\/es\/#website","url":"https:\/\/amurriobidean.org\/es\/","name":"Amurrio Bidean. Garapen Agentzia - Agencia de desarrollo.","description":"Agencia de Desarollo Local de Amurrio","potentialAction":[{"@type":"SearchAction","target":{"@type":"EntryPoint","urlTemplate":"https:\/\/amurriobidean.org\/es\/?s={search_term_string}"},"query-input":{"@type":"PropertyValueSpecification","valueRequired":true,"valueName":"search_term_string"}}],"inLanguage":"es"},{"@type":"Person","@id":"https:\/\/amurriobidean.org\/es\/#\/schema\/person\/56c71b474b3e7f5f5e6f209a6cf3abfe","name":"Amurrio Bidean","image":{"@type":"ImageObject","inLanguage":"es","@id":"https:\/\/amurriobidean.org\/es\/#\/schema\/person\/image\/","url":"https:\/\/secure.gravatar.com\/avatar\/84a34d50800d0bb5d80eba504fc44ed48c9b2faab16ad58fa7d30bce4e2b661e","contentUrl":"https:\/\/secure.gravatar.com\/avatar\/84a34d50800d0bb5d80eba504fc44ed48c9b2faab16ad58fa7d30bce4e2b661e","caption":"Amurrio Bidean"},"sameAs":["http:\/\/www.amurriobidean.eus"],"url":"https:\/\/amurriobidean.org\/es\/author\/amurrio-bidean\/"}]}},"_links":{"self":[{"href":"https:\/\/amurriobidean.org\/es\/wp-json\/wp\/v2\/posts\/2354","targetHints":{"allow":["GET"]}}],"collection":[{"href":"https:\/\/amurriobidean.org\/es\/wp-json\/wp\/v2\/posts"}],"about":[{"href":"https:\/\/amurriobidean.org\/es\/wp-json\/wp\/v2\/types\/post"}],"author":[{"embeddable":true,"href":"https:\/\/amurriobidean.org\/es\/wp-json\/wp\/v2\/users\/2"}],"replies":[{"embeddable":true,"href":"https:\/\/amurriobidean.org\/es\/wp-json\/wp\/v2\/comments?post=2354"}],"version-history":[{"count":0,"href":"https:\/\/amurriobidean.org\/es\/wp-json\/wp\/v2\/posts\/2354\/revisions"}],"wp:featuredmedia":[{"embeddable":true,"href":"https:\/\/amurriobidean.org\/es\/wp-json\/wp\/v2\/media\/2351"}],"wp:attachment":[{"href":"https:\/\/amurriobidean.org\/es\/wp-json\/wp\/v2\/media?parent=2354"}],"wp:term":[{"taxonomy":"category","embeddable":true,"href":"https:\/\/amurriobidean.org\/es\/wp-json\/wp\/v2\/categories?post=2354"},{"taxonomy":"post_tag","embeddable":true,"href":"https:\/\/amurriobidean.org\/es\/wp-json\/wp\/v2\/tags?post=2354"}],"curies":[{"name":"wp","href":"https:\/\/api.w.org\/{rel}","templated":true}]}}