{"id":2257,"date":"2017-06-21T09:57:53","date_gmt":"2017-06-21T09:57:53","guid":{"rendered":"http:\/\/amurriobidean.eus\/?p=2257\/"},"modified":"2017-06-21T09:57:53","modified_gmt":"2017-06-21T09:57:53","slug":"la-fiesta-del-solsticio-verano-se-celebrara-aresketamendi-24-junio","status":"publish","type":"post","link":"https:\/\/amurriobidean.org\/es\/la-fiesta-del-solsticio-verano-se-celebrara-aresketamendi-24-junio\/","title":{"rendered":"La Fiesta del Solsticio de Verano se celebrar\u00e1 en Aresketamendi el 24 de junio"},"content":{"rendered":"<p>El s\u00e1bado 24 de junio se celebrar\u00e1 la Fiesta del Solsticio de Verano en el Parque Tem\u00e1tico de las Energ\u00edas Renovables de Aresketamendi. De esta manera se ofrece al p\u00fablico un d\u00eda de puertas abiertas. A\u00f1o a a\u00f1o esta celebraci\u00f3n va cobrando fuerza y se ha instaurado como una cita anual donde se compagina la diversi\u00f3n con la educaci\u00f3n, la cultura y el medio ambiente, a la vez que se acerca el Parque de las Energ\u00edas Renovables de Aresketamendi a la ciudadan\u00eda de Amurrio. Este a\u00f1o se contar\u00e1 con dos conciertos, cuyos componentes proceden de la Escuela Municipal de M\u00fasica de Amurrio, y despu\u00e9s de la comida popular habr\u00e1 m\u00fasica en directo.<\/p>\n<p><img fetchpriority=\"high\" decoding=\"async\" class=\"alignnone size-medium wp-image-2258 aligncenter\" src=\"http:\/\/amurriobidean.eus\/wp-content\/uploads\/2017\/06\/solsticio-recortada-300x259.jpg\" alt=\"\" width=\"300\" height=\"259\" srcset=\"https:\/\/amurriobidean.org\/wp-content\/uploads\/2017\/06\/solsticio-recortada-300x259.jpg 300w, https:\/\/amurriobidean.org\/wp-content\/uploads\/2017\/06\/solsticio-recortada-768x662.jpg 768w, https:\/\/amurriobidean.org\/wp-content\/uploads\/2017\/06\/solsticio-recortada-1030x888.jpg 1030w, https:\/\/amurriobidean.org\/wp-content\/uploads\/2017\/06\/solsticio-recortada-1500x1293.jpg 1500w, https:\/\/amurriobidean.org\/wp-content\/uploads\/2017\/06\/solsticio-recortada-705x608.jpg 705w, https:\/\/amurriobidean.org\/wp-content\/uploads\/2017\/06\/solsticio-recortada-450x388.jpg 450w, https:\/\/amurriobidean.org\/wp-content\/uploads\/2017\/06\/solsticio-recortada.jpg 2048w\" sizes=\"(max-width: 300px) 100vw, 300px\" \/><\/p>\n<p><strong>FIESTA DEL SOLSTICIO DE VERANO EN ARESKETAMENDI PROGRAMA<\/strong><\/p>\n<p><strong>De 11:00 a 14:00 horas.<\/strong><\/p>\n<ul>\n<li>Servicio de autobuses desde la marquesina de la calle Etxegoienbidea a Aresketamendi.<\/li>\n<li>Talleres con Cruz Roja.<\/li>\n<\/ul>\n<p><strong>De 11:00 a 18:00 horas.<\/strong><\/p>\n<ul>\n<li>Visitas guiadas al parque tem\u00e1tico.<\/li>\n<li>\u00a0Hinchables y juegos gigantes de madera.<\/li>\n<li>Servicio de txosna.<\/li>\n<\/ul>\n<p><strong>De 12:30 a 14:00 horas.<\/strong><\/p>\n<ul>\n<li>Concierto de Amurrio Modern Band y los Combos de la Escuela Municipal de M\u00fasica de Amurrio.<\/li>\n<\/ul>\n<p><strong>A partir de las 13:00 horas.<\/strong><\/p>\n<ul>\n<li>Txistorrada solar. (0,5 \u20ac\/pintxo). A partir de las 14:30 horas.<\/li>\n<li>Comida popular. Men\u00fa infantil 5 \u20ac. Men\u00fa adultos 7 \u20ac (Venta de tickets en el propio parque). De 16:00 a 18:00 horas. M\u00fasica en directo con Les Longiers.<\/li>\n<\/ul>\n<p><strong>De 17:00 a 19:00 horas.<\/strong><\/p>\n<ul>\n<li>Servicio de autobuses desde Aresketamendi hasta la marquesina de la calle Etxegoienbidea.<\/li>\n<\/ul>\n","protected":false},"excerpt":{"rendered":"<p>El s\u00e1bado 24 de junio se celebrar\u00e1 la Fiesta del Solsticio de Verano en el Parque Tem\u00e1tico de las Energ\u00edas Renovables de Aresketamendi. De esta manera se ofrece al p\u00fablico un d\u00eda de puertas abiertas. A\u00f1o a a\u00f1o esta celebraci\u00f3n va cobrando fuerza y se ha instaurado como una cita anual donde se compagina la [&hellip;]<\/p>\n","protected":false},"author":2,"featured_media":2259,"comment_status":"closed","ping_status":"closed","sticky":false,"template":"","format":"standard","meta":{"footnotes":""},"categories":[28],"tags":[],"class_list":["post-2257","post","type-post","status-publish","format-standard","has-post-thumbnail","hentry","category-noticias"],"yoast_head":"<!-- This site is optimized with the Yoast SEO plugin v25.3 - https:\/\/yoast.com\/wordpress\/plugins\/seo\/ -->\n<title>La Fiesta del Solsticio de Verano se celebrar\u00e1 en Aresketamendi el 24 de junio - Amurrio Bidean. Garapen Agentzia - Agencia de desarrollo.<\/title>\n<meta name=\"robots\" content=\"index, follow, max-snippet:-1, max-image-preview:large, max-video-preview:-1\" \/>\n<link rel=\"canonical\" href=\"https:\/\/amurriobidean.org\/es\/la-fiesta-del-solsticio-verano-se-celebrara-aresketamendi-24-junio\/\" \/>\n<meta property=\"og:locale\" content=\"es_ES\" \/>\n<meta property=\"og:type\" content=\"article\" \/>\n<meta property=\"og:title\" content=\"La Fiesta del Solsticio de Verano se celebrar\u00e1 en Aresketamendi el 24 de junio - Amurrio Bidean. Garapen Agentzia - Agencia de desarrollo.\" \/>\n<meta property=\"og:description\" content=\"El s\u00e1bado 24 de junio se celebrar\u00e1 la Fiesta del Solsticio de Verano en el Parque Tem\u00e1tico de las Energ\u00edas Renovables de Aresketamendi. De esta manera se ofrece al p\u00fablico un d\u00eda de puertas abiertas. A\u00f1o a a\u00f1o esta celebraci\u00f3n va cobrando fuerza y se ha instaurado como una cita anual donde se compagina la [&hellip;]\" \/>\n<meta property=\"og:url\" content=\"https:\/\/amurriobidean.org\/es\/la-fiesta-del-solsticio-verano-se-celebrara-aresketamendi-24-junio\/\" \/>\n<meta property=\"og:site_name\" content=\"Amurrio Bidean. Garapen Agentzia - Agencia de desarrollo.\" \/>\n<meta property=\"article:publisher\" content=\"https:\/\/www.facebook.com\/amurrio.bidean\" \/>\n<meta property=\"article:published_time\" content=\"2017-06-21T09:57:53+00:00\" \/>\n<meta property=\"og:image\" content=\"https:\/\/amurriobidean.org\/wp-content\/uploads\/2017\/06\/fiestasolsticioCAS.png\" \/>\n\t<meta property=\"og:image:width\" content=\"560\" \/>\n\t<meta property=\"og:image:height\" content=\"315\" \/>\n\t<meta property=\"og:image:type\" content=\"image\/png\" \/>\n<meta name=\"author\" content=\"Amurrio Bidean\" \/>\n<meta name=\"twitter:card\" content=\"summary_large_image\" \/>\n<meta name=\"twitter:creator\" content=\"@amurriobidean\" \/>\n<meta name=\"twitter:site\" content=\"@amurriobidean\" \/>\n<meta name=\"twitter:label1\" content=\"Escrito por\" \/>\n\t<meta name=\"twitter:data1\" content=\"Amurrio Bidean\" \/>\n\t<meta name=\"twitter:label2\" content=\"Tiempo de lectura\" \/>\n\t<meta name=\"twitter:data2\" content=\"1 minuto\" \/>\n<script type=\"application\/ld+json\" class=\"yoast-schema-graph\">{\"@context\":\"https:\/\/schema.org\",\"@graph\":[{\"@type\":\"WebPage\",\"@id\":\"https:\/\/amurriobidean.org\/es\/la-fiesta-del-solsticio-verano-se-celebrara-aresketamendi-24-junio\/\",\"url\":\"https:\/\/amurriobidean.org\/es\/la-fiesta-del-solsticio-verano-se-celebrara-aresketamendi-24-junio\/\",\"name\":\"La Fiesta del Solsticio de Verano se celebrar\u00e1 en Aresketamendi el 24 de junio - Amurrio Bidean. Garapen Agentzia - Agencia de desarrollo.\",\"isPartOf\":{\"@id\":\"https:\/\/amurriobidean.org\/es\/#website\"},\"primaryImageOfPage\":{\"@id\":\"https:\/\/amurriobidean.org\/es\/la-fiesta-del-solsticio-verano-se-celebrara-aresketamendi-24-junio\/#primaryimage\"},\"image\":{\"@id\":\"https:\/\/amurriobidean.org\/es\/la-fiesta-del-solsticio-verano-se-celebrara-aresketamendi-24-junio\/#primaryimage\"},\"thumbnailUrl\":\"https:\/\/amurriobidean.org\/wp-content\/uploads\/2017\/06\/fiestasolsticioCAS.png\",\"datePublished\":\"2017-06-21T09:57:53+00:00\",\"author\":{\"@id\":\"https:\/\/amurriobidean.org\/es\/#\/schema\/person\/56c71b474b3e7f5f5e6f209a6cf3abfe\"},\"breadcrumb\":{\"@id\":\"https:\/\/amurriobidean.org\/es\/la-fiesta-del-solsticio-verano-se-celebrara-aresketamendi-24-junio\/#breadcrumb\"},\"inLanguage\":\"es\",\"potentialAction\":[{\"@type\":\"ReadAction\",\"target\":[\"https:\/\/amurriobidean.org\/es\/la-fiesta-del-solsticio-verano-se-celebrara-aresketamendi-24-junio\/\"]}]},{\"@type\":\"ImageObject\",\"inLanguage\":\"es\",\"@id\":\"https:\/\/amurriobidean.org\/es\/la-fiesta-del-solsticio-verano-se-celebrara-aresketamendi-24-junio\/#primaryimage\",\"url\":\"https:\/\/amurriobidean.org\/wp-content\/uploads\/2017\/06\/fiestasolsticioCAS.png\",\"contentUrl\":\"https:\/\/amurriobidean.org\/wp-content\/uploads\/2017\/06\/fiestasolsticioCAS.png\",\"width\":560,\"height\":315},{\"@type\":\"BreadcrumbList\",\"@id\":\"https:\/\/amurriobidean.org\/es\/la-fiesta-del-solsticio-verano-se-celebrara-aresketamendi-24-junio\/#breadcrumb\",\"itemListElement\":[{\"@type\":\"ListItem\",\"position\":1,\"name\":\"Portada\",\"item\":\"https:\/\/amurriobidean.org\/es\/\"},{\"@type\":\"ListItem\",\"position\":2,\"name\":\"La Fiesta del Solsticio de Verano se celebrar\u00e1 en Aresketamendi el 24 de junio\"}]},{\"@type\":\"WebSite\",\"@id\":\"https:\/\/amurriobidean.org\/es\/#website\",\"url\":\"https:\/\/amurriobidean.org\/es\/\",\"name\":\"Amurrio Bidean. Garapen Agentzia - Agencia de desarrollo.\",\"description\":\"Agencia de Desarollo Local de Amurrio\",\"potentialAction\":[{\"@type\":\"SearchAction\",\"target\":{\"@type\":\"EntryPoint\",\"urlTemplate\":\"https:\/\/amurriobidean.org\/es\/?s={search_term_string}\"},\"query-input\":{\"@type\":\"PropertyValueSpecification\",\"valueRequired\":true,\"valueName\":\"search_term_string\"}}],\"inLanguage\":\"es\"},{\"@type\":\"Person\",\"@id\":\"https:\/\/amurriobidean.org\/es\/#\/schema\/person\/56c71b474b3e7f5f5e6f209a6cf3abfe\",\"name\":\"Amurrio Bidean\",\"image\":{\"@type\":\"ImageObject\",\"inLanguage\":\"es\",\"@id\":\"https:\/\/amurriobidean.org\/es\/#\/schema\/person\/image\/\",\"url\":\"https:\/\/secure.gravatar.com\/avatar\/84a34d50800d0bb5d80eba504fc44ed48c9b2faab16ad58fa7d30bce4e2b661e\",\"contentUrl\":\"https:\/\/secure.gravatar.com\/avatar\/84a34d50800d0bb5d80eba504fc44ed48c9b2faab16ad58fa7d30bce4e2b661e\",\"caption\":\"Amurrio Bidean\"},\"sameAs\":[\"http:\/\/www.amurriobidean.eus\"],\"url\":\"https:\/\/amurriobidean.org\/es\/author\/amurrio-bidean\/\"}]}<\/script>\n<!-- \/ Yoast SEO plugin. -->","yoast_head_json":{"title":"La Fiesta del Solsticio de Verano se celebrar\u00e1 en Aresketamendi el 24 de junio - Amurrio Bidean. Garapen Agentzia - Agencia de desarrollo.","robots":{"index":"index","follow":"follow","max-snippet":"max-snippet:-1","max-image-preview":"max-image-preview:large","max-video-preview":"max-video-preview:-1"},"canonical":"https:\/\/amurriobidean.org\/es\/la-fiesta-del-solsticio-verano-se-celebrara-aresketamendi-24-junio\/","og_locale":"es_ES","og_type":"article","og_title":"La Fiesta del Solsticio de Verano se celebrar\u00e1 en Aresketamendi el 24 de junio - Amurrio Bidean. Garapen Agentzia - Agencia de desarrollo.","og_description":"El s\u00e1bado 24 de junio se celebrar\u00e1 la Fiesta del Solsticio de Verano en el Parque Tem\u00e1tico de las Energ\u00edas Renovables de Aresketamendi. De esta manera se ofrece al p\u00fablico un d\u00eda de puertas abiertas. A\u00f1o a a\u00f1o esta celebraci\u00f3n va cobrando fuerza y se ha instaurado como una cita anual donde se compagina la [&hellip;]","og_url":"https:\/\/amurriobidean.org\/es\/la-fiesta-del-solsticio-verano-se-celebrara-aresketamendi-24-junio\/","og_site_name":"Amurrio Bidean. Garapen Agentzia - Agencia de desarrollo.","article_publisher":"https:\/\/www.facebook.com\/amurrio.bidean","article_published_time":"2017-06-21T09:57:53+00:00","og_image":[{"width":560,"height":315,"url":"https:\/\/amurriobidean.org\/wp-content\/uploads\/2017\/06\/fiestasolsticioCAS.png","type":"image\/png"}],"author":"Amurrio Bidean","twitter_card":"summary_large_image","twitter_creator":"@amurriobidean","twitter_site":"@amurriobidean","twitter_misc":{"Escrito por":"Amurrio Bidean","Tiempo de lectura":"1 minuto"},"schema":{"@context":"https:\/\/schema.org","@graph":[{"@type":"WebPage","@id":"https:\/\/amurriobidean.org\/es\/la-fiesta-del-solsticio-verano-se-celebrara-aresketamendi-24-junio\/","url":"https:\/\/amurriobidean.org\/es\/la-fiesta-del-solsticio-verano-se-celebrara-aresketamendi-24-junio\/","name":"La Fiesta del Solsticio de Verano se celebrar\u00e1 en Aresketamendi el 24 de junio - Amurrio Bidean. Garapen Agentzia - Agencia de desarrollo.","isPartOf":{"@id":"https:\/\/amurriobidean.org\/es\/#website"},"primaryImageOfPage":{"@id":"https:\/\/amurriobidean.org\/es\/la-fiesta-del-solsticio-verano-se-celebrara-aresketamendi-24-junio\/#primaryimage"},"image":{"@id":"https:\/\/amurriobidean.org\/es\/la-fiesta-del-solsticio-verano-se-celebrara-aresketamendi-24-junio\/#primaryimage"},"thumbnailUrl":"https:\/\/amurriobidean.org\/wp-content\/uploads\/2017\/06\/fiestasolsticioCAS.png","datePublished":"2017-06-21T09:57:53+00:00","author":{"@id":"https:\/\/amurriobidean.org\/es\/#\/schema\/person\/56c71b474b3e7f5f5e6f209a6cf3abfe"},"breadcrumb":{"@id":"https:\/\/amurriobidean.org\/es\/la-fiesta-del-solsticio-verano-se-celebrara-aresketamendi-24-junio\/#breadcrumb"},"inLanguage":"es","potentialAction":[{"@type":"ReadAction","target":["https:\/\/amurriobidean.org\/es\/la-fiesta-del-solsticio-verano-se-celebrara-aresketamendi-24-junio\/"]}]},{"@type":"ImageObject","inLanguage":"es","@id":"https:\/\/amurriobidean.org\/es\/la-fiesta-del-solsticio-verano-se-celebrara-aresketamendi-24-junio\/#primaryimage","url":"https:\/\/amurriobidean.org\/wp-content\/uploads\/2017\/06\/fiestasolsticioCAS.png","contentUrl":"https:\/\/amurriobidean.org\/wp-content\/uploads\/2017\/06\/fiestasolsticioCAS.png","width":560,"height":315},{"@type":"BreadcrumbList","@id":"https:\/\/amurriobidean.org\/es\/la-fiesta-del-solsticio-verano-se-celebrara-aresketamendi-24-junio\/#breadcrumb","itemListElement":[{"@type":"ListItem","position":1,"name":"Portada","item":"https:\/\/amurriobidean.org\/es\/"},{"@type":"ListItem","position":2,"name":"La Fiesta del Solsticio de Verano se celebrar\u00e1 en Aresketamendi el 24 de junio"}]},{"@type":"WebSite","@id":"https:\/\/amurriobidean.org\/es\/#website","url":"https:\/\/amurriobidean.org\/es\/","name":"Amurrio Bidean. Garapen Agentzia - Agencia de desarrollo.","description":"Agencia de Desarollo Local de Amurrio","potentialAction":[{"@type":"SearchAction","target":{"@type":"EntryPoint","urlTemplate":"https:\/\/amurriobidean.org\/es\/?s={search_term_string}"},"query-input":{"@type":"PropertyValueSpecification","valueRequired":true,"valueName":"search_term_string"}}],"inLanguage":"es"},{"@type":"Person","@id":"https:\/\/amurriobidean.org\/es\/#\/schema\/person\/56c71b474b3e7f5f5e6f209a6cf3abfe","name":"Amurrio Bidean","image":{"@type":"ImageObject","inLanguage":"es","@id":"https:\/\/amurriobidean.org\/es\/#\/schema\/person\/image\/","url":"https:\/\/secure.gravatar.com\/avatar\/84a34d50800d0bb5d80eba504fc44ed48c9b2faab16ad58fa7d30bce4e2b661e","contentUrl":"https:\/\/secure.gravatar.com\/avatar\/84a34d50800d0bb5d80eba504fc44ed48c9b2faab16ad58fa7d30bce4e2b661e","caption":"Amurrio Bidean"},"sameAs":["http:\/\/www.amurriobidean.eus"],"url":"https:\/\/amurriobidean.org\/es\/author\/amurrio-bidean\/"}]}},"_links":{"self":[{"href":"https:\/\/amurriobidean.org\/es\/wp-json\/wp\/v2\/posts\/2257","targetHints":{"allow":["GET"]}}],"collection":[{"href":"https:\/\/amurriobidean.org\/es\/wp-json\/wp\/v2\/posts"}],"about":[{"href":"https:\/\/amurriobidean.org\/es\/wp-json\/wp\/v2\/types\/post"}],"author":[{"embeddable":true,"href":"https:\/\/amurriobidean.org\/es\/wp-json\/wp\/v2\/users\/2"}],"replies":[{"embeddable":true,"href":"https:\/\/amurriobidean.org\/es\/wp-json\/wp\/v2\/comments?post=2257"}],"version-history":[{"count":0,"href":"https:\/\/amurriobidean.org\/es\/wp-json\/wp\/v2\/posts\/2257\/revisions"}],"wp:featuredmedia":[{"embeddable":true,"href":"https:\/\/amurriobidean.org\/es\/wp-json\/wp\/v2\/media\/2259"}],"wp:attachment":[{"href":"https:\/\/amurriobidean.org\/es\/wp-json\/wp\/v2\/media?parent=2257"}],"wp:term":[{"taxonomy":"category","embeddable":true,"href":"https:\/\/amurriobidean.org\/es\/wp-json\/wp\/v2\/categories?post=2257"},{"taxonomy":"post_tag","embeddable":true,"href":"https:\/\/amurriobidean.org\/es\/wp-json\/wp\/v2\/tags?post=2257"}],"curies":[{"name":"wp","href":"https:\/\/api.w.org\/{rel}","templated":true}]}}