{"id":2155,"date":"2017-05-11T09:53:32","date_gmt":"2017-05-11T09:53:32","guid":{"rendered":"http:\/\/amurriobidean.eus\/enpresan-fakturazio-elektronikoa-ezartzeko-tailerra\/"},"modified":"2017-05-11T09:57:44","modified_gmt":"2017-05-11T09:57:44","slug":"enpresan-fakturazio-elektronikoa-ezartzeko-tailerra","status":"publish","type":"post","link":"https:\/\/amurriobidean.org\/es\/enpresan-fakturazio-elektronikoa-ezartzeko-tailerra\/","title":{"rendered":"Taller para la Implantaci\u00f3n de la FACTURACI\u00d3N ELECTR\u00d3NICA en la empresa"},"content":{"rendered":"<p>El d\u00eda 18 de mayo, de 09:00 a 13:00 en ReforAmurrio Enpresaldea. <strong>GRATUITO<\/strong>!!!<\/p>\n<p>Dirigido a microempresas y aut\u00f3nomos.<\/p>\n<p>\u00bfRealizas la facturaci\u00f3n electr\u00f3nica como exige la ley?<\/p>\n<p><strong>\u00a1Disp\u00f3n de aplicaciones gratuitas para la generaci\u00f3n y env\u00edo de facturas electr\u00f3nicas!<\/strong><\/p>\n<p>Participa en el taller y te ayudaremos a:<\/p>\n<p><strong>\u2026 <\/strong>saber <strong>qu\u00e9 es <\/strong>y <strong>a qui\u00e9n <\/strong>debo facturar electr\u00f3nicamente<\/p>\n<p><strong>\u2026 <\/strong>conocer los <strong>requisitos tecnol\u00f3gicos <\/strong>para generar, emitir y custodiar facturas electr\u00f3nicas<\/p>\n<p><strong>\u2026 <\/strong>entender los <strong>Certificados digitales <\/strong>que existen para la Firma electr\u00f3nica<\/p>\n<p><strong>&#8230; <\/strong>configurar el certificado <strong>IZENPE<\/strong><\/p>\n<p><strong>&#8230;<\/strong> aprender a <strong>generar y firmar <\/strong>facturas electr\u00f3nicas<\/p>\n<p><strong>\u2026<\/strong> <strong>instalar y configurar <\/strong>la plataforma gratuita de facturaci\u00f3n electr\u00f3nica<\/p>\n<p><strong>\u2026<\/strong> conocer todo sobre la <strong>custodia digital <\/strong>de una factura electr\u00f3nica<\/p>\n<p><strong>\u2026 <\/strong>darte de alta en<strong> Metaposta<\/strong><\/p>\n<p>Si est\u00e1s interesado en participar en este taller ponte en contacto con Amurrio Bidean 945.89.17.21 o empresa@amurriobidean.org<\/p>\n<p><a href=\"http:\/\/amurriobidean.eus\/wp-content\/uploads\/2017\/05\/Banner-Facturaci\u00f3n-Electr\u00f3nica_cas.pdf\">Banner Facturaci\u00f3n Electr\u00f3nica_cas<\/a><\/p>\n","protected":false},"excerpt":{"rendered":"<p>El d\u00eda 18 de mayo, de 09:00 a 13:00 en ReforAmurrio Enpresaldea. GRATUITO!!! Dirigido a microempresas y aut\u00f3nomos. \u00bfRealizas la facturaci\u00f3n electr\u00f3nica como exige la ley? \u00a1Disp\u00f3n de aplicaciones gratuitas para la generaci\u00f3n y env\u00edo de facturas electr\u00f3nicas! Participa en el taller y te ayudaremos a: \u2026 saber qu\u00e9 es y a qui\u00e9n debo facturar [&hellip;]<\/p>\n","protected":false},"author":2,"featured_media":2152,"comment_status":"closed","ping_status":"closed","sticky":false,"template":"","format":"standard","meta":{"footnotes":""},"categories":[28],"tags":[],"class_list":["post-2155","post","type-post","status-publish","format-standard","has-post-thumbnail","hentry","category-noticias"],"yoast_head":"<!-- This site is optimized with the Yoast SEO plugin v25.3 - https:\/\/yoast.com\/wordpress\/plugins\/seo\/ -->\n<title>Taller para la Implantaci\u00f3n de la FACTURACI\u00d3N ELECTR\u00d3NICA en la empresa - Amurrio Bidean. Garapen Agentzia - Agencia de desarrollo.<\/title>\n<meta name=\"robots\" content=\"index, follow, max-snippet:-1, max-image-preview:large, max-video-preview:-1\" \/>\n<link rel=\"canonical\" href=\"https:\/\/amurriobidean.org\/es\/enpresan-fakturazio-elektronikoa-ezartzeko-tailerra\/\" \/>\n<meta property=\"og:locale\" content=\"es_ES\" \/>\n<meta property=\"og:type\" content=\"article\" \/>\n<meta property=\"og:title\" content=\"Taller para la Implantaci\u00f3n de la FACTURACI\u00d3N ELECTR\u00d3NICA en la empresa - Amurrio Bidean. Garapen Agentzia - Agencia de desarrollo.\" \/>\n<meta property=\"og:description\" content=\"El d\u00eda 18 de mayo, de 09:00 a 13:00 en ReforAmurrio Enpresaldea. GRATUITO!!! Dirigido a microempresas y aut\u00f3nomos. \u00bfRealizas la facturaci\u00f3n electr\u00f3nica como exige la ley? \u00a1Disp\u00f3n de aplicaciones gratuitas para la generaci\u00f3n y env\u00edo de facturas electr\u00f3nicas! Participa en el taller y te ayudaremos a: \u2026 saber qu\u00e9 es y a qui\u00e9n debo facturar [&hellip;]\" \/>\n<meta property=\"og:url\" content=\"https:\/\/amurriobidean.org\/es\/enpresan-fakturazio-elektronikoa-ezartzeko-tailerra\/\" \/>\n<meta property=\"og:site_name\" content=\"Amurrio Bidean. Garapen Agentzia - Agencia de desarrollo.\" \/>\n<meta property=\"article:publisher\" content=\"https:\/\/www.facebook.com\/amurrio.bidean\" \/>\n<meta property=\"article:published_time\" content=\"2017-05-11T09:53:32+00:00\" \/>\n<meta property=\"article:modified_time\" content=\"2017-05-11T09:57:44+00:00\" \/>\n<meta property=\"og:image\" content=\"https:\/\/amurriobidean.org\/wp-content\/uploads\/2017\/05\/depositphotos_11384206-stock-photo-desktop-computer-screen-tax-form.jpg\" \/>\n\t<meta property=\"og:image:width\" content=\"1023\" \/>\n\t<meta property=\"og:image:height\" content=\"767\" \/>\n\t<meta property=\"og:image:type\" content=\"image\/jpeg\" \/>\n<meta name=\"author\" content=\"Amurrio Bidean\" \/>\n<meta name=\"twitter:card\" content=\"summary_large_image\" \/>\n<meta name=\"twitter:creator\" content=\"@amurriobidean\" \/>\n<meta name=\"twitter:site\" content=\"@amurriobidean\" \/>\n<meta name=\"twitter:label1\" content=\"Escrito por\" \/>\n\t<meta name=\"twitter:data1\" content=\"Amurrio Bidean\" \/>\n\t<meta name=\"twitter:label2\" content=\"Tiempo de lectura\" \/>\n\t<meta name=\"twitter:data2\" content=\"1 minuto\" \/>\n<script type=\"application\/ld+json\" class=\"yoast-schema-graph\">{\"@context\":\"https:\/\/schema.org\",\"@graph\":[{\"@type\":\"WebPage\",\"@id\":\"https:\/\/amurriobidean.org\/es\/enpresan-fakturazio-elektronikoa-ezartzeko-tailerra\/\",\"url\":\"https:\/\/amurriobidean.org\/es\/enpresan-fakturazio-elektronikoa-ezartzeko-tailerra\/\",\"name\":\"Taller para la Implantaci\u00f3n de la FACTURACI\u00d3N ELECTR\u00d3NICA en la empresa - Amurrio Bidean. Garapen Agentzia - Agencia de desarrollo.\",\"isPartOf\":{\"@id\":\"https:\/\/amurriobidean.org\/es\/#website\"},\"primaryImageOfPage\":{\"@id\":\"https:\/\/amurriobidean.org\/es\/enpresan-fakturazio-elektronikoa-ezartzeko-tailerra\/#primaryimage\"},\"image\":{\"@id\":\"https:\/\/amurriobidean.org\/es\/enpresan-fakturazio-elektronikoa-ezartzeko-tailerra\/#primaryimage\"},\"thumbnailUrl\":\"https:\/\/amurriobidean.org\/wp-content\/uploads\/2017\/05\/depositphotos_11384206-stock-photo-desktop-computer-screen-tax-form.jpg\",\"datePublished\":\"2017-05-11T09:53:32+00:00\",\"dateModified\":\"2017-05-11T09:57:44+00:00\",\"author\":{\"@id\":\"https:\/\/amurriobidean.org\/es\/#\/schema\/person\/56c71b474b3e7f5f5e6f209a6cf3abfe\"},\"breadcrumb\":{\"@id\":\"https:\/\/amurriobidean.org\/es\/enpresan-fakturazio-elektronikoa-ezartzeko-tailerra\/#breadcrumb\"},\"inLanguage\":\"es\",\"potentialAction\":[{\"@type\":\"ReadAction\",\"target\":[\"https:\/\/amurriobidean.org\/es\/enpresan-fakturazio-elektronikoa-ezartzeko-tailerra\/\"]}]},{\"@type\":\"ImageObject\",\"inLanguage\":\"es\",\"@id\":\"https:\/\/amurriobidean.org\/es\/enpresan-fakturazio-elektronikoa-ezartzeko-tailerra\/#primaryimage\",\"url\":\"https:\/\/amurriobidean.org\/wp-content\/uploads\/2017\/05\/depositphotos_11384206-stock-photo-desktop-computer-screen-tax-form.jpg\",\"contentUrl\":\"https:\/\/amurriobidean.org\/wp-content\/uploads\/2017\/05\/depositphotos_11384206-stock-photo-desktop-computer-screen-tax-form.jpg\",\"width\":1023,\"height\":767},{\"@type\":\"BreadcrumbList\",\"@id\":\"https:\/\/amurriobidean.org\/es\/enpresan-fakturazio-elektronikoa-ezartzeko-tailerra\/#breadcrumb\",\"itemListElement\":[{\"@type\":\"ListItem\",\"position\":1,\"name\":\"Portada\",\"item\":\"https:\/\/amurriobidean.org\/es\/\"},{\"@type\":\"ListItem\",\"position\":2,\"name\":\"Taller para la Implantaci\u00f3n de la FACTURACI\u00d3N ELECTR\u00d3NICA en la empresa\"}]},{\"@type\":\"WebSite\",\"@id\":\"https:\/\/amurriobidean.org\/es\/#website\",\"url\":\"https:\/\/amurriobidean.org\/es\/\",\"name\":\"Amurrio Bidean. Garapen Agentzia - Agencia de desarrollo.\",\"description\":\"Agencia de Desarollo Local de Amurrio\",\"potentialAction\":[{\"@type\":\"SearchAction\",\"target\":{\"@type\":\"EntryPoint\",\"urlTemplate\":\"https:\/\/amurriobidean.org\/es\/?s={search_term_string}\"},\"query-input\":{\"@type\":\"PropertyValueSpecification\",\"valueRequired\":true,\"valueName\":\"search_term_string\"}}],\"inLanguage\":\"es\"},{\"@type\":\"Person\",\"@id\":\"https:\/\/amurriobidean.org\/es\/#\/schema\/person\/56c71b474b3e7f5f5e6f209a6cf3abfe\",\"name\":\"Amurrio Bidean\",\"image\":{\"@type\":\"ImageObject\",\"inLanguage\":\"es\",\"@id\":\"https:\/\/amurriobidean.org\/es\/#\/schema\/person\/image\/\",\"url\":\"https:\/\/secure.gravatar.com\/avatar\/84a34d50800d0bb5d80eba504fc44ed48c9b2faab16ad58fa7d30bce4e2b661e\",\"contentUrl\":\"https:\/\/secure.gravatar.com\/avatar\/84a34d50800d0bb5d80eba504fc44ed48c9b2faab16ad58fa7d30bce4e2b661e\",\"caption\":\"Amurrio Bidean\"},\"sameAs\":[\"http:\/\/www.amurriobidean.eus\"],\"url\":\"https:\/\/amurriobidean.org\/es\/author\/amurrio-bidean\/\"}]}<\/script>\n<!-- \/ Yoast SEO plugin. -->","yoast_head_json":{"title":"Taller para la Implantaci\u00f3n de la FACTURACI\u00d3N ELECTR\u00d3NICA en la empresa - Amurrio Bidean. Garapen Agentzia - Agencia de desarrollo.","robots":{"index":"index","follow":"follow","max-snippet":"max-snippet:-1","max-image-preview":"max-image-preview:large","max-video-preview":"max-video-preview:-1"},"canonical":"https:\/\/amurriobidean.org\/es\/enpresan-fakturazio-elektronikoa-ezartzeko-tailerra\/","og_locale":"es_ES","og_type":"article","og_title":"Taller para la Implantaci\u00f3n de la FACTURACI\u00d3N ELECTR\u00d3NICA en la empresa - Amurrio Bidean. Garapen Agentzia - Agencia de desarrollo.","og_description":"El d\u00eda 18 de mayo, de 09:00 a 13:00 en ReforAmurrio Enpresaldea. GRATUITO!!! Dirigido a microempresas y aut\u00f3nomos. \u00bfRealizas la facturaci\u00f3n electr\u00f3nica como exige la ley? \u00a1Disp\u00f3n de aplicaciones gratuitas para la generaci\u00f3n y env\u00edo de facturas electr\u00f3nicas! Participa en el taller y te ayudaremos a: \u2026 saber qu\u00e9 es y a qui\u00e9n debo facturar [&hellip;]","og_url":"https:\/\/amurriobidean.org\/es\/enpresan-fakturazio-elektronikoa-ezartzeko-tailerra\/","og_site_name":"Amurrio Bidean. Garapen Agentzia - Agencia de desarrollo.","article_publisher":"https:\/\/www.facebook.com\/amurrio.bidean","article_published_time":"2017-05-11T09:53:32+00:00","article_modified_time":"2017-05-11T09:57:44+00:00","og_image":[{"width":1023,"height":767,"url":"https:\/\/amurriobidean.org\/wp-content\/uploads\/2017\/05\/depositphotos_11384206-stock-photo-desktop-computer-screen-tax-form.jpg","type":"image\/jpeg"}],"author":"Amurrio Bidean","twitter_card":"summary_large_image","twitter_creator":"@amurriobidean","twitter_site":"@amurriobidean","twitter_misc":{"Escrito por":"Amurrio Bidean","Tiempo de lectura":"1 minuto"},"schema":{"@context":"https:\/\/schema.org","@graph":[{"@type":"WebPage","@id":"https:\/\/amurriobidean.org\/es\/enpresan-fakturazio-elektronikoa-ezartzeko-tailerra\/","url":"https:\/\/amurriobidean.org\/es\/enpresan-fakturazio-elektronikoa-ezartzeko-tailerra\/","name":"Taller para la Implantaci\u00f3n de la FACTURACI\u00d3N ELECTR\u00d3NICA en la empresa - Amurrio Bidean. Garapen Agentzia - Agencia de desarrollo.","isPartOf":{"@id":"https:\/\/amurriobidean.org\/es\/#website"},"primaryImageOfPage":{"@id":"https:\/\/amurriobidean.org\/es\/enpresan-fakturazio-elektronikoa-ezartzeko-tailerra\/#primaryimage"},"image":{"@id":"https:\/\/amurriobidean.org\/es\/enpresan-fakturazio-elektronikoa-ezartzeko-tailerra\/#primaryimage"},"thumbnailUrl":"https:\/\/amurriobidean.org\/wp-content\/uploads\/2017\/05\/depositphotos_11384206-stock-photo-desktop-computer-screen-tax-form.jpg","datePublished":"2017-05-11T09:53:32+00:00","dateModified":"2017-05-11T09:57:44+00:00","author":{"@id":"https:\/\/amurriobidean.org\/es\/#\/schema\/person\/56c71b474b3e7f5f5e6f209a6cf3abfe"},"breadcrumb":{"@id":"https:\/\/amurriobidean.org\/es\/enpresan-fakturazio-elektronikoa-ezartzeko-tailerra\/#breadcrumb"},"inLanguage":"es","potentialAction":[{"@type":"ReadAction","target":["https:\/\/amurriobidean.org\/es\/enpresan-fakturazio-elektronikoa-ezartzeko-tailerra\/"]}]},{"@type":"ImageObject","inLanguage":"es","@id":"https:\/\/amurriobidean.org\/es\/enpresan-fakturazio-elektronikoa-ezartzeko-tailerra\/#primaryimage","url":"https:\/\/amurriobidean.org\/wp-content\/uploads\/2017\/05\/depositphotos_11384206-stock-photo-desktop-computer-screen-tax-form.jpg","contentUrl":"https:\/\/amurriobidean.org\/wp-content\/uploads\/2017\/05\/depositphotos_11384206-stock-photo-desktop-computer-screen-tax-form.jpg","width":1023,"height":767},{"@type":"BreadcrumbList","@id":"https:\/\/amurriobidean.org\/es\/enpresan-fakturazio-elektronikoa-ezartzeko-tailerra\/#breadcrumb","itemListElement":[{"@type":"ListItem","position":1,"name":"Portada","item":"https:\/\/amurriobidean.org\/es\/"},{"@type":"ListItem","position":2,"name":"Taller para la Implantaci\u00f3n de la FACTURACI\u00d3N ELECTR\u00d3NICA en la empresa"}]},{"@type":"WebSite","@id":"https:\/\/amurriobidean.org\/es\/#website","url":"https:\/\/amurriobidean.org\/es\/","name":"Amurrio Bidean. Garapen Agentzia - Agencia de desarrollo.","description":"Agencia de Desarollo Local de Amurrio","potentialAction":[{"@type":"SearchAction","target":{"@type":"EntryPoint","urlTemplate":"https:\/\/amurriobidean.org\/es\/?s={search_term_string}"},"query-input":{"@type":"PropertyValueSpecification","valueRequired":true,"valueName":"search_term_string"}}],"inLanguage":"es"},{"@type":"Person","@id":"https:\/\/amurriobidean.org\/es\/#\/schema\/person\/56c71b474b3e7f5f5e6f209a6cf3abfe","name":"Amurrio Bidean","image":{"@type":"ImageObject","inLanguage":"es","@id":"https:\/\/amurriobidean.org\/es\/#\/schema\/person\/image\/","url":"https:\/\/secure.gravatar.com\/avatar\/84a34d50800d0bb5d80eba504fc44ed48c9b2faab16ad58fa7d30bce4e2b661e","contentUrl":"https:\/\/secure.gravatar.com\/avatar\/84a34d50800d0bb5d80eba504fc44ed48c9b2faab16ad58fa7d30bce4e2b661e","caption":"Amurrio Bidean"},"sameAs":["http:\/\/www.amurriobidean.eus"],"url":"https:\/\/amurriobidean.org\/es\/author\/amurrio-bidean\/"}]}},"_links":{"self":[{"href":"https:\/\/amurriobidean.org\/es\/wp-json\/wp\/v2\/posts\/2155","targetHints":{"allow":["GET"]}}],"collection":[{"href":"https:\/\/amurriobidean.org\/es\/wp-json\/wp\/v2\/posts"}],"about":[{"href":"https:\/\/amurriobidean.org\/es\/wp-json\/wp\/v2\/types\/post"}],"author":[{"embeddable":true,"href":"https:\/\/amurriobidean.org\/es\/wp-json\/wp\/v2\/users\/2"}],"replies":[{"embeddable":true,"href":"https:\/\/amurriobidean.org\/es\/wp-json\/wp\/v2\/comments?post=2155"}],"version-history":[{"count":0,"href":"https:\/\/amurriobidean.org\/es\/wp-json\/wp\/v2\/posts\/2155\/revisions"}],"wp:featuredmedia":[{"embeddable":true,"href":"https:\/\/amurriobidean.org\/es\/wp-json\/wp\/v2\/media\/2152"}],"wp:attachment":[{"href":"https:\/\/amurriobidean.org\/es\/wp-json\/wp\/v2\/media?parent=2155"}],"wp:term":[{"taxonomy":"category","embeddable":true,"href":"https:\/\/amurriobidean.org\/es\/wp-json\/wp\/v2\/categories?post=2155"},{"taxonomy":"post_tag","embeddable":true,"href":"https:\/\/amurriobidean.org\/es\/wp-json\/wp\/v2\/tags?post=2155"}],"curies":[{"name":"wp","href":"https:\/\/api.w.org\/{rel}","templated":true}]}}