{"id":2141,"date":"2017-05-10T09:50:31","date_gmt":"2017-05-10T09:50:31","guid":{"rendered":"http:\/\/amurriobidean.eus\/la-periodista-etb-vanessa-sanchez-embajadora-del-txakoli-alava-arabako-txakoli-eguna-2017-amurrio\/"},"modified":"2017-05-10T09:57:09","modified_gmt":"2017-05-10T09:57:09","slug":"la-periodista-etb-vanessa-sanchez-embajadora-del-txakoli-alava-arabako-txakoli-eguna-2017-amurrio","status":"publish","type":"post","link":"https:\/\/amurriobidean.org\/es\/la-periodista-etb-vanessa-sanchez-embajadora-del-txakoli-alava-arabako-txakoli-eguna-2017-amurrio\/","title":{"rendered":"LA PERIODISTA DE ETB VANESSA S\u00c1NCHEZ  EMBAJADORA DEL TXAKOLI DE \u00c1LAVA EN EL  ARABAKO TXAKOLI EGUNA 2017 DE AMURRIO"},"content":{"rendered":"<p><span lang=\"ES-TRAD\"><span style=\"font: 7pt 'Times New Roman'; margin: 0px; font-size-adjust: none; font-stretch: normal;\"><span style=\"color: #000000;\">\u00a0 <\/span><\/span><\/span><span lang=\"ES-TRAD\"><b><span style=\"color: #000000; font-family: Arial; font-size: x-large;\">El Arabako Txakoli Eguna 2017 se celebrar\u00e1 en Amurrio el domingo 21 de mayo con un completo programa de actividades que dar\u00e1 comienzo a las 11:30 de la ma\u00f1ana.<\/span><\/b><\/span><\/p>\n<p><span lang=\"ES-TRAD\"><b><span style=\"color: #000000; font-family: Arial; font-size: x-large;\">El Arabako Txakoli Eguna 2017 tendr\u00e1 lugar en el Parque del GUK, en lugar de la tradicional Plaza Juan de Urrutia.<\/span><\/b><\/span><\/p>\n<p>La periodista y corresponsal de Euskal Telebista Vanessa S\u00e1nchez ha sido elegida por el Consejo Regulador de la Denominaci\u00f3n de Origen Txakol\u00ed de Alava-Arabako Txakolina, embajadora de este caldo durante el a\u00f1o 2017.<\/p>\n<p>Vanessa S\u00e1nchez, gasteiztarra desde temprana edad, ha desarrollado una brillante carrera profesional como corresponsal en Par\u00eds y Asia, enviada especial a la revoluci\u00f3n de Ucrania, los atentados de Londres o la victoria de Obama y ha presentado el Teleberri 2, Egunon Euskadi o Entrada Libre.<\/p>\n<p>\u201cY en todos los sitios d\u00f3nde ha estado \u2013 explica el gerente de Arabako Txakolina, Joxean Merino- ha sido una firme defensora y ap\u00f3stol de las bondades de nuestro vino\u201d.<\/p>\n<p>El Arabako Txakoli Eguna 2017 tendr\u00e1 lugar el domingo, 21 de mayo, a oartir de las 11:30 de la ma\u00f1ana, en <strong>el Parque del Guk de <\/strong>Amurrio, en lugar de la tradicional Plaza de Juan de Urrutia o del Ayuntamiento, que se encuentra en obras.<\/p>\n<p>La jornada comenzar\u00e1 a las 11:30 de la ma\u00f1ana en el Sal\u00f3n de Plenos del Ayuntamiento, d\u00f3nde se le ofrecer\u00e1 un aurresku de honor a Vanessa Rodr\u00edguez, as\u00ed como la entrega de la distinci\u00f3n de Embajadora del Txakoli de Alava 2017.<\/p>\n<p>Posteriormente, al mediod\u00eda un txupinazo abrir\u00e1 el recinto festivo donde, durante todo el d\u00eda, se podr\u00e1 degustar el txakoli, vendimia 2016, de las siete bodegas de la denominaci\u00f3n de origen, as\u00ed como pintxos de pollo, hamburguesas de vacuno y costilla de cerdo, todo ello con productos con Eusko Label.<\/p>\n<p>En el cap\u00edtulo gastron\u00f3mico, tambi\u00e9n habr\u00e1 elaboraciones de patata alavesa, pinchos morunos, morcilla, los famosos Txanpis de la Taberna Txustarra de Vitoria-Gasteiz o txistorra de Amurrio.<\/p>\n<p>Adem\u00e1s, habr\u00e1 exposici\u00f3n y venta de productos artesanos, mesas y sillas dispuestas para la degustaci\u00f3n de los productos, fanfarrias y actuaciones musicales y el IV Concurso de Garrafa del Valle de Ayala con Txakoli de Alava (ver programa completo y bases del concurso en el documento adjunto).<\/p>\n<p>La garrafa es una bebida refrescante y alcoh\u00f3lica que debe contener, obligatoriamente hielo, agua, azucar, brandy, limones, sal y Arabako Txakolina. La preparaci\u00f3n se realiza en los tradicionales recipientes que dan nombre a la bebida.<\/p>\n<p>Como se puede apreciar, multitud de actividades para celebrar un d\u00eda especial para los productores alaveses de txakoli, despu\u00e9s de una cosecha de <strong>659.126\u00a0 kilogramos<\/strong> de uva de la que se ha extra\u00eddo un total de <strong>461.000 botellas<\/strong>. Esta cantidad supone a la denominaci\u00f3n un <strong>aumento del 2,8%<\/strong> en su producci\u00f3n.<\/p>\n<p>Actualmente, la denominaci\u00f3n de origen Txakoli de \u00c1lava-Arabako Txakolina cultiva <strong>95 hect\u00e1reas<\/strong> y cuenta con <strong>siete bodegas<\/strong>: Artoma\u00f1a txakolina, que comercializa los caldos Eukeni y Xarmant (<a href=\"http:\/\/www.artomanatxakolina.com\/\">http:\/\/www.artomanatxakolina.com<\/a>), Okondo txakolina con Astobiza, Malkoa, Astobiza Ros\u00e9 y Late Harvest de vendimia tard\u00eda (<a href=\"http:\/\/www.astobiza.es\/\">www.astobiza.es<\/a>), El Txakoli con Mahatxuri. Beldio Txakolina con Beldui, Xiribil, Santi Victoris et Santi Jacobi Brut Nature, Beldui fermentado en barrica y Beldui vendimia tard\u00eda (<a href=\"http:\/\/www.beldui.com\/\">www.beldui.com<\/a>), Arzabro txakolina con Ametza, Harria y Luzia de Ripa (<a href=\"http:\/\/www.arzabrotxakolina.com\/\">www.arzabrotxakolina.com<\/a>), Goianea Txakolina con UNO (<a href=\"http:\/\/www.txakoliuno.com\/\">www.txakoliuno.com<\/a>) y Paz Verastegui con Txikubin (<a href=\"http:\/\/www.txakolitxikubin.com\/\">http:\/\/www.txakolitxikubin.com<\/a>).<\/p>\n<p>Txakoli con Mahatxuri. Beldio Txakolina con Beldui, Xiribil, Santi Victoris et Santi Jacobi Brut Nature, Beldui fermentado en barrica y Beldui vendimia tard\u00eda (www.beldui.com), Arzabro txakolina con Ametza, Harria y Luzia de Ripa (www.arzabrotxakolina.com), Goianea Txakolina con UNO (www.txakoliuno.com) y Paz Verastegui con Txikubin (http:\/\/www.txakolitxikubin.com).<\/p>\n<p><a href=\"http:\/\/amurriobidean.eus\/wp-content\/uploads\/2017\/05\/txakolin-eguna-2017-folleto.pdf\">txakolin eguna 2017 folleto<\/a><\/p>\n<p><a href=\"http:\/\/amurriobidean.eus\/wp-content\/uploads\/2017\/05\/garrafa-lehiaketa_tx.pdf\">garrafa lehiaketa_tx<\/a><\/p>\n","protected":false},"excerpt":{"rendered":"<p>\u00a0 El Arabako Txakoli Eguna 2017 se celebrar\u00e1 en Amurrio el domingo 21 de mayo con un completo programa de actividades que dar\u00e1 comienzo a las 11:30 de la ma\u00f1ana. El Arabako Txakoli Eguna 2017 tendr\u00e1 lugar en el Parque del GUK, en lugar de la tradicional Plaza Juan de Urrutia. La periodista y corresponsal [&hellip;]<\/p>\n","protected":false},"author":2,"featured_media":2138,"comment_status":"closed","ping_status":"closed","sticky":false,"template":"","format":"standard","meta":{"footnotes":""},"categories":[28],"tags":[],"class_list":["post-2141","post","type-post","status-publish","format-standard","has-post-thumbnail","hentry","category-noticias"],"yoast_head":"<!-- This site is optimized with the Yoast SEO plugin v25.3 - https:\/\/yoast.com\/wordpress\/plugins\/seo\/ -->\n<title>LA PERIODISTA DE ETB VANESSA S\u00c1NCHEZ EMBAJADORA DEL TXAKOLI DE \u00c1LAVA EN EL ARABAKO TXAKOLI EGUNA 2017 DE AMURRIO - Amurrio Bidean. Garapen Agentzia - Agencia de desarrollo.<\/title>\n<meta name=\"robots\" content=\"index, follow, max-snippet:-1, max-image-preview:large, max-video-preview:-1\" \/>\n<link rel=\"canonical\" href=\"https:\/\/amurriobidean.org\/es\/la-periodista-etb-vanessa-sanchez-embajadora-del-txakoli-alava-arabako-txakoli-eguna-2017-amurrio\/\" \/>\n<meta property=\"og:locale\" content=\"es_ES\" \/>\n<meta property=\"og:type\" content=\"article\" \/>\n<meta property=\"og:title\" content=\"LA PERIODISTA DE ETB VANESSA S\u00c1NCHEZ EMBAJADORA DEL TXAKOLI DE \u00c1LAVA EN EL ARABAKO TXAKOLI EGUNA 2017 DE AMURRIO - Amurrio Bidean. Garapen Agentzia - Agencia de desarrollo.\" \/>\n<meta property=\"og:description\" content=\"\u00a0 El Arabako Txakoli Eguna 2017 se celebrar\u00e1 en Amurrio el domingo 21 de mayo con un completo programa de actividades que dar\u00e1 comienzo a las 11:30 de la ma\u00f1ana. El Arabako Txakoli Eguna 2017 tendr\u00e1 lugar en el Parque del GUK, en lugar de la tradicional Plaza Juan de Urrutia. La periodista y corresponsal [&hellip;]\" \/>\n<meta property=\"og:url\" content=\"https:\/\/amurriobidean.org\/es\/la-periodista-etb-vanessa-sanchez-embajadora-del-txakoli-alava-arabako-txakoli-eguna-2017-amurrio\/\" \/>\n<meta property=\"og:site_name\" content=\"Amurrio Bidean. Garapen Agentzia - Agencia de desarrollo.\" \/>\n<meta property=\"article:publisher\" content=\"https:\/\/www.facebook.com\/amurrio.bidean\" \/>\n<meta property=\"article:published_time\" content=\"2017-05-10T09:50:31+00:00\" \/>\n<meta property=\"article:modified_time\" content=\"2017-05-10T09:57:09+00:00\" \/>\n<meta property=\"og:image\" content=\"https:\/\/amurriobidean.org\/wp-content\/uploads\/2017\/05\/This-time-it\u2019s-pho\u2019ever..png\" \/>\n\t<meta property=\"og:image:width\" content=\"940\" \/>\n\t<meta property=\"og:image:height\" content=\"788\" \/>\n\t<meta property=\"og:image:type\" content=\"image\/png\" \/>\n<meta name=\"author\" content=\"Amurrio Bidean\" \/>\n<meta name=\"twitter:card\" content=\"summary_large_image\" \/>\n<meta name=\"twitter:creator\" content=\"@amurriobidean\" \/>\n<meta name=\"twitter:site\" content=\"@amurriobidean\" \/>\n<meta name=\"twitter:label1\" content=\"Escrito por\" \/>\n\t<meta name=\"twitter:data1\" content=\"Amurrio Bidean\" \/>\n\t<meta name=\"twitter:label2\" content=\"Tiempo de lectura\" \/>\n\t<meta name=\"twitter:data2\" content=\"3 minutos\" \/>\n<script type=\"application\/ld+json\" class=\"yoast-schema-graph\">{\"@context\":\"https:\/\/schema.org\",\"@graph\":[{\"@type\":\"WebPage\",\"@id\":\"https:\/\/amurriobidean.org\/es\/la-periodista-etb-vanessa-sanchez-embajadora-del-txakoli-alava-arabako-txakoli-eguna-2017-amurrio\/\",\"url\":\"https:\/\/amurriobidean.org\/es\/la-periodista-etb-vanessa-sanchez-embajadora-del-txakoli-alava-arabako-txakoli-eguna-2017-amurrio\/\",\"name\":\"LA PERIODISTA DE ETB VANESSA S\u00c1NCHEZ EMBAJADORA DEL TXAKOLI DE \u00c1LAVA EN EL ARABAKO TXAKOLI EGUNA 2017 DE AMURRIO - Amurrio Bidean. Garapen Agentzia - Agencia de desarrollo.\",\"isPartOf\":{\"@id\":\"https:\/\/amurriobidean.org\/es\/#website\"},\"primaryImageOfPage\":{\"@id\":\"https:\/\/amurriobidean.org\/es\/la-periodista-etb-vanessa-sanchez-embajadora-del-txakoli-alava-arabako-txakoli-eguna-2017-amurrio\/#primaryimage\"},\"image\":{\"@id\":\"https:\/\/amurriobidean.org\/es\/la-periodista-etb-vanessa-sanchez-embajadora-del-txakoli-alava-arabako-txakoli-eguna-2017-amurrio\/#primaryimage\"},\"thumbnailUrl\":\"https:\/\/amurriobidean.org\/wp-content\/uploads\/2017\/05\/This-time-it\u2019s-pho\u2019ever..png\",\"datePublished\":\"2017-05-10T09:50:31+00:00\",\"dateModified\":\"2017-05-10T09:57:09+00:00\",\"author\":{\"@id\":\"https:\/\/amurriobidean.org\/es\/#\/schema\/person\/56c71b474b3e7f5f5e6f209a6cf3abfe\"},\"breadcrumb\":{\"@id\":\"https:\/\/amurriobidean.org\/es\/la-periodista-etb-vanessa-sanchez-embajadora-del-txakoli-alava-arabako-txakoli-eguna-2017-amurrio\/#breadcrumb\"},\"inLanguage\":\"es\",\"potentialAction\":[{\"@type\":\"ReadAction\",\"target\":[\"https:\/\/amurriobidean.org\/es\/la-periodista-etb-vanessa-sanchez-embajadora-del-txakoli-alava-arabako-txakoli-eguna-2017-amurrio\/\"]}]},{\"@type\":\"ImageObject\",\"inLanguage\":\"es\",\"@id\":\"https:\/\/amurriobidean.org\/es\/la-periodista-etb-vanessa-sanchez-embajadora-del-txakoli-alava-arabako-txakoli-eguna-2017-amurrio\/#primaryimage\",\"url\":\"https:\/\/amurriobidean.org\/wp-content\/uploads\/2017\/05\/This-time-it\u2019s-pho\u2019ever..png\",\"contentUrl\":\"https:\/\/amurriobidean.org\/wp-content\/uploads\/2017\/05\/This-time-it\u2019s-pho\u2019ever..png\",\"width\":940,\"height\":788},{\"@type\":\"BreadcrumbList\",\"@id\":\"https:\/\/amurriobidean.org\/es\/la-periodista-etb-vanessa-sanchez-embajadora-del-txakoli-alava-arabako-txakoli-eguna-2017-amurrio\/#breadcrumb\",\"itemListElement\":[{\"@type\":\"ListItem\",\"position\":1,\"name\":\"Portada\",\"item\":\"https:\/\/amurriobidean.org\/es\/\"},{\"@type\":\"ListItem\",\"position\":2,\"name\":\"LA PERIODISTA DE ETB VANESSA S\u00c1NCHEZ EMBAJADORA DEL TXAKOLI DE \u00c1LAVA EN EL ARABAKO TXAKOLI EGUNA 2017 DE AMURRIO\"}]},{\"@type\":\"WebSite\",\"@id\":\"https:\/\/amurriobidean.org\/es\/#website\",\"url\":\"https:\/\/amurriobidean.org\/es\/\",\"name\":\"Amurrio Bidean. Garapen Agentzia - Agencia de desarrollo.\",\"description\":\"Agencia de Desarollo Local de Amurrio\",\"potentialAction\":[{\"@type\":\"SearchAction\",\"target\":{\"@type\":\"EntryPoint\",\"urlTemplate\":\"https:\/\/amurriobidean.org\/es\/?s={search_term_string}\"},\"query-input\":{\"@type\":\"PropertyValueSpecification\",\"valueRequired\":true,\"valueName\":\"search_term_string\"}}],\"inLanguage\":\"es\"},{\"@type\":\"Person\",\"@id\":\"https:\/\/amurriobidean.org\/es\/#\/schema\/person\/56c71b474b3e7f5f5e6f209a6cf3abfe\",\"name\":\"Amurrio Bidean\",\"image\":{\"@type\":\"ImageObject\",\"inLanguage\":\"es\",\"@id\":\"https:\/\/amurriobidean.org\/es\/#\/schema\/person\/image\/\",\"url\":\"https:\/\/secure.gravatar.com\/avatar\/84a34d50800d0bb5d80eba504fc44ed48c9b2faab16ad58fa7d30bce4e2b661e\",\"contentUrl\":\"https:\/\/secure.gravatar.com\/avatar\/84a34d50800d0bb5d80eba504fc44ed48c9b2faab16ad58fa7d30bce4e2b661e\",\"caption\":\"Amurrio Bidean\"},\"sameAs\":[\"http:\/\/www.amurriobidean.eus\"],\"url\":\"https:\/\/amurriobidean.org\/es\/author\/amurrio-bidean\/\"}]}<\/script>\n<!-- \/ Yoast SEO plugin. -->","yoast_head_json":{"title":"LA PERIODISTA DE ETB VANESSA S\u00c1NCHEZ EMBAJADORA DEL TXAKOLI DE \u00c1LAVA EN EL ARABAKO TXAKOLI EGUNA 2017 DE AMURRIO - Amurrio Bidean. Garapen Agentzia - Agencia de desarrollo.","robots":{"index":"index","follow":"follow","max-snippet":"max-snippet:-1","max-image-preview":"max-image-preview:large","max-video-preview":"max-video-preview:-1"},"canonical":"https:\/\/amurriobidean.org\/es\/la-periodista-etb-vanessa-sanchez-embajadora-del-txakoli-alava-arabako-txakoli-eguna-2017-amurrio\/","og_locale":"es_ES","og_type":"article","og_title":"LA PERIODISTA DE ETB VANESSA S\u00c1NCHEZ EMBAJADORA DEL TXAKOLI DE \u00c1LAVA EN EL ARABAKO TXAKOLI EGUNA 2017 DE AMURRIO - Amurrio Bidean. Garapen Agentzia - Agencia de desarrollo.","og_description":"\u00a0 El Arabako Txakoli Eguna 2017 se celebrar\u00e1 en Amurrio el domingo 21 de mayo con un completo programa de actividades que dar\u00e1 comienzo a las 11:30 de la ma\u00f1ana. El Arabako Txakoli Eguna 2017 tendr\u00e1 lugar en el Parque del GUK, en lugar de la tradicional Plaza Juan de Urrutia. La periodista y corresponsal [&hellip;]","og_url":"https:\/\/amurriobidean.org\/es\/la-periodista-etb-vanessa-sanchez-embajadora-del-txakoli-alava-arabako-txakoli-eguna-2017-amurrio\/","og_site_name":"Amurrio Bidean. Garapen Agentzia - Agencia de desarrollo.","article_publisher":"https:\/\/www.facebook.com\/amurrio.bidean","article_published_time":"2017-05-10T09:50:31+00:00","article_modified_time":"2017-05-10T09:57:09+00:00","og_image":[{"width":940,"height":788,"url":"https:\/\/amurriobidean.org\/wp-content\/uploads\/2017\/05\/This-time-it\u2019s-pho\u2019ever..png","type":"image\/png"}],"author":"Amurrio Bidean","twitter_card":"summary_large_image","twitter_creator":"@amurriobidean","twitter_site":"@amurriobidean","twitter_misc":{"Escrito por":"Amurrio Bidean","Tiempo de lectura":"3 minutos"},"schema":{"@context":"https:\/\/schema.org","@graph":[{"@type":"WebPage","@id":"https:\/\/amurriobidean.org\/es\/la-periodista-etb-vanessa-sanchez-embajadora-del-txakoli-alava-arabako-txakoli-eguna-2017-amurrio\/","url":"https:\/\/amurriobidean.org\/es\/la-periodista-etb-vanessa-sanchez-embajadora-del-txakoli-alava-arabako-txakoli-eguna-2017-amurrio\/","name":"LA PERIODISTA DE ETB VANESSA S\u00c1NCHEZ EMBAJADORA DEL TXAKOLI DE \u00c1LAVA EN EL ARABAKO TXAKOLI EGUNA 2017 DE AMURRIO - Amurrio Bidean. Garapen Agentzia - Agencia de desarrollo.","isPartOf":{"@id":"https:\/\/amurriobidean.org\/es\/#website"},"primaryImageOfPage":{"@id":"https:\/\/amurriobidean.org\/es\/la-periodista-etb-vanessa-sanchez-embajadora-del-txakoli-alava-arabako-txakoli-eguna-2017-amurrio\/#primaryimage"},"image":{"@id":"https:\/\/amurriobidean.org\/es\/la-periodista-etb-vanessa-sanchez-embajadora-del-txakoli-alava-arabako-txakoli-eguna-2017-amurrio\/#primaryimage"},"thumbnailUrl":"https:\/\/amurriobidean.org\/wp-content\/uploads\/2017\/05\/This-time-it\u2019s-pho\u2019ever..png","datePublished":"2017-05-10T09:50:31+00:00","dateModified":"2017-05-10T09:57:09+00:00","author":{"@id":"https:\/\/amurriobidean.org\/es\/#\/schema\/person\/56c71b474b3e7f5f5e6f209a6cf3abfe"},"breadcrumb":{"@id":"https:\/\/amurriobidean.org\/es\/la-periodista-etb-vanessa-sanchez-embajadora-del-txakoli-alava-arabako-txakoli-eguna-2017-amurrio\/#breadcrumb"},"inLanguage":"es","potentialAction":[{"@type":"ReadAction","target":["https:\/\/amurriobidean.org\/es\/la-periodista-etb-vanessa-sanchez-embajadora-del-txakoli-alava-arabako-txakoli-eguna-2017-amurrio\/"]}]},{"@type":"ImageObject","inLanguage":"es","@id":"https:\/\/amurriobidean.org\/es\/la-periodista-etb-vanessa-sanchez-embajadora-del-txakoli-alava-arabako-txakoli-eguna-2017-amurrio\/#primaryimage","url":"https:\/\/amurriobidean.org\/wp-content\/uploads\/2017\/05\/This-time-it\u2019s-pho\u2019ever..png","contentUrl":"https:\/\/amurriobidean.org\/wp-content\/uploads\/2017\/05\/This-time-it\u2019s-pho\u2019ever..png","width":940,"height":788},{"@type":"BreadcrumbList","@id":"https:\/\/amurriobidean.org\/es\/la-periodista-etb-vanessa-sanchez-embajadora-del-txakoli-alava-arabako-txakoli-eguna-2017-amurrio\/#breadcrumb","itemListElement":[{"@type":"ListItem","position":1,"name":"Portada","item":"https:\/\/amurriobidean.org\/es\/"},{"@type":"ListItem","position":2,"name":"LA PERIODISTA DE ETB VANESSA S\u00c1NCHEZ EMBAJADORA DEL TXAKOLI DE \u00c1LAVA EN EL ARABAKO TXAKOLI EGUNA 2017 DE AMURRIO"}]},{"@type":"WebSite","@id":"https:\/\/amurriobidean.org\/es\/#website","url":"https:\/\/amurriobidean.org\/es\/","name":"Amurrio Bidean. Garapen Agentzia - Agencia de desarrollo.","description":"Agencia de Desarollo Local de Amurrio","potentialAction":[{"@type":"SearchAction","target":{"@type":"EntryPoint","urlTemplate":"https:\/\/amurriobidean.org\/es\/?s={search_term_string}"},"query-input":{"@type":"PropertyValueSpecification","valueRequired":true,"valueName":"search_term_string"}}],"inLanguage":"es"},{"@type":"Person","@id":"https:\/\/amurriobidean.org\/es\/#\/schema\/person\/56c71b474b3e7f5f5e6f209a6cf3abfe","name":"Amurrio Bidean","image":{"@type":"ImageObject","inLanguage":"es","@id":"https:\/\/amurriobidean.org\/es\/#\/schema\/person\/image\/","url":"https:\/\/secure.gravatar.com\/avatar\/84a34d50800d0bb5d80eba504fc44ed48c9b2faab16ad58fa7d30bce4e2b661e","contentUrl":"https:\/\/secure.gravatar.com\/avatar\/84a34d50800d0bb5d80eba504fc44ed48c9b2faab16ad58fa7d30bce4e2b661e","caption":"Amurrio Bidean"},"sameAs":["http:\/\/www.amurriobidean.eus"],"url":"https:\/\/amurriobidean.org\/es\/author\/amurrio-bidean\/"}]}},"_links":{"self":[{"href":"https:\/\/amurriobidean.org\/es\/wp-json\/wp\/v2\/posts\/2141","targetHints":{"allow":["GET"]}}],"collection":[{"href":"https:\/\/amurriobidean.org\/es\/wp-json\/wp\/v2\/posts"}],"about":[{"href":"https:\/\/amurriobidean.org\/es\/wp-json\/wp\/v2\/types\/post"}],"author":[{"embeddable":true,"href":"https:\/\/amurriobidean.org\/es\/wp-json\/wp\/v2\/users\/2"}],"replies":[{"embeddable":true,"href":"https:\/\/amurriobidean.org\/es\/wp-json\/wp\/v2\/comments?post=2141"}],"version-history":[{"count":0,"href":"https:\/\/amurriobidean.org\/es\/wp-json\/wp\/v2\/posts\/2141\/revisions"}],"wp:featuredmedia":[{"embeddable":true,"href":"https:\/\/amurriobidean.org\/es\/wp-json\/wp\/v2\/media\/2138"}],"wp:attachment":[{"href":"https:\/\/amurriobidean.org\/es\/wp-json\/wp\/v2\/media?parent=2141"}],"wp:term":[{"taxonomy":"category","embeddable":true,"href":"https:\/\/amurriobidean.org\/es\/wp-json\/wp\/v2\/categories?post=2141"},{"taxonomy":"post_tag","embeddable":true,"href":"https:\/\/amurriobidean.org\/es\/wp-json\/wp\/v2\/tags?post=2141"}],"curies":[{"name":"wp","href":"https:\/\/api.w.org\/{rel}","templated":true}]}}