{"id":2077,"date":"2017-04-26T09:00:33","date_gmt":"2017-04-26T09:00:33","guid":{"rendered":"http:\/\/amurriobidean.eus\/okupatu-tailerraren-edizio-berria-lana-bilatzeko-gaitasunak-hobetzeko\/"},"modified":"2017-04-26T09:02:52","modified_gmt":"2017-04-26T09:02:52","slug":"okupatu-tailerraren-edizio-berria-lana-bilatzeko-gaitasunak-hobetzeko","status":"publish","type":"post","link":"https:\/\/amurriobidean.org\/es\/okupatu-tailerraren-edizio-berria-lana-bilatzeko-gaitasunak-hobetzeko\/","title":{"rendered":"Nueva Edici\u00f3n del Taller Okupatu para la mejora de habilidades en el proceso de b\u00fasqueda de empleo."},"content":{"rendered":"<p><strong>La Fundaci\u00f3n VITAL Fundazioa, a trav\u00e9s de la Cuadrilla de Ayala, subvenciona este taller que se desarrollar\u00e1 de 15 al 18 de mayo en Reforamurrio Enpresaldea.<\/strong><\/p>\n<p>Tras los buenos resultados obtenidos en ediciones anteriores se ha decidido programar un nuevo Taller Okupatu con el fin de trabajar habilidades y competencias que faciliten el proceso de b\u00fasqueda de empleo.<\/p>\n<p>Enfrentarse al proceso de buscar trabajo cada vez es m\u00e1s habitual en la vida profesional, bien porque la persona se encuentra en desempleo, bien porque est\u00e1 a la b\u00fasqueda de su primer trabajo o porque est\u00e1 buscando un empleo mejor pero \u00bfc\u00f3mo debemos hacerlo? En Okupatu se ofrecer\u00e1n a las personas asistentes herramientas para que a partir del autoconocimiento y el an\u00e1lisis de sus puntos fuertes y d\u00e9biles se marquen objetivos, planifiquen y desarrollen el proceso con las mayores garant\u00edas de \u00e9xito posibles fijando un itinerario personalizado. Se trata de centrar el proceso de b\u00fasqueda para que este sea m\u00e1s eficaz y acorde al perfil y necesidades de la persona.<\/p>\n<p>Para cada puesto de trabajo se requieren unos conocimientos y habilidades concretas que se avalan mediante la formaci\u00f3n o experiencia, pero las empresas cada vez valoran m\u00e1s las competencias transversales de las personas candidatas; como el autoconocimiento, la automotivaci\u00f3n, la responsabilidad, la gesti\u00f3n de expectativas, la orientaci\u00f3n al cambio, la toma de decisiones&#8230; Estas ser\u00e1n algunas de las competencias que se trabajar\u00e1n durante las tres primeras sesiones del taller. En la \u00faltima sesi\u00f3n se llevar\u00e1 a cabo una din\u00e1mica de entrevistas de trabajo donde se dar\u00e1n pautas y consejos pr\u00e1cticos individualizados que permitan afrontar este fase con una mayor seguridad y confianza.<\/p>\n<p>El taller se impartir\u00e1 de 9.00 a 13.00 h y las plazas son limitadas. Se dar\u00e1 prioridad a las personas desempleadas y residentes en Amurrio o el entorno de Ayala.<\/p>\n<p>Para inscribirse en el taller o ampliar informaci\u00f3n contactar con Amurrio Bidean en el tel\u00e9fono 945891721 o a trav\u00e9s del correo administracion@amurriobidean.org.<\/p>\n<p><a href=\"http:\/\/amurriobidean.eus\/wp-content\/uploads\/2017\/04\/Taller_OKUPATU_ficha.pdf\">Taller_OKUPATU_ficha<\/a><\/p>\n","protected":false},"excerpt":{"rendered":"<p>La Fundaci\u00f3n VITAL Fundazioa, a trav\u00e9s de la Cuadrilla de Ayala, subvenciona este taller que se desarrollar\u00e1 de 15 al 18 de mayo en Reforamurrio Enpresaldea. Tras los buenos resultados obtenidos en ediciones anteriores se ha decidido programar un nuevo Taller Okupatu con el fin de trabajar habilidades y competencias que faciliten el proceso de [&hellip;]<\/p>\n","protected":false},"author":2,"featured_media":2074,"comment_status":"closed","ping_status":"closed","sticky":false,"template":"","format":"standard","meta":{"footnotes":""},"categories":[28],"tags":[],"class_list":["post-2077","post","type-post","status-publish","format-standard","has-post-thumbnail","hentry","category-noticias"],"yoast_head":"<!-- This site is optimized with the Yoast SEO plugin v25.3 - https:\/\/yoast.com\/wordpress\/plugins\/seo\/ -->\n<title>Nueva Edici\u00f3n del Taller Okupatu para la mejora de habilidades en el proceso de b\u00fasqueda de empleo. - Amurrio Bidean. Garapen Agentzia - Agencia de desarrollo.<\/title>\n<meta name=\"robots\" content=\"index, follow, max-snippet:-1, max-image-preview:large, max-video-preview:-1\" \/>\n<link rel=\"canonical\" href=\"https:\/\/amurriobidean.org\/es\/okupatu-tailerraren-edizio-berria-lana-bilatzeko-gaitasunak-hobetzeko\/\" \/>\n<meta property=\"og:locale\" content=\"es_ES\" \/>\n<meta property=\"og:type\" content=\"article\" \/>\n<meta property=\"og:title\" content=\"Nueva Edici\u00f3n del Taller Okupatu para la mejora de habilidades en el proceso de b\u00fasqueda de empleo. - Amurrio Bidean. Garapen Agentzia - Agencia de desarrollo.\" \/>\n<meta property=\"og:description\" content=\"La Fundaci\u00f3n VITAL Fundazioa, a trav\u00e9s de la Cuadrilla de Ayala, subvenciona este taller que se desarrollar\u00e1 de 15 al 18 de mayo en Reforamurrio Enpresaldea. Tras los buenos resultados obtenidos en ediciones anteriores se ha decidido programar un nuevo Taller Okupatu con el fin de trabajar habilidades y competencias que faciliten el proceso de [&hellip;]\" \/>\n<meta property=\"og:url\" content=\"https:\/\/amurriobidean.org\/es\/okupatu-tailerraren-edizio-berria-lana-bilatzeko-gaitasunak-hobetzeko\/\" \/>\n<meta property=\"og:site_name\" content=\"Amurrio Bidean. Garapen Agentzia - Agencia de desarrollo.\" \/>\n<meta property=\"article:publisher\" content=\"https:\/\/www.facebook.com\/amurrio.bidean\" \/>\n<meta property=\"article:published_time\" content=\"2017-04-26T09:00:33+00:00\" \/>\n<meta property=\"article:modified_time\" content=\"2017-04-26T09:02:52+00:00\" \/>\n<meta property=\"og:image\" content=\"https:\/\/amurriobidean.org\/wp-content\/uploads\/2017\/04\/job-search-580299_960_720.png\" \/>\n\t<meta property=\"og:image:width\" content=\"960\" \/>\n\t<meta property=\"og:image:height\" content=\"678\" \/>\n\t<meta property=\"og:image:type\" content=\"image\/png\" \/>\n<meta name=\"author\" content=\"Amurrio Bidean\" \/>\n<meta name=\"twitter:card\" content=\"summary_large_image\" \/>\n<meta name=\"twitter:creator\" content=\"@amurriobidean\" \/>\n<meta name=\"twitter:site\" content=\"@amurriobidean\" \/>\n<meta name=\"twitter:label1\" content=\"Escrito por\" \/>\n\t<meta name=\"twitter:data1\" content=\"Amurrio Bidean\" \/>\n\t<meta name=\"twitter:label2\" content=\"Tiempo de lectura\" \/>\n\t<meta name=\"twitter:data2\" content=\"2 minutos\" \/>\n<script type=\"application\/ld+json\" class=\"yoast-schema-graph\">{\"@context\":\"https:\/\/schema.org\",\"@graph\":[{\"@type\":\"WebPage\",\"@id\":\"https:\/\/amurriobidean.org\/es\/okupatu-tailerraren-edizio-berria-lana-bilatzeko-gaitasunak-hobetzeko\/\",\"url\":\"https:\/\/amurriobidean.org\/es\/okupatu-tailerraren-edizio-berria-lana-bilatzeko-gaitasunak-hobetzeko\/\",\"name\":\"Nueva Edici\u00f3n del Taller Okupatu para la mejora de habilidades en el proceso de b\u00fasqueda de empleo. - Amurrio Bidean. Garapen Agentzia - Agencia de desarrollo.\",\"isPartOf\":{\"@id\":\"https:\/\/amurriobidean.org\/es\/#website\"},\"primaryImageOfPage\":{\"@id\":\"https:\/\/amurriobidean.org\/es\/okupatu-tailerraren-edizio-berria-lana-bilatzeko-gaitasunak-hobetzeko\/#primaryimage\"},\"image\":{\"@id\":\"https:\/\/amurriobidean.org\/es\/okupatu-tailerraren-edizio-berria-lana-bilatzeko-gaitasunak-hobetzeko\/#primaryimage\"},\"thumbnailUrl\":\"https:\/\/amurriobidean.org\/wp-content\/uploads\/2017\/04\/job-search-580299_960_720.png\",\"datePublished\":\"2017-04-26T09:00:33+00:00\",\"dateModified\":\"2017-04-26T09:02:52+00:00\",\"author\":{\"@id\":\"https:\/\/amurriobidean.org\/es\/#\/schema\/person\/56c71b474b3e7f5f5e6f209a6cf3abfe\"},\"breadcrumb\":{\"@id\":\"https:\/\/amurriobidean.org\/es\/okupatu-tailerraren-edizio-berria-lana-bilatzeko-gaitasunak-hobetzeko\/#breadcrumb\"},\"inLanguage\":\"es\",\"potentialAction\":[{\"@type\":\"ReadAction\",\"target\":[\"https:\/\/amurriobidean.org\/es\/okupatu-tailerraren-edizio-berria-lana-bilatzeko-gaitasunak-hobetzeko\/\"]}]},{\"@type\":\"ImageObject\",\"inLanguage\":\"es\",\"@id\":\"https:\/\/amurriobidean.org\/es\/okupatu-tailerraren-edizio-berria-lana-bilatzeko-gaitasunak-hobetzeko\/#primaryimage\",\"url\":\"https:\/\/amurriobidean.org\/wp-content\/uploads\/2017\/04\/job-search-580299_960_720.png\",\"contentUrl\":\"https:\/\/amurriobidean.org\/wp-content\/uploads\/2017\/04\/job-search-580299_960_720.png\",\"width\":960,\"height\":678},{\"@type\":\"BreadcrumbList\",\"@id\":\"https:\/\/amurriobidean.org\/es\/okupatu-tailerraren-edizio-berria-lana-bilatzeko-gaitasunak-hobetzeko\/#breadcrumb\",\"itemListElement\":[{\"@type\":\"ListItem\",\"position\":1,\"name\":\"Portada\",\"item\":\"https:\/\/amurriobidean.org\/es\/\"},{\"@type\":\"ListItem\",\"position\":2,\"name\":\"Nueva Edici\u00f3n del Taller Okupatu para la mejora de habilidades en el proceso de b\u00fasqueda de empleo.\"}]},{\"@type\":\"WebSite\",\"@id\":\"https:\/\/amurriobidean.org\/es\/#website\",\"url\":\"https:\/\/amurriobidean.org\/es\/\",\"name\":\"Amurrio Bidean. Garapen Agentzia - Agencia de desarrollo.\",\"description\":\"Agencia de Desarollo Local de Amurrio\",\"potentialAction\":[{\"@type\":\"SearchAction\",\"target\":{\"@type\":\"EntryPoint\",\"urlTemplate\":\"https:\/\/amurriobidean.org\/es\/?s={search_term_string}\"},\"query-input\":{\"@type\":\"PropertyValueSpecification\",\"valueRequired\":true,\"valueName\":\"search_term_string\"}}],\"inLanguage\":\"es\"},{\"@type\":\"Person\",\"@id\":\"https:\/\/amurriobidean.org\/es\/#\/schema\/person\/56c71b474b3e7f5f5e6f209a6cf3abfe\",\"name\":\"Amurrio Bidean\",\"image\":{\"@type\":\"ImageObject\",\"inLanguage\":\"es\",\"@id\":\"https:\/\/amurriobidean.org\/es\/#\/schema\/person\/image\/\",\"url\":\"https:\/\/secure.gravatar.com\/avatar\/84a34d50800d0bb5d80eba504fc44ed48c9b2faab16ad58fa7d30bce4e2b661e\",\"contentUrl\":\"https:\/\/secure.gravatar.com\/avatar\/84a34d50800d0bb5d80eba504fc44ed48c9b2faab16ad58fa7d30bce4e2b661e\",\"caption\":\"Amurrio Bidean\"},\"sameAs\":[\"http:\/\/www.amurriobidean.eus\"],\"url\":\"https:\/\/amurriobidean.org\/es\/author\/amurrio-bidean\/\"}]}<\/script>\n<!-- \/ Yoast SEO plugin. -->","yoast_head_json":{"title":"Nueva Edici\u00f3n del Taller Okupatu para la mejora de habilidades en el proceso de b\u00fasqueda de empleo. - Amurrio Bidean. Garapen Agentzia - Agencia de desarrollo.","robots":{"index":"index","follow":"follow","max-snippet":"max-snippet:-1","max-image-preview":"max-image-preview:large","max-video-preview":"max-video-preview:-1"},"canonical":"https:\/\/amurriobidean.org\/es\/okupatu-tailerraren-edizio-berria-lana-bilatzeko-gaitasunak-hobetzeko\/","og_locale":"es_ES","og_type":"article","og_title":"Nueva Edici\u00f3n del Taller Okupatu para la mejora de habilidades en el proceso de b\u00fasqueda de empleo. - Amurrio Bidean. Garapen Agentzia - Agencia de desarrollo.","og_description":"La Fundaci\u00f3n VITAL Fundazioa, a trav\u00e9s de la Cuadrilla de Ayala, subvenciona este taller que se desarrollar\u00e1 de 15 al 18 de mayo en Reforamurrio Enpresaldea. Tras los buenos resultados obtenidos en ediciones anteriores se ha decidido programar un nuevo Taller Okupatu con el fin de trabajar habilidades y competencias que faciliten el proceso de [&hellip;]","og_url":"https:\/\/amurriobidean.org\/es\/okupatu-tailerraren-edizio-berria-lana-bilatzeko-gaitasunak-hobetzeko\/","og_site_name":"Amurrio Bidean. Garapen Agentzia - Agencia de desarrollo.","article_publisher":"https:\/\/www.facebook.com\/amurrio.bidean","article_published_time":"2017-04-26T09:00:33+00:00","article_modified_time":"2017-04-26T09:02:52+00:00","og_image":[{"width":960,"height":678,"url":"https:\/\/amurriobidean.org\/wp-content\/uploads\/2017\/04\/job-search-580299_960_720.png","type":"image\/png"}],"author":"Amurrio Bidean","twitter_card":"summary_large_image","twitter_creator":"@amurriobidean","twitter_site":"@amurriobidean","twitter_misc":{"Escrito por":"Amurrio Bidean","Tiempo de lectura":"2 minutos"},"schema":{"@context":"https:\/\/schema.org","@graph":[{"@type":"WebPage","@id":"https:\/\/amurriobidean.org\/es\/okupatu-tailerraren-edizio-berria-lana-bilatzeko-gaitasunak-hobetzeko\/","url":"https:\/\/amurriobidean.org\/es\/okupatu-tailerraren-edizio-berria-lana-bilatzeko-gaitasunak-hobetzeko\/","name":"Nueva Edici\u00f3n del Taller Okupatu para la mejora de habilidades en el proceso de b\u00fasqueda de empleo. - Amurrio Bidean. Garapen Agentzia - Agencia de desarrollo.","isPartOf":{"@id":"https:\/\/amurriobidean.org\/es\/#website"},"primaryImageOfPage":{"@id":"https:\/\/amurriobidean.org\/es\/okupatu-tailerraren-edizio-berria-lana-bilatzeko-gaitasunak-hobetzeko\/#primaryimage"},"image":{"@id":"https:\/\/amurriobidean.org\/es\/okupatu-tailerraren-edizio-berria-lana-bilatzeko-gaitasunak-hobetzeko\/#primaryimage"},"thumbnailUrl":"https:\/\/amurriobidean.org\/wp-content\/uploads\/2017\/04\/job-search-580299_960_720.png","datePublished":"2017-04-26T09:00:33+00:00","dateModified":"2017-04-26T09:02:52+00:00","author":{"@id":"https:\/\/amurriobidean.org\/es\/#\/schema\/person\/56c71b474b3e7f5f5e6f209a6cf3abfe"},"breadcrumb":{"@id":"https:\/\/amurriobidean.org\/es\/okupatu-tailerraren-edizio-berria-lana-bilatzeko-gaitasunak-hobetzeko\/#breadcrumb"},"inLanguage":"es","potentialAction":[{"@type":"ReadAction","target":["https:\/\/amurriobidean.org\/es\/okupatu-tailerraren-edizio-berria-lana-bilatzeko-gaitasunak-hobetzeko\/"]}]},{"@type":"ImageObject","inLanguage":"es","@id":"https:\/\/amurriobidean.org\/es\/okupatu-tailerraren-edizio-berria-lana-bilatzeko-gaitasunak-hobetzeko\/#primaryimage","url":"https:\/\/amurriobidean.org\/wp-content\/uploads\/2017\/04\/job-search-580299_960_720.png","contentUrl":"https:\/\/amurriobidean.org\/wp-content\/uploads\/2017\/04\/job-search-580299_960_720.png","width":960,"height":678},{"@type":"BreadcrumbList","@id":"https:\/\/amurriobidean.org\/es\/okupatu-tailerraren-edizio-berria-lana-bilatzeko-gaitasunak-hobetzeko\/#breadcrumb","itemListElement":[{"@type":"ListItem","position":1,"name":"Portada","item":"https:\/\/amurriobidean.org\/es\/"},{"@type":"ListItem","position":2,"name":"Nueva Edici\u00f3n del Taller Okupatu para la mejora de habilidades en el proceso de b\u00fasqueda de empleo."}]},{"@type":"WebSite","@id":"https:\/\/amurriobidean.org\/es\/#website","url":"https:\/\/amurriobidean.org\/es\/","name":"Amurrio Bidean. Garapen Agentzia - Agencia de desarrollo.","description":"Agencia de Desarollo Local de Amurrio","potentialAction":[{"@type":"SearchAction","target":{"@type":"EntryPoint","urlTemplate":"https:\/\/amurriobidean.org\/es\/?s={search_term_string}"},"query-input":{"@type":"PropertyValueSpecification","valueRequired":true,"valueName":"search_term_string"}}],"inLanguage":"es"},{"@type":"Person","@id":"https:\/\/amurriobidean.org\/es\/#\/schema\/person\/56c71b474b3e7f5f5e6f209a6cf3abfe","name":"Amurrio Bidean","image":{"@type":"ImageObject","inLanguage":"es","@id":"https:\/\/amurriobidean.org\/es\/#\/schema\/person\/image\/","url":"https:\/\/secure.gravatar.com\/avatar\/84a34d50800d0bb5d80eba504fc44ed48c9b2faab16ad58fa7d30bce4e2b661e","contentUrl":"https:\/\/secure.gravatar.com\/avatar\/84a34d50800d0bb5d80eba504fc44ed48c9b2faab16ad58fa7d30bce4e2b661e","caption":"Amurrio Bidean"},"sameAs":["http:\/\/www.amurriobidean.eus"],"url":"https:\/\/amurriobidean.org\/es\/author\/amurrio-bidean\/"}]}},"_links":{"self":[{"href":"https:\/\/amurriobidean.org\/es\/wp-json\/wp\/v2\/posts\/2077","targetHints":{"allow":["GET"]}}],"collection":[{"href":"https:\/\/amurriobidean.org\/es\/wp-json\/wp\/v2\/posts"}],"about":[{"href":"https:\/\/amurriobidean.org\/es\/wp-json\/wp\/v2\/types\/post"}],"author":[{"embeddable":true,"href":"https:\/\/amurriobidean.org\/es\/wp-json\/wp\/v2\/users\/2"}],"replies":[{"embeddable":true,"href":"https:\/\/amurriobidean.org\/es\/wp-json\/wp\/v2\/comments?post=2077"}],"version-history":[{"count":0,"href":"https:\/\/amurriobidean.org\/es\/wp-json\/wp\/v2\/posts\/2077\/revisions"}],"wp:featuredmedia":[{"embeddable":true,"href":"https:\/\/amurriobidean.org\/es\/wp-json\/wp\/v2\/media\/2074"}],"wp:attachment":[{"href":"https:\/\/amurriobidean.org\/es\/wp-json\/wp\/v2\/media?parent=2077"}],"wp:term":[{"taxonomy":"category","embeddable":true,"href":"https:\/\/amurriobidean.org\/es\/wp-json\/wp\/v2\/categories?post=2077"},{"taxonomy":"post_tag","embeddable":true,"href":"https:\/\/amurriobidean.org\/es\/wp-json\/wp\/v2\/tags?post=2077"}],"curies":[{"name":"wp","href":"https:\/\/api.w.org\/{rel}","templated":true}]}}