{"id":2022,"date":"2017-03-29T09:21:35","date_gmt":"2017-03-29T09:21:35","guid":{"rendered":"http:\/\/amurriobidean.eus\/aiarako-demola-proiektuaren-amaierako-ekitaldia-egingo-da-martxoaren-30ean-reforren\/"},"modified":"2017-03-29T09:29:57","modified_gmt":"2017-03-29T09:29:57","slug":"aiarako-demola-proiektuaren-amaierako-ekitaldia-egingo-da-martxoaren-30ean-reforren","status":"publish","type":"post","link":"https:\/\/amurriobidean.org\/es\/aiarako-demola-proiektuaren-amaierako-ekitaldia-egingo-da-martxoaren-30ean-reforren\/","title":{"rendered":"El Refor celebrar\u00e1 el pr\u00f3ximo 30 de marzo evento final del proyecto Aiarako_Demola"},"content":{"rendered":"<ul>\n<li>En este proyecto experimental basado en la creaci\u00f3n abierta han participado 18 j\u00f3venes, 3 empresas, 3 centros formativos y distintos agentes<\/li>\n<li>El proyecto\u00a0<strong>Aiarako Demola\u00a0\u00a0<\/strong>ha sido la <strong>primera experiencia en<\/strong> <strong>Amurrio<\/strong> basada en la\u00a0<strong>innovaci\u00f3n abierta, dirigida a responder a retos empresariales.\u00a0<\/strong><\/li>\n<\/ul>\n<p>El proyecto de Innovaci\u00f3n Abierta y co-creaci\u00f3n pionero en \u00c1lava promovido\/organizado\u00a0 por la Cuadrilla de Ayala \/ Aiarako Kuadrilla y que\u00a0 cuenta con la subvenci\u00f3n de la Diputaci\u00f3n Foral de \u00c1lava finaliza su actividad con la presentaci\u00f3n de resultados y DEMOS este pr\u00f3ximo jueves a las 10:30 en el Refor<\/p>\n<p>El proyecto\u00a0<strong>Aiarako Demola\u00a0\u00a0<\/strong>ha sido la primera experiencia en Amurrio basada en la\u00a0<strong>innovaci\u00f3n abierta, dirigida a responder a retos empresariales.\u00a0<\/strong>Mediante la creaci\u00f3n de equipos de j\u00f3venes en formaci\u00f3n con diferentes perfiles, estos grupos han dado respuesta a los diferentes retos definidos por las empresas participantes en el proyecto.\u00a0La innovaci\u00f3n abierta\u00a0es una nueva estrategia de innovaci\u00f3n, donde la\u00a0cooperaci\u00f3n pasa a tener un papel fundamental y se est\u00e1 convirtiendo en algo fundamental para el desarrollo territorial.<\/p>\n<p><strong>Aiarako\u00a0 Demola, como proyecto experimental<\/strong>,\u00a0 arroja, a falta de la evaluaci\u00f3n y validaci\u00f3n, los siguientes <strong>resultados:<\/strong><\/p>\n<ul>\n<li>Lanzamiento de\u00a0tres equipos de innovaci\u00f3n\u00a0compuestos \u2013cada uno- por 5 &#8211; 6 j\u00f3venes estudiantes de diferentes disciplinas (equipos h\u00edbridos) que fueron facilitados por profesionales con una metodolog\u00eda \u201copen innovation\u201d. Un total de\u00a018 j\u00f3venes han participado en el proyecto.<\/li>\n<li>Para llegar a estos grupos de estudiantes,\u00a0se ha involucrado a tres centros educativos de Formaci\u00f3n Profesional del territorio.<\/li>\n<\/ul>\n<ul>\n<li>Tres empresas han participado definiendo retos a los y las alumnas: Aialur, Artoma\u00f1a Txakolina e Iparnature.<\/li>\n<\/ul>\n<ul>\n<li>Se han co-creado demos\/prototipos en respuesta a tres retos.<strong>\u00a0<\/strong><\/li>\n<\/ul>\n<ul>\n<li><strong>DEMOLA BASQUE COUNTRY ha facilitado sus conocimientos,<\/strong> metodolog\u00eda y herramientas.<\/li>\n<\/ul>\n<ul>\n<li>El impulsor del proyecto, la Cuadrilla de Ayala\/ Aiarako Kuadrilla,<strong>ha tenido a Fondo Formaci\u00f3n Euskadi como compa\u00f1ero de viaje a lo largo del proyecto.<\/strong><\/li>\n<\/ul>\n<ul>\n<li>El proyecto ha contado con la<strong>financiaci\u00f3n\u00a0<\/strong>del departamento de Promoci\u00f3n Econ\u00f3mica, Medio Rural y Equilibrio Territorial\u00a0de la\u00a0<strong>Diputaci\u00f3n Foral de \u00c1lava.<\/strong><\/li>\n<\/ul>\n<ul>\n<li>Desarrollado y aplicado una<strong>metodolog\u00eda de trabajo que, bajo la premisa de la innovaci\u00f3n, es\u00a0 colaborativa y participativa.<\/strong><\/li>\n<\/ul>\n<p>&nbsp;<\/p>\n","protected":false},"excerpt":{"rendered":"<p>En este proyecto experimental basado en la creaci\u00f3n abierta han participado 18 j\u00f3venes, 3 empresas, 3 centros formativos y distintos agentes El proyecto\u00a0Aiarako Demola\u00a0\u00a0ha sido la primera experiencia en Amurrio basada en la\u00a0innovaci\u00f3n abierta, dirigida a responder a retos empresariales.\u00a0 El proyecto de Innovaci\u00f3n Abierta y co-creaci\u00f3n pionero en \u00c1lava promovido\/organizado\u00a0 por la Cuadrilla de [&hellip;]<\/p>\n","protected":false},"author":2,"featured_media":2019,"comment_status":"closed","ping_status":"closed","sticky":false,"template":"","format":"standard","meta":{"footnotes":""},"categories":[28],"tags":[],"class_list":["post-2022","post","type-post","status-publish","format-standard","has-post-thumbnail","hentry","category-noticias"],"yoast_head":"<!-- This site is optimized with the Yoast SEO plugin v25.3 - https:\/\/yoast.com\/wordpress\/plugins\/seo\/ -->\n<title>El Refor celebrar\u00e1 el pr\u00f3ximo 30 de marzo evento final del proyecto Aiarako_Demola - Amurrio Bidean. Garapen Agentzia - Agencia de desarrollo.<\/title>\n<meta name=\"robots\" content=\"index, follow, max-snippet:-1, max-image-preview:large, max-video-preview:-1\" \/>\n<link rel=\"canonical\" href=\"https:\/\/amurriobidean.org\/es\/aiarako-demola-proiektuaren-amaierako-ekitaldia-egingo-da-martxoaren-30ean-reforren\/\" \/>\n<meta property=\"og:locale\" content=\"es_ES\" \/>\n<meta property=\"og:type\" content=\"article\" \/>\n<meta property=\"og:title\" content=\"El Refor celebrar\u00e1 el pr\u00f3ximo 30 de marzo evento final del proyecto Aiarako_Demola - Amurrio Bidean. Garapen Agentzia - Agencia de desarrollo.\" \/>\n<meta property=\"og:description\" content=\"En este proyecto experimental basado en la creaci\u00f3n abierta han participado 18 j\u00f3venes, 3 empresas, 3 centros formativos y distintos agentes El proyecto\u00a0Aiarako Demola\u00a0\u00a0ha sido la primera experiencia en Amurrio basada en la\u00a0innovaci\u00f3n abierta, dirigida a responder a retos empresariales.\u00a0 El proyecto de Innovaci\u00f3n Abierta y co-creaci\u00f3n pionero en \u00c1lava promovido\/organizado\u00a0 por la Cuadrilla de [&hellip;]\" \/>\n<meta property=\"og:url\" content=\"https:\/\/amurriobidean.org\/es\/aiarako-demola-proiektuaren-amaierako-ekitaldia-egingo-da-martxoaren-30ean-reforren\/\" \/>\n<meta property=\"og:site_name\" content=\"Amurrio Bidean. Garapen Agentzia - Agencia de desarrollo.\" \/>\n<meta property=\"article:publisher\" content=\"https:\/\/www.facebook.com\/amurrio.bidean\" \/>\n<meta property=\"article:published_time\" content=\"2017-03-29T09:21:35+00:00\" \/>\n<meta property=\"article:modified_time\" content=\"2017-03-29T09:29:57+00:00\" \/>\n<meta property=\"og:image\" content=\"https:\/\/amurriobidean.org\/wp-content\/uploads\/2017\/03\/demola-illustration-1.png\" \/>\n\t<meta property=\"og:image:width\" content=\"350\" \/>\n\t<meta property=\"og:image:height\" content=\"148\" \/>\n\t<meta property=\"og:image:type\" content=\"image\/png\" \/>\n<meta name=\"author\" content=\"Amurrio Bidean\" \/>\n<meta name=\"twitter:card\" content=\"summary_large_image\" \/>\n<meta name=\"twitter:creator\" content=\"@amurriobidean\" \/>\n<meta name=\"twitter:site\" content=\"@amurriobidean\" \/>\n<meta name=\"twitter:label1\" content=\"Escrito por\" \/>\n\t<meta name=\"twitter:data1\" content=\"Amurrio Bidean\" \/>\n\t<meta name=\"twitter:label2\" content=\"Tiempo de lectura\" \/>\n\t<meta name=\"twitter:data2\" content=\"2 minutos\" \/>\n<script type=\"application\/ld+json\" class=\"yoast-schema-graph\">{\"@context\":\"https:\/\/schema.org\",\"@graph\":[{\"@type\":\"WebPage\",\"@id\":\"https:\/\/amurriobidean.org\/es\/aiarako-demola-proiektuaren-amaierako-ekitaldia-egingo-da-martxoaren-30ean-reforren\/\",\"url\":\"https:\/\/amurriobidean.org\/es\/aiarako-demola-proiektuaren-amaierako-ekitaldia-egingo-da-martxoaren-30ean-reforren\/\",\"name\":\"El Refor celebrar\u00e1 el pr\u00f3ximo 30 de marzo evento final del proyecto Aiarako_Demola - Amurrio Bidean. Garapen Agentzia - Agencia de desarrollo.\",\"isPartOf\":{\"@id\":\"https:\/\/amurriobidean.org\/es\/#website\"},\"primaryImageOfPage\":{\"@id\":\"https:\/\/amurriobidean.org\/es\/aiarako-demola-proiektuaren-amaierako-ekitaldia-egingo-da-martxoaren-30ean-reforren\/#primaryimage\"},\"image\":{\"@id\":\"https:\/\/amurriobidean.org\/es\/aiarako-demola-proiektuaren-amaierako-ekitaldia-egingo-da-martxoaren-30ean-reforren\/#primaryimage\"},\"thumbnailUrl\":\"https:\/\/amurriobidean.org\/wp-content\/uploads\/2017\/03\/demola-illustration-1.png\",\"datePublished\":\"2017-03-29T09:21:35+00:00\",\"dateModified\":\"2017-03-29T09:29:57+00:00\",\"author\":{\"@id\":\"https:\/\/amurriobidean.org\/es\/#\/schema\/person\/56c71b474b3e7f5f5e6f209a6cf3abfe\"},\"breadcrumb\":{\"@id\":\"https:\/\/amurriobidean.org\/es\/aiarako-demola-proiektuaren-amaierako-ekitaldia-egingo-da-martxoaren-30ean-reforren\/#breadcrumb\"},\"inLanguage\":\"es\",\"potentialAction\":[{\"@type\":\"ReadAction\",\"target\":[\"https:\/\/amurriobidean.org\/es\/aiarako-demola-proiektuaren-amaierako-ekitaldia-egingo-da-martxoaren-30ean-reforren\/\"]}]},{\"@type\":\"ImageObject\",\"inLanguage\":\"es\",\"@id\":\"https:\/\/amurriobidean.org\/es\/aiarako-demola-proiektuaren-amaierako-ekitaldia-egingo-da-martxoaren-30ean-reforren\/#primaryimage\",\"url\":\"https:\/\/amurriobidean.org\/wp-content\/uploads\/2017\/03\/demola-illustration-1.png\",\"contentUrl\":\"https:\/\/amurriobidean.org\/wp-content\/uploads\/2017\/03\/demola-illustration-1.png\",\"width\":350,\"height\":148},{\"@type\":\"BreadcrumbList\",\"@id\":\"https:\/\/amurriobidean.org\/es\/aiarako-demola-proiektuaren-amaierako-ekitaldia-egingo-da-martxoaren-30ean-reforren\/#breadcrumb\",\"itemListElement\":[{\"@type\":\"ListItem\",\"position\":1,\"name\":\"Portada\",\"item\":\"https:\/\/amurriobidean.org\/es\/\"},{\"@type\":\"ListItem\",\"position\":2,\"name\":\"El Refor celebrar\u00e1 el pr\u00f3ximo 30 de marzo evento final del proyecto Aiarako_Demola\"}]},{\"@type\":\"WebSite\",\"@id\":\"https:\/\/amurriobidean.org\/es\/#website\",\"url\":\"https:\/\/amurriobidean.org\/es\/\",\"name\":\"Amurrio Bidean. Garapen Agentzia - Agencia de desarrollo.\",\"description\":\"Agencia de Desarollo Local de Amurrio\",\"potentialAction\":[{\"@type\":\"SearchAction\",\"target\":{\"@type\":\"EntryPoint\",\"urlTemplate\":\"https:\/\/amurriobidean.org\/es\/?s={search_term_string}\"},\"query-input\":{\"@type\":\"PropertyValueSpecification\",\"valueRequired\":true,\"valueName\":\"search_term_string\"}}],\"inLanguage\":\"es\"},{\"@type\":\"Person\",\"@id\":\"https:\/\/amurriobidean.org\/es\/#\/schema\/person\/56c71b474b3e7f5f5e6f209a6cf3abfe\",\"name\":\"Amurrio Bidean\",\"image\":{\"@type\":\"ImageObject\",\"inLanguage\":\"es\",\"@id\":\"https:\/\/amurriobidean.org\/es\/#\/schema\/person\/image\/\",\"url\":\"https:\/\/secure.gravatar.com\/avatar\/84a34d50800d0bb5d80eba504fc44ed48c9b2faab16ad58fa7d30bce4e2b661e\",\"contentUrl\":\"https:\/\/secure.gravatar.com\/avatar\/84a34d50800d0bb5d80eba504fc44ed48c9b2faab16ad58fa7d30bce4e2b661e\",\"caption\":\"Amurrio Bidean\"},\"sameAs\":[\"http:\/\/www.amurriobidean.eus\"],\"url\":\"https:\/\/amurriobidean.org\/es\/author\/amurrio-bidean\/\"}]}<\/script>\n<!-- \/ Yoast SEO plugin. -->","yoast_head_json":{"title":"El Refor celebrar\u00e1 el pr\u00f3ximo 30 de marzo evento final del proyecto Aiarako_Demola - Amurrio Bidean. Garapen Agentzia - Agencia de desarrollo.","robots":{"index":"index","follow":"follow","max-snippet":"max-snippet:-1","max-image-preview":"max-image-preview:large","max-video-preview":"max-video-preview:-1"},"canonical":"https:\/\/amurriobidean.org\/es\/aiarako-demola-proiektuaren-amaierako-ekitaldia-egingo-da-martxoaren-30ean-reforren\/","og_locale":"es_ES","og_type":"article","og_title":"El Refor celebrar\u00e1 el pr\u00f3ximo 30 de marzo evento final del proyecto Aiarako_Demola - Amurrio Bidean. Garapen Agentzia - Agencia de desarrollo.","og_description":"En este proyecto experimental basado en la creaci\u00f3n abierta han participado 18 j\u00f3venes, 3 empresas, 3 centros formativos y distintos agentes El proyecto\u00a0Aiarako Demola\u00a0\u00a0ha sido la primera experiencia en Amurrio basada en la\u00a0innovaci\u00f3n abierta, dirigida a responder a retos empresariales.\u00a0 El proyecto de Innovaci\u00f3n Abierta y co-creaci\u00f3n pionero en \u00c1lava promovido\/organizado\u00a0 por la Cuadrilla de [&hellip;]","og_url":"https:\/\/amurriobidean.org\/es\/aiarako-demola-proiektuaren-amaierako-ekitaldia-egingo-da-martxoaren-30ean-reforren\/","og_site_name":"Amurrio Bidean. Garapen Agentzia - Agencia de desarrollo.","article_publisher":"https:\/\/www.facebook.com\/amurrio.bidean","article_published_time":"2017-03-29T09:21:35+00:00","article_modified_time":"2017-03-29T09:29:57+00:00","og_image":[{"width":350,"height":148,"url":"https:\/\/amurriobidean.org\/wp-content\/uploads\/2017\/03\/demola-illustration-1.png","type":"image\/png"}],"author":"Amurrio Bidean","twitter_card":"summary_large_image","twitter_creator":"@amurriobidean","twitter_site":"@amurriobidean","twitter_misc":{"Escrito por":"Amurrio Bidean","Tiempo de lectura":"2 minutos"},"schema":{"@context":"https:\/\/schema.org","@graph":[{"@type":"WebPage","@id":"https:\/\/amurriobidean.org\/es\/aiarako-demola-proiektuaren-amaierako-ekitaldia-egingo-da-martxoaren-30ean-reforren\/","url":"https:\/\/amurriobidean.org\/es\/aiarako-demola-proiektuaren-amaierako-ekitaldia-egingo-da-martxoaren-30ean-reforren\/","name":"El Refor celebrar\u00e1 el pr\u00f3ximo 30 de marzo evento final del proyecto Aiarako_Demola - Amurrio Bidean. Garapen Agentzia - Agencia de desarrollo.","isPartOf":{"@id":"https:\/\/amurriobidean.org\/es\/#website"},"primaryImageOfPage":{"@id":"https:\/\/amurriobidean.org\/es\/aiarako-demola-proiektuaren-amaierako-ekitaldia-egingo-da-martxoaren-30ean-reforren\/#primaryimage"},"image":{"@id":"https:\/\/amurriobidean.org\/es\/aiarako-demola-proiektuaren-amaierako-ekitaldia-egingo-da-martxoaren-30ean-reforren\/#primaryimage"},"thumbnailUrl":"https:\/\/amurriobidean.org\/wp-content\/uploads\/2017\/03\/demola-illustration-1.png","datePublished":"2017-03-29T09:21:35+00:00","dateModified":"2017-03-29T09:29:57+00:00","author":{"@id":"https:\/\/amurriobidean.org\/es\/#\/schema\/person\/56c71b474b3e7f5f5e6f209a6cf3abfe"},"breadcrumb":{"@id":"https:\/\/amurriobidean.org\/es\/aiarako-demola-proiektuaren-amaierako-ekitaldia-egingo-da-martxoaren-30ean-reforren\/#breadcrumb"},"inLanguage":"es","potentialAction":[{"@type":"ReadAction","target":["https:\/\/amurriobidean.org\/es\/aiarako-demola-proiektuaren-amaierako-ekitaldia-egingo-da-martxoaren-30ean-reforren\/"]}]},{"@type":"ImageObject","inLanguage":"es","@id":"https:\/\/amurriobidean.org\/es\/aiarako-demola-proiektuaren-amaierako-ekitaldia-egingo-da-martxoaren-30ean-reforren\/#primaryimage","url":"https:\/\/amurriobidean.org\/wp-content\/uploads\/2017\/03\/demola-illustration-1.png","contentUrl":"https:\/\/amurriobidean.org\/wp-content\/uploads\/2017\/03\/demola-illustration-1.png","width":350,"height":148},{"@type":"BreadcrumbList","@id":"https:\/\/amurriobidean.org\/es\/aiarako-demola-proiektuaren-amaierako-ekitaldia-egingo-da-martxoaren-30ean-reforren\/#breadcrumb","itemListElement":[{"@type":"ListItem","position":1,"name":"Portada","item":"https:\/\/amurriobidean.org\/es\/"},{"@type":"ListItem","position":2,"name":"El Refor celebrar\u00e1 el pr\u00f3ximo 30 de marzo evento final del proyecto Aiarako_Demola"}]},{"@type":"WebSite","@id":"https:\/\/amurriobidean.org\/es\/#website","url":"https:\/\/amurriobidean.org\/es\/","name":"Amurrio Bidean. Garapen Agentzia - Agencia de desarrollo.","description":"Agencia de Desarollo Local de Amurrio","potentialAction":[{"@type":"SearchAction","target":{"@type":"EntryPoint","urlTemplate":"https:\/\/amurriobidean.org\/es\/?s={search_term_string}"},"query-input":{"@type":"PropertyValueSpecification","valueRequired":true,"valueName":"search_term_string"}}],"inLanguage":"es"},{"@type":"Person","@id":"https:\/\/amurriobidean.org\/es\/#\/schema\/person\/56c71b474b3e7f5f5e6f209a6cf3abfe","name":"Amurrio Bidean","image":{"@type":"ImageObject","inLanguage":"es","@id":"https:\/\/amurriobidean.org\/es\/#\/schema\/person\/image\/","url":"https:\/\/secure.gravatar.com\/avatar\/84a34d50800d0bb5d80eba504fc44ed48c9b2faab16ad58fa7d30bce4e2b661e","contentUrl":"https:\/\/secure.gravatar.com\/avatar\/84a34d50800d0bb5d80eba504fc44ed48c9b2faab16ad58fa7d30bce4e2b661e","caption":"Amurrio Bidean"},"sameAs":["http:\/\/www.amurriobidean.eus"],"url":"https:\/\/amurriobidean.org\/es\/author\/amurrio-bidean\/"}]}},"_links":{"self":[{"href":"https:\/\/amurriobidean.org\/es\/wp-json\/wp\/v2\/posts\/2022","targetHints":{"allow":["GET"]}}],"collection":[{"href":"https:\/\/amurriobidean.org\/es\/wp-json\/wp\/v2\/posts"}],"about":[{"href":"https:\/\/amurriobidean.org\/es\/wp-json\/wp\/v2\/types\/post"}],"author":[{"embeddable":true,"href":"https:\/\/amurriobidean.org\/es\/wp-json\/wp\/v2\/users\/2"}],"replies":[{"embeddable":true,"href":"https:\/\/amurriobidean.org\/es\/wp-json\/wp\/v2\/comments?post=2022"}],"version-history":[{"count":0,"href":"https:\/\/amurriobidean.org\/es\/wp-json\/wp\/v2\/posts\/2022\/revisions"}],"wp:featuredmedia":[{"embeddable":true,"href":"https:\/\/amurriobidean.org\/es\/wp-json\/wp\/v2\/media\/2019"}],"wp:attachment":[{"href":"https:\/\/amurriobidean.org\/es\/wp-json\/wp\/v2\/media?parent=2022"}],"wp:term":[{"taxonomy":"category","embeddable":true,"href":"https:\/\/amurriobidean.org\/es\/wp-json\/wp\/v2\/categories?post=2022"},{"taxonomy":"post_tag","embeddable":true,"href":"https:\/\/amurriobidean.org\/es\/wp-json\/wp\/v2\/tags?post=2022"}],"curies":[{"name":"wp","href":"https:\/\/api.w.org\/{rel}","templated":true}]}}