{"id":1922,"date":"2016-09-09T17:15:46","date_gmt":"2016-09-09T17:15:46","guid":{"rendered":"http:\/\/amurriobidean.eus\/es\/?p=1922"},"modified":"2017-03-07T17:18:22","modified_gmt":"2017-03-07T17:18:22","slug":"seis-nuevos-talleres-dirigidos-personas-emprendedoras-se-van-impartir-nuestra-comarca-septiembre-octubre","status":"publish","type":"post","link":"https:\/\/amurriobidean.org\/es\/seis-nuevos-talleres-dirigidos-personas-emprendedoras-se-van-impartir-nuestra-comarca-septiembre-octubre\/","title":{"rendered":"SEIS NUEVOS TALLERES DIRIGIDOS A PERSONAS EMPRENDEDORAS SE VAN A IMPARTIR EN NUESTRA COMARCA ENTRE SEPTIEMBRE Y OCTUBRE"},"content":{"rendered":"<p>Tras la buena acogida de ediciones anteriores y la demanda existente de este tipo de formaci\u00f3n \u201cexpress\u201d entre las personas emprendedoras se han organizado nuevamente de manera conjunta entre los municipios de la comarca seis talleres bajo la f\u00f3rmula de \u201cp\u00edldoras de emprendizaje\u201d. La iniciativa coordinada por la Cuadrilla de Ayala est\u00e1 financiada por la Fundaci\u00f3n Caja Vital Kutxa.<\/p>\n<p>Los talleres de cuatro horas de duraci\u00f3n tienen como objetivo proporcionar unos conocimientos b\u00e1sicos que sirvan de pauta para poder desarrollar un nuevo proyecto empresarial, desde la generaci\u00f3n de la idea hasta los tr\u00e1mites de puesta en marcha. Es un itinerario formativo al que se puede acudir bien para tener una visi\u00f3n global de todo el proceso de emprendizaje o bien para reforzar alg\u00fan aspecto en concreto (\u00e1rea comercial, financiera, etc). Se pretende tambi\u00e9n facilitar un lugar de encuentro din\u00e1mico en el que las personas puedan compartir experiencias, testar sus ideas, mejorarlas o incluso generar nuevas en un ambiente distendido que favorezca la colaboraci\u00f3n y el contacto con otros emprendedores\/as de la comarca.<\/p>\n<p>La asistencia a los talleres es gratuita. Las plazas son limitadas y se seguir\u00e1 el orden de inscripci\u00f3n teniendo preferencia las personas desempleadas residentes en la comarca.<\/p>\n<p>Para ampliar informaci\u00f3n e inscribirse en todos o alguno de los talleres se puede contactar con Amurrio Bidean en el tel <a href=\"tel:945891721\">945891721<\/a> o mail <a href=\"mailto:autoempleo@amurriobidean.org\">autoempleo@amurriobidean.org<\/a>.<\/p>\n<p><strong>&#8211; \u00bfTe atreves a so\u00f1ar? Evaluaci\u00f3n del potencial emprendedor<\/strong><\/p>\n<p>Fecha: 21 de septiembre<\/p>\n<p>Horario: 16.00 -20.00 h<\/p>\n<p>Lugar: Amurrio Bidean\u00b4Reforamurrio Enpresaldea, El Refor Kalea s\/n Amurrio.<\/p>\n<p>&nbsp;<\/p>\n<p><strong>&#8211; C\u00f3mo convertir una idea en una modelo de negocio<\/strong><\/p>\n<p>Fecha: 28 de septiembre<\/p>\n<p>Horario: 16.00 -20.00 h<\/p>\n<p>Lugar: Agencia Desarrollo Local Laudio, Edific. Artza-Irukurutzeta Laudio.<\/p>\n<p>&nbsp;<\/p>\n<p><strong>&#8211; Nociones b\u00e1sicas para elaborar mi plan de marketing<\/strong><\/p>\n<p>Fecha: 4 de octubre<\/p>\n<p>Horario: 16.00 -20.00 h<\/p>\n<p>Lugar: ADR Zabaia, Sal\u00f3n Multiusos Ayto. Ayala, B\u00ba La Iglesia 2, Respaldiza.<\/p>\n<p>&nbsp;<\/p>\n<p><strong>-C\u00f3mo calcular el coste y el precio de mis productos\/servicios<\/strong><\/p>\n<p>Fecha: 11 de octubre<\/p>\n<p>Horario: 16.00 -20.00 h<\/p>\n<p>Lugar: Amurrio Bidean\u00b4Reforamurrio Enpresaldea, El Refor Kalea s\/n Amurrio.<\/p>\n<p>&nbsp;<\/p>\n<p><strong>-Aspectos claves para realizar un Plan Econ\u00f3mico-Financiero<\/strong><\/p>\n<p>Fecha: 18 de octubre<\/p>\n<p>Horario: 16.00 -20.00 h<\/p>\n<p>Lugar: Agencia Desarrollo Local Laudio, Edific. Artza-Irukurutzeta Laudio.<\/p>\n<p>&nbsp;<\/p>\n<p><strong>-Tributaci\u00f3n y facturaci\u00f3n e una peque\u00f1a empresa. Lo que tengo que saber<\/strong><\/p>\n<p>Fecha: 25 de octubre<\/p>\n<p>Horario: 16.00 -20.00 h<\/p>\n<p>Lugar: ADR Zabaia, Sal\u00f3n Multiusos Ayto. Ayala, B\u00ba La Iglesia 2, Respaldiza<\/p>\n","protected":false},"excerpt":{"rendered":"<p>Tras la buena acogida de ediciones anteriores y la demanda existente de este tipo de formaci\u00f3n \u201cexpress\u201d entre las personas emprendedoras se han organizado nuevamente de manera conjunta entre los municipios de la comarca seis talleres bajo la f\u00f3rmula de \u201cp\u00edldoras de emprendizaje\u201d. La iniciativa coordinada por la Cuadrilla de Ayala est\u00e1 financiada por la [&hellip;]<\/p>\n","protected":false},"author":1,"featured_media":0,"comment_status":"closed","ping_status":"closed","sticky":false,"template":"","format":"standard","meta":{"footnotes":""},"categories":[28],"tags":[],"class_list":["post-1922","post","type-post","status-publish","format-standard","hentry","category-noticias"],"yoast_head":"<!-- This site is optimized with the Yoast SEO plugin v25.3 - https:\/\/yoast.com\/wordpress\/plugins\/seo\/ -->\n<title>SEIS NUEVOS TALLERES DIRIGIDOS A PERSONAS EMPRENDEDORAS SE VAN A IMPARTIR EN NUESTRA COMARCA ENTRE SEPTIEMBRE Y OCTUBRE - Amurrio Bidean. Garapen Agentzia - Agencia de desarrollo.<\/title>\n<meta name=\"robots\" content=\"index, follow, max-snippet:-1, max-image-preview:large, max-video-preview:-1\" \/>\n<link rel=\"canonical\" href=\"https:\/\/amurriobidean.org\/es\/seis-nuevos-talleres-dirigidos-personas-emprendedoras-se-van-impartir-nuestra-comarca-septiembre-octubre\/\" \/>\n<meta property=\"og:locale\" content=\"es_ES\" \/>\n<meta property=\"og:type\" content=\"article\" \/>\n<meta property=\"og:title\" content=\"SEIS NUEVOS TALLERES DIRIGIDOS A PERSONAS EMPRENDEDORAS SE VAN A IMPARTIR EN NUESTRA COMARCA ENTRE SEPTIEMBRE Y OCTUBRE - Amurrio Bidean. Garapen Agentzia - Agencia de desarrollo.\" \/>\n<meta property=\"og:description\" content=\"Tras la buena acogida de ediciones anteriores y la demanda existente de este tipo de formaci\u00f3n \u201cexpress\u201d entre las personas emprendedoras se han organizado nuevamente de manera conjunta entre los municipios de la comarca seis talleres bajo la f\u00f3rmula de \u201cp\u00edldoras de emprendizaje\u201d. La iniciativa coordinada por la Cuadrilla de Ayala est\u00e1 financiada por la [&hellip;]\" \/>\n<meta property=\"og:url\" content=\"https:\/\/amurriobidean.org\/es\/seis-nuevos-talleres-dirigidos-personas-emprendedoras-se-van-impartir-nuestra-comarca-septiembre-octubre\/\" \/>\n<meta property=\"og:site_name\" content=\"Amurrio Bidean. Garapen Agentzia - Agencia de desarrollo.\" \/>\n<meta property=\"article:publisher\" content=\"https:\/\/www.facebook.com\/amurrio.bidean\" \/>\n<meta property=\"article:published_time\" content=\"2016-09-09T17:15:46+00:00\" \/>\n<meta property=\"article:modified_time\" content=\"2017-03-07T17:18:22+00:00\" \/>\n<meta name=\"author\" content=\"admin\" \/>\n<meta name=\"twitter:card\" content=\"summary_large_image\" \/>\n<meta name=\"twitter:creator\" content=\"@amurriobidean\" \/>\n<meta name=\"twitter:site\" content=\"@amurriobidean\" \/>\n<meta name=\"twitter:label1\" content=\"Escrito por\" \/>\n\t<meta name=\"twitter:data1\" content=\"admin\" \/>\n\t<meta name=\"twitter:label2\" content=\"Tiempo de lectura\" \/>\n\t<meta name=\"twitter:data2\" content=\"2 minutos\" \/>\n<script type=\"application\/ld+json\" class=\"yoast-schema-graph\">{\"@context\":\"https:\/\/schema.org\",\"@graph\":[{\"@type\":\"WebPage\",\"@id\":\"https:\/\/amurriobidean.org\/es\/seis-nuevos-talleres-dirigidos-personas-emprendedoras-se-van-impartir-nuestra-comarca-septiembre-octubre\/\",\"url\":\"https:\/\/amurriobidean.org\/es\/seis-nuevos-talleres-dirigidos-personas-emprendedoras-se-van-impartir-nuestra-comarca-septiembre-octubre\/\",\"name\":\"SEIS NUEVOS TALLERES DIRIGIDOS A PERSONAS EMPRENDEDORAS SE VAN A IMPARTIR EN NUESTRA COMARCA ENTRE SEPTIEMBRE Y OCTUBRE - Amurrio Bidean. Garapen Agentzia - Agencia de desarrollo.\",\"isPartOf\":{\"@id\":\"https:\/\/amurriobidean.org\/es\/#website\"},\"datePublished\":\"2016-09-09T17:15:46+00:00\",\"dateModified\":\"2017-03-07T17:18:22+00:00\",\"author\":{\"@id\":\"https:\/\/amurriobidean.org\/es\/#\/schema\/person\/1f411608f531e1a26faeb9d30361bb83\"},\"breadcrumb\":{\"@id\":\"https:\/\/amurriobidean.org\/es\/seis-nuevos-talleres-dirigidos-personas-emprendedoras-se-van-impartir-nuestra-comarca-septiembre-octubre\/#breadcrumb\"},\"inLanguage\":\"es\",\"potentialAction\":[{\"@type\":\"ReadAction\",\"target\":[\"https:\/\/amurriobidean.org\/es\/seis-nuevos-talleres-dirigidos-personas-emprendedoras-se-van-impartir-nuestra-comarca-septiembre-octubre\/\"]}]},{\"@type\":\"BreadcrumbList\",\"@id\":\"https:\/\/amurriobidean.org\/es\/seis-nuevos-talleres-dirigidos-personas-emprendedoras-se-van-impartir-nuestra-comarca-septiembre-octubre\/#breadcrumb\",\"itemListElement\":[{\"@type\":\"ListItem\",\"position\":1,\"name\":\"Portada\",\"item\":\"https:\/\/amurriobidean.org\/es\/\"},{\"@type\":\"ListItem\",\"position\":2,\"name\":\"SEIS NUEVOS TALLERES DIRIGIDOS A PERSONAS EMPRENDEDORAS SE VAN A IMPARTIR EN NUESTRA COMARCA ENTRE SEPTIEMBRE Y OCTUBRE\"}]},{\"@type\":\"WebSite\",\"@id\":\"https:\/\/amurriobidean.org\/es\/#website\",\"url\":\"https:\/\/amurriobidean.org\/es\/\",\"name\":\"Amurrio Bidean. Garapen Agentzia - Agencia de desarrollo.\",\"description\":\"Agencia de Desarollo Local de Amurrio\",\"potentialAction\":[{\"@type\":\"SearchAction\",\"target\":{\"@type\":\"EntryPoint\",\"urlTemplate\":\"https:\/\/amurriobidean.org\/es\/?s={search_term_string}\"},\"query-input\":{\"@type\":\"PropertyValueSpecification\",\"valueRequired\":true,\"valueName\":\"search_term_string\"}}],\"inLanguage\":\"es\"},{\"@type\":\"Person\",\"@id\":\"https:\/\/amurriobidean.org\/es\/#\/schema\/person\/1f411608f531e1a26faeb9d30361bb83\",\"name\":\"admin\",\"image\":{\"@type\":\"ImageObject\",\"inLanguage\":\"es\",\"@id\":\"https:\/\/amurriobidean.org\/es\/#\/schema\/person\/image\/\",\"url\":\"https:\/\/secure.gravatar.com\/avatar\/bc6647a38890f1f4350f87b8484e0cb71368dca8c30ee1a98ce91ab0d6bd8d17\",\"contentUrl\":\"https:\/\/secure.gravatar.com\/avatar\/bc6647a38890f1f4350f87b8484e0cb71368dca8c30ee1a98ce91ab0d6bd8d17\",\"caption\":\"admin\"},\"url\":\"https:\/\/amurriobidean.org\/es\/author\/sistema\/\"}]}<\/script>\n<!-- \/ Yoast SEO plugin. -->","yoast_head_json":{"title":"SEIS NUEVOS TALLERES DIRIGIDOS A PERSONAS EMPRENDEDORAS SE VAN A IMPARTIR EN NUESTRA COMARCA ENTRE SEPTIEMBRE Y OCTUBRE - Amurrio Bidean. Garapen Agentzia - Agencia de desarrollo.","robots":{"index":"index","follow":"follow","max-snippet":"max-snippet:-1","max-image-preview":"max-image-preview:large","max-video-preview":"max-video-preview:-1"},"canonical":"https:\/\/amurriobidean.org\/es\/seis-nuevos-talleres-dirigidos-personas-emprendedoras-se-van-impartir-nuestra-comarca-septiembre-octubre\/","og_locale":"es_ES","og_type":"article","og_title":"SEIS NUEVOS TALLERES DIRIGIDOS A PERSONAS EMPRENDEDORAS SE VAN A IMPARTIR EN NUESTRA COMARCA ENTRE SEPTIEMBRE Y OCTUBRE - Amurrio Bidean. Garapen Agentzia - Agencia de desarrollo.","og_description":"Tras la buena acogida de ediciones anteriores y la demanda existente de este tipo de formaci\u00f3n \u201cexpress\u201d entre las personas emprendedoras se han organizado nuevamente de manera conjunta entre los municipios de la comarca seis talleres bajo la f\u00f3rmula de \u201cp\u00edldoras de emprendizaje\u201d. La iniciativa coordinada por la Cuadrilla de Ayala est\u00e1 financiada por la [&hellip;]","og_url":"https:\/\/amurriobidean.org\/es\/seis-nuevos-talleres-dirigidos-personas-emprendedoras-se-van-impartir-nuestra-comarca-septiembre-octubre\/","og_site_name":"Amurrio Bidean. Garapen Agentzia - Agencia de desarrollo.","article_publisher":"https:\/\/www.facebook.com\/amurrio.bidean","article_published_time":"2016-09-09T17:15:46+00:00","article_modified_time":"2017-03-07T17:18:22+00:00","author":"admin","twitter_card":"summary_large_image","twitter_creator":"@amurriobidean","twitter_site":"@amurriobidean","twitter_misc":{"Escrito por":"admin","Tiempo de lectura":"2 minutos"},"schema":{"@context":"https:\/\/schema.org","@graph":[{"@type":"WebPage","@id":"https:\/\/amurriobidean.org\/es\/seis-nuevos-talleres-dirigidos-personas-emprendedoras-se-van-impartir-nuestra-comarca-septiembre-octubre\/","url":"https:\/\/amurriobidean.org\/es\/seis-nuevos-talleres-dirigidos-personas-emprendedoras-se-van-impartir-nuestra-comarca-septiembre-octubre\/","name":"SEIS NUEVOS TALLERES DIRIGIDOS A PERSONAS EMPRENDEDORAS SE VAN A IMPARTIR EN NUESTRA COMARCA ENTRE SEPTIEMBRE Y OCTUBRE - Amurrio Bidean. Garapen Agentzia - Agencia de desarrollo.","isPartOf":{"@id":"https:\/\/amurriobidean.org\/es\/#website"},"datePublished":"2016-09-09T17:15:46+00:00","dateModified":"2017-03-07T17:18:22+00:00","author":{"@id":"https:\/\/amurriobidean.org\/es\/#\/schema\/person\/1f411608f531e1a26faeb9d30361bb83"},"breadcrumb":{"@id":"https:\/\/amurriobidean.org\/es\/seis-nuevos-talleres-dirigidos-personas-emprendedoras-se-van-impartir-nuestra-comarca-septiembre-octubre\/#breadcrumb"},"inLanguage":"es","potentialAction":[{"@type":"ReadAction","target":["https:\/\/amurriobidean.org\/es\/seis-nuevos-talleres-dirigidos-personas-emprendedoras-se-van-impartir-nuestra-comarca-septiembre-octubre\/"]}]},{"@type":"BreadcrumbList","@id":"https:\/\/amurriobidean.org\/es\/seis-nuevos-talleres-dirigidos-personas-emprendedoras-se-van-impartir-nuestra-comarca-septiembre-octubre\/#breadcrumb","itemListElement":[{"@type":"ListItem","position":1,"name":"Portada","item":"https:\/\/amurriobidean.org\/es\/"},{"@type":"ListItem","position":2,"name":"SEIS NUEVOS TALLERES DIRIGIDOS A PERSONAS EMPRENDEDORAS SE VAN A IMPARTIR EN NUESTRA COMARCA ENTRE SEPTIEMBRE Y OCTUBRE"}]},{"@type":"WebSite","@id":"https:\/\/amurriobidean.org\/es\/#website","url":"https:\/\/amurriobidean.org\/es\/","name":"Amurrio Bidean. Garapen Agentzia - Agencia de desarrollo.","description":"Agencia de Desarollo Local de Amurrio","potentialAction":[{"@type":"SearchAction","target":{"@type":"EntryPoint","urlTemplate":"https:\/\/amurriobidean.org\/es\/?s={search_term_string}"},"query-input":{"@type":"PropertyValueSpecification","valueRequired":true,"valueName":"search_term_string"}}],"inLanguage":"es"},{"@type":"Person","@id":"https:\/\/amurriobidean.org\/es\/#\/schema\/person\/1f411608f531e1a26faeb9d30361bb83","name":"admin","image":{"@type":"ImageObject","inLanguage":"es","@id":"https:\/\/amurriobidean.org\/es\/#\/schema\/person\/image\/","url":"https:\/\/secure.gravatar.com\/avatar\/bc6647a38890f1f4350f87b8484e0cb71368dca8c30ee1a98ce91ab0d6bd8d17","contentUrl":"https:\/\/secure.gravatar.com\/avatar\/bc6647a38890f1f4350f87b8484e0cb71368dca8c30ee1a98ce91ab0d6bd8d17","caption":"admin"},"url":"https:\/\/amurriobidean.org\/es\/author\/sistema\/"}]}},"_links":{"self":[{"href":"https:\/\/amurriobidean.org\/es\/wp-json\/wp\/v2\/posts\/1922","targetHints":{"allow":["GET"]}}],"collection":[{"href":"https:\/\/amurriobidean.org\/es\/wp-json\/wp\/v2\/posts"}],"about":[{"href":"https:\/\/amurriobidean.org\/es\/wp-json\/wp\/v2\/types\/post"}],"author":[{"embeddable":true,"href":"https:\/\/amurriobidean.org\/es\/wp-json\/wp\/v2\/users\/1"}],"replies":[{"embeddable":true,"href":"https:\/\/amurriobidean.org\/es\/wp-json\/wp\/v2\/comments?post=1922"}],"version-history":[{"count":0,"href":"https:\/\/amurriobidean.org\/es\/wp-json\/wp\/v2\/posts\/1922\/revisions"}],"wp:attachment":[{"href":"https:\/\/amurriobidean.org\/es\/wp-json\/wp\/v2\/media?parent=1922"}],"wp:term":[{"taxonomy":"category","embeddable":true,"href":"https:\/\/amurriobidean.org\/es\/wp-json\/wp\/v2\/categories?post=1922"},{"taxonomy":"post_tag","embeddable":true,"href":"https:\/\/amurriobidean.org\/es\/wp-json\/wp\/v2\/tags?post=1922"}],"curies":[{"name":"wp","href":"https:\/\/api.w.org\/{rel}","templated":true}]}}